{"id":66318,"date":"2025-05-01T07:04:08","date_gmt":"2025-05-01T07:04:08","guid":{"rendered":"https:\/\/www.europesays.com\/fr\/66318\/"},"modified":"2025-05-01T07:04:08","modified_gmt":"2025-05-01T07:04:08","slug":"lequipe-de-donald-trump-enjoint-pekin-de-negocier-selon-un-media-chinois","status":"publish","type":"post","link":"https:\/\/www.europesays.com\/fr\/66318\/","title":{"rendered":"l&rsquo;\u00e9quipe de Donald Trump enjoint P\u00e9kin de n\u00e9gocier, selon un m\u00e9dia chinois"},"content":{"rendered":"<p>La Chine se dit r\u00e9guli\u00e8rement ouverte \u00e0 un dialogue avec les \u00c9tats-Unis sur le commerce, mais sur la base du \u00abrespect mutuel\u00bb et pas sous la \u00abmenace\u00bb de droits de douane.<\/p>\n<p class=\"fig-paragraph\">Contrairement aux affirmations de Donald Trump, c&rsquo;est Washington, et non P\u00e9kin, qui est \u00abpress\u00e9\u00bb de\u00a0<a href=\"http:\/\/www.lefigaro.fr\/flash-eco\/droits-de-douane-une-desescalade-avec-la-chine-est-probable-selon-le-ministre-americain-des-finances-20250422\" data-fig-type=\"NewsFlash\" data-gtm-custom-categorie=\"navigation\" data-gtm-custom-action=\"crossclick\" data-gtm-custom-label=\"Contextuel\" data-gtm-event=\"customEventSPE\" data-fig-domain=\"LEFIGARO\" target=\"_blank\" rel=\"noopener\">n\u00e9gocier sur les droits de douane<\/a>, l&rsquo;administration am\u00e9ricaine ayant \u00abpris l&rsquo;initiative\u00bb de nombreux contacts bilat\u00e9raux, assure jeudi un m\u00e9dia officiel chinois. Les deux premi\u00e8res puissances \u00e9conomiques mondiales sont depuis plusieurs semaines engag\u00e9es\u00a0<a href=\"http:\/\/www.lefigaro.fr\/international\/droits-de-douane-la-chine-affirme-que-xi-et-trump-n-ont-pas-eu-de-conversation-telephonique-recemment-20250428\" data-fig-type=\"NewsFlash\" data-gtm-custom-categorie=\"navigation\" data-gtm-custom-action=\"crossclick\" data-gtm-custom-label=\"Contextuel\" data-gtm-event=\"customEventSPE\" data-fig-domain=\"LEFIGARO\" target=\"_blank\" rel=\"noopener\">dans une guerre commerciale, d\u00e9clench\u00e9e par le pr\u00e9sident am\u00e9ricain<\/a>.<\/p>\n<p class=\"fig-paragraph\">Donald Trump a impos\u00e9\u00a0<a href=\"http:\/\/www.lefigaro.fr\/international\/guerre-commerciale-le-ministre-chinois-des-affaires-etrangeres-fustige-un-extreme-egoisme-des-droits-de-douane-20250426\" data-fig-type=\"NewsFlash\" data-gtm-custom-categorie=\"navigation\" data-gtm-custom-action=\"crossclick\" data-gtm-custom-label=\"Contextuel\" data-gtm-event=\"customEventSPE\" data-fig-domain=\"LEFIGARO\" target=\"_blank\" rel=\"noopener\">des droits de douane<\/a>\u00a0de 145% sur la majorit\u00e9 des produits chinois entrant sur le territoire am\u00e9ricain.\u00a0<a href=\"http:\/\/www.lefigaro.fr\/international\/l-amerique-n-est-qu-un-tigre-de-papier-face-a-trump-la-chine-ravive-mao-pour-mener-une-guerre-d-usure-20250425\" data-fig-type=\"Article\" data-gtm-custom-categorie=\"navigation\" data-gtm-custom-action=\"crossclick\" data-gtm-custom-label=\"Contextuel\" data-gtm-event=\"customEventSPE\" data-fig-domain=\"LEFIGARO\" target=\"_blank\" rel=\"noopener\">Le g\u00e9ant asiatique a ripost\u00e9<\/a>\u00a0en mettant en place ses propres surtaxes douani\u00e8res de 125% sur les produits am\u00e9ricains. \u00abDepuis un moment, les \u00c9tats-Unis ont, par divers canaux, pris l&rsquo;initiative de contacter la Chine, esp\u00e9rant entamer des n\u00e9gociations sur la question des droits de douane\u00bb, affirme Yuyuan Tantian, un r\u00e9seau social affili\u00e9 \u00e0 la t\u00e9l\u00e9vision \u00e9tatique CCTV et qui cite des sources proches du dossier.<\/p>\n<p>\u00abPression \u00e9conomique et de l\u2019opinion publique\u00bb aux \u00c9tats-Unis<\/p>\n<p class=\"fig-paragraph\">\u00abEn mati\u00e8re de n\u00e9gociations, les \u00c9tats-Unis sont incontestablement la partie la plus press\u00e9e. Car l&rsquo;administration Trump fait actuellement face \u00e0 de multiples pressions. La pression \u00e9conomique, mais aussi la pression de l&rsquo;opinion publique\u00bb, note-t-il. Le pr\u00e9sident am\u00e9ricain a plusieurs fois laiss\u00e9 entendre que\u00a0<a href=\"http:\/\/www.lefigaro.fr\/automobile\/en-voiture-n04-la-chine-protege-ses-technologies-20250430\" data-fig-type=\"Article\" data-gtm-custom-categorie=\"navigation\" data-gtm-custom-action=\"crossclick\" data-gtm-custom-label=\"Contextuel\" data-gtm-event=\"customEventSPE\" data-fig-domain=\"LEFIGARO\" target=\"_blank\" rel=\"noopener\">la Chine<\/a>\u00a0avait contact\u00e9 les \u00c9tats-Unis pour mener des discussions sur les droits de douane. Des affirmations fermement d\u00e9menties par P\u00e9kin.<\/p>\n<p class=\"fig-paragraph\">\u00abEn l&rsquo;absence d&rsquo;actions concr\u00e8tes de la part des \u00c9tats-Unis, la Chine n&rsquo;a aucune raison d&rsquo;engager des discussions avec la partie am\u00e9ricaine\u00bb, souligne Yuyuan Tantian. La Chine se dit r\u00e9guli\u00e8rement ouverte \u00e0 un dialogue avec les \u00c9tats-Unis sur le commerce, mais sur la base du \u00abrespect mutuel\u00bb et pas sous la \u00abmenace\u00bb de droits de douane.<\/p>\n<p class=\"fig-paragraph\">Donald Trump a de nouveau affirm\u00e9 mercredi qu&rsquo;il y a \u00abde tr\u00e8s fortes chances\u00bb que P\u00e9kin et Washington parviennent \u00e0 un accord. \u00abMais ce sera \u00e0 nos conditions, et il devra \u00eatre \u00e9quitable\u00bb, a-t-il d\u00e9clar\u00e9 \u00e0 la cha\u00eene de t\u00e9l\u00e9vision am\u00e9ricaine NewsNation.<\/p>\n<p class=\"fig-paragraph\">Sollicit\u00e9 par l&rsquo;AFP afin de confirmer les affirmations de Yuyuan Tantian, le minist\u00e8re chinois des Affaires \u00e9trang\u00e8res n&rsquo;a pas r\u00e9pondu dans l&rsquo;imm\u00e9diat. P\u00e9kin promet r\u00e9guli\u00e8rement de mener la guerre commerciale \u00abjusqu&rsquo;au bout\u00bb si Washington poursuit ses mesures douani\u00e8res. Le minist\u00e8re chinois des Affaires \u00e9trang\u00e8res a par ailleurs publi\u00e9 cette semaine une vid\u00e9o promettant que le pays \u00abne s&rsquo;agenouillera pas\u00bb.<\/p>\n","protected":false},"excerpt":{"rendered":"La Chine se dit r\u00e9guli\u00e8rement ouverte \u00e0 un dialogue avec les \u00c9tats-Unis sur le commerce, mais sur la&hellip;\n","protected":false},"author":2,"featured_media":66319,"comment_status":"","ping_status":"","sticky":false,"template":"","format":"standard","meta":{"footnotes":""},"categories":[5],"tags":[1111,47,11,1117,1109,309,1112,636,341,257,73,632,1108,107,1106,1107,1119,1011,27,1074,1116,1110,1114,14,500,12,1113,1118,137,401,1115,28],"class_list":{"0":"post-66318","1":"post","2":"type-post","3":"status-publish","4":"format-standard","5":"has-post-thumbnail","7":"category-international","8":"tag-actu","9":"tag-actualite","10":"tag-actualites","11":"tag-assurance","12":"tag-breves","13":"tag-chine","14":"tag-depeches","15":"tag-devises","16":"tag-emploi","17":"tag-entreprise","18":"tag-etats-unis","19":"tag-fcp","20":"tag-fil","21":"tag-fil-info","22":"tag-flash","23":"tag-flash-actu","24":"tag-formation","25":"tag-fr","26":"tag-france","27":"tag-guerre-commerciale","28":"tag-immobilier","29":"tag-informations","30":"tag-infos","31":"tag-international","32":"tag-medias","33":"tag-news","34":"tag-nouvelles","35":"tag-placement","36":"tag-retraite","37":"tag-sicav","38":"tag-taux","39":"tag-world"},"share_on_mastodon":{"url":"","error":""},"_links":{"self":[{"href":"https:\/\/www.europesays.com\/fr\/wp-json\/wp\/v2\/posts\/66318","targetHints":{"allow":["GET"]}}],"collection":[{"href":"https:\/\/www.europesays.com\/fr\/wp-json\/wp\/v2\/posts"}],"about":[{"href":"https:\/\/www.europesays.com\/fr\/wp-json\/wp\/v2\/types\/post"}],"author":[{"embeddable":true,"href":"https:\/\/www.europesays.com\/fr\/wp-json\/wp\/v2\/users\/2"}],"replies":[{"embeddable":true,"href":"https:\/\/www.europesays.com\/fr\/wp-json\/wp\/v2\/comments?post=66318"}],"version-history":[{"count":0,"href":"https:\/\/www.europesays.com\/fr\/wp-json\/wp\/v2\/posts\/66318\/revisions"}],"wp:featuredmedia":[{"embeddable":true,"href":"https:\/\/www.europesays.com\/fr\/wp-json\/wp\/v2\/media\/66319"}],"wp:attachment":[{"href":"https:\/\/www.europesays.com\/fr\/wp-json\/wp\/v2\/media?parent=66318"}],"wp:term":[{"taxonomy":"category","embeddable":true,"href":"https:\/\/www.europesays.com\/fr\/wp-json\/wp\/v2\/categories?post=66318"},{"taxonomy":"post_tag","embeddable":true,"href":"https:\/\/www.europesays.com\/fr\/wp-json\/wp\/v2\/tags?post=66318"}],"curies":[{"name":"wp","href":"https:\/\/api.w.org\/{rel}","templated":true}]}}