{"id":663180,"date":"2026-01-14T15:13:09","date_gmt":"2026-01-14T15:13:09","guid":{"rendered":"https:\/\/www.europesays.com\/fr\/663180\/"},"modified":"2026-01-14T15:13:09","modified_gmt":"2026-01-14T15:13:09","slug":"le-teaser-de-le-reveil-de-la-momie-rend-un-hommage-soigne-a-un-chef-doeuvre-de-lhorreur","status":"publish","type":"post","link":"https:\/\/www.europesays.com\/fr\/663180\/","title":{"rendered":"Le teaser de Le R\u00e9veil de la Momie rend un hommage soign\u00e9 \u00e0 un chef-d&rsquo;\u0153uvre de l\u2019horreur"},"content":{"rendered":"<p class=\"chapo\">Le teaser du film \u00ab The Mummy \u00bb pr\u00e9vu pour 2026 attire l\u2019attention des amateurs de cin\u00e9ma en rendant un hommage remarqu\u00e9 \u00e0 une \u0153uvre culte du genre horrifique, suscitant d\u00e9j\u00e0 curiosit\u00e9 et attentes autour de cette future sortie.<\/p>\n<p>Tl;dr<\/p>\n<ul>\n<li>Le reboot s\u2019oriente vers un vrai film d\u2019horreur.<\/li>\n<li>La Momie devient une enfant disparue, nomm\u00e9e Katie.<\/li>\n<li>Sortie pr\u00e9vue en salles le 17 avril 2026.<\/li>\n<\/ul>\n<p>Un retour aux sources pour \u00ab La Momie \u00bb<\/p>\n<p>La franchise <a href=\"https:\/\/www.begeek.fr\/brendan-fraser-explique-le-passage-de-la-saga-la-momie-degypte-a-la-chine-424566\" target=\"_blank\" rel=\"noopener\"><strong>La Momie<\/strong><\/a>, maintes fois revisit\u00e9e depuis les ann\u00e9es 90, semble bien d\u00e9cid\u00e9e \u00e0 renouer avec ses racines les plus sombres. Alors qu\u2019on se souvient de l\u2019ambiance grand spectacle port\u00e9e par Brendan Fraser ou des tentatives de blockbuster avec Tom Cruise, le nouveau projet men\u00e9 par Lee Cronin et la soci\u00e9t\u00e9 Blumhouse tranche radicalement avec ce pass\u00e9. D\u2019apr\u00e8s un premier teaser intriguant, le film promet d\u2019explorer pleinement la veine de l\u2019<strong>horreur pure<\/strong>, loin des codes de l\u2019aventure.<\/p>\n<p>Une Momie inspir\u00e9e par les classiques du genre<\/p>\n<p>Ce qui frappe d\u00e8s les premi\u00e8res images, c\u2019est la filiation assum\u00e9e avec des \u0153uvres embl\u00e9matiques comme <strong>The Texas Chain Saw Massacre<\/strong>. La bande-annonce s\u2019inspire ouvertement de la mise en sc\u00e8ne sinistre de ce film culte r\u00e9alis\u00e9 par Tobe Hooper, entre jeux d\u2019ombres, bruitages industriels inqui\u00e9tants et clich\u00e9s photographiques d\u00e9voilant le corps en d\u00e9composition de la Momie. L\u2019atmosph\u00e8re n\u2019a donc plus rien du divertissement familial : on glisse vers une tension palpable, o\u00f9 chaque d\u00e9tail semble pens\u00e9 pour susciter l\u2019angoisse.<\/p>\n<\/p>\n<p>Cronin r\u00e9invente la cr\u00e9ature : une \u00ab Momie \u00bb in\u00e9dite<\/p>\n<p>L\u2019un des choix forts de ce reboot r\u00e9side dans le personnage central. Oubliez le pharaon ou la princesse maudite : cette fois, la \u00ab Momie \u00bb porte le visage d\u2019une fillette nomm\u00e9e <strong>Katie<\/strong>. Disparue myst\u00e9rieusement avant de revenir aupr\u00e8s des siens, elle revient m\u00e9tamorphos\u00e9e\u2026 mais la nature exacte du mal qui l\u2019habite reste soigneusement gard\u00e9e secr\u00e8te. \u00c0 cet \u00e9gard, selon les propos du r\u00e9alisateur recueillis par le m\u00e9dia am\u00e9ricain The Hollywood Reporter\u00a0: \u00ab\u00a0This will be unlike any \u2018Mummy\u2019 movie you ever laid eyeballs on before. I\u2019m digging deep into the earth to raise something very ancient and very frightening. \u00bb<\/p>\n<p>Pour celles et ceux qui appr\u00e9cient les approches innovantes du genre horrifique, ce projet suscite d\u00e9j\u00e0 un certain frisson d\u2019attente. Les amateurs peuvent s\u2019attendre \u00e0\u00a0:<\/p>\n<ul>\n<li>Un ton r\u00e9solument sombre et anxiog\u00e8ne.<\/li>\n<li>Une relecture totale du mythe de la Momie.<\/li>\n<li>L\u2019univers visuel singulier de Lee Cronin, d\u00e9j\u00e0 remarqu\u00e9 avec \u00ab Evil Dead Rise \u00bb.<\/li>\n<\/ul>\n<p>Date \u00e0 retenir et attentes autour du film<\/p>\n<p>Port\u00e9 par l\u2019exp\u00e9rience conjointe de <a href=\"https:\/\/www.begeek.fr\/netflix-a-pave-la-voie-pour-le-nouveau-film-dhorreur-de-blumhouse-413059\" target=\"_blank\" rel=\"noopener\">Blumhouse<\/a> et de New Line Cinema, \u00ab Le Retour de la Momie \u00bb sera d\u00e9voil\u00e9 dans les salles obscures \u00e0 compter du <strong>17 avril 2026<\/strong>. Si peu d\u2019informations filtrent encore sur son intrigue pr\u00e9cise, tout indique que ce nouvel opus veut marquer un tournant : offrir aux spectateurs une \u0153uvre terrifiante autant qu\u2019originale. Reste \u00e0 savoir si le pari sera relev\u00e9\u2026<\/p>\n","protected":false},"excerpt":{"rendered":"Le teaser du film \u00ab The Mummy \u00bb pr\u00e9vu pour 2026 attire l\u2019attention des amateurs de cin\u00e9ma en&hellip;\n","protected":false},"author":2,"featured_media":663181,"comment_status":"","ping_status":"","sticky":false,"template":"","format":"standard","meta":{"footnotes":""},"categories":[1354],"tags":[58,59,1346,1011,27,1360],"class_list":{"0":"post-663180","1":"post","2":"type-post","3":"status-publish","4":"format-standard","5":"has-post-thumbnail","7":"category-films","8":"tag-divertissement","9":"tag-entertainment","10":"tag-films","11":"tag-fr","12":"tag-france","13":"tag-movies"},"share_on_mastodon":{"url":"https:\/\/pubeurope.com\/@fr\/115894105166405215","error":""},"_links":{"self":[{"href":"https:\/\/www.europesays.com\/fr\/wp-json\/wp\/v2\/posts\/663180","targetHints":{"allow":["GET"]}}],"collection":[{"href":"https:\/\/www.europesays.com\/fr\/wp-json\/wp\/v2\/posts"}],"about":[{"href":"https:\/\/www.europesays.com\/fr\/wp-json\/wp\/v2\/types\/post"}],"author":[{"embeddable":true,"href":"https:\/\/www.europesays.com\/fr\/wp-json\/wp\/v2\/users\/2"}],"replies":[{"embeddable":true,"href":"https:\/\/www.europesays.com\/fr\/wp-json\/wp\/v2\/comments?post=663180"}],"version-history":[{"count":0,"href":"https:\/\/www.europesays.com\/fr\/wp-json\/wp\/v2\/posts\/663180\/revisions"}],"wp:featuredmedia":[{"embeddable":true,"href":"https:\/\/www.europesays.com\/fr\/wp-json\/wp\/v2\/media\/663181"}],"wp:attachment":[{"href":"https:\/\/www.europesays.com\/fr\/wp-json\/wp\/v2\/media?parent=663180"}],"wp:term":[{"taxonomy":"category","embeddable":true,"href":"https:\/\/www.europesays.com\/fr\/wp-json\/wp\/v2\/categories?post=663180"},{"taxonomy":"post_tag","embeddable":true,"href":"https:\/\/www.europesays.com\/fr\/wp-json\/wp\/v2\/tags?post=663180"}],"curies":[{"name":"wp","href":"https:\/\/api.w.org\/{rel}","templated":true}]}}