{"id":663186,"date":"2026-01-14T15:16:10","date_gmt":"2026-01-14T15:16:10","guid":{"rendered":"https:\/\/www.europesays.com\/fr\/663186\/"},"modified":"2026-01-14T15:16:10","modified_gmt":"2026-01-14T15:16:10","slug":"jean-marc-morandini-definitivement-condamne-pour-corruption-de-mineurs-par-la-cour-de-cassation","status":"publish","type":"post","link":"https:\/\/www.europesays.com\/fr\/663186\/","title":{"rendered":"Jean-Marc Morandini d\u00e9finitivement condamn\u00e9 pour corruption de mineurs par la Cour de cassation"},"content":{"rendered":"<p>L&rsquo;animateur de t\u00e9l\u00e9vision de 60 ans a \u00e9t\u00e9 d\u00e9finitivement condamn\u00e9 ce mercredi 14 janvier par la Cour de cassation pour corruption de mineurs concernant des messages de nature sexuelle envoy\u00e9s \u00e0 trois adolescents entre 2009 et 2016.<\/p>\n<p>La Cour de cassation a rendu d\u00e9finitive, ce mercredi 14 janvier, la <a href=\"https:\/\/www.bfmtv.com\/police-justice\/jean-marc-morandini-l-animateur-condamne-en-appel-a-deux-ans-de-prison-avec-sursis-pour-corruption-de-mineurs_AD-202503210346.html\" title=\"Jean-Marc Morandini: l&#039;animateur condamn\u00e9 en appel \u00e0 deux ans de prison avec sursis pour corruption de mineurs\" class=\"internal_link\" target=\"_blank\" rel=\"noopener\">condamnation de Jean-Marc Morandini<\/a> pour corruption de mineurs pour des messages de nature sexuelle envoy\u00e9s \u00e0 trois adolescents entre 2009 et 2016, en n&rsquo;admettant pas le pourvoi de l&rsquo;animateur, selon un arr\u00eat consult\u00e9 par l&rsquo;AFP et BFMTV.<\/p>\n<p>\u00ab\u00a0Apr\u00e8s avoir examin\u00e9 tant la recevabilit\u00e9 du recours que les pi\u00e8ces de proc\u00e9dure, la Cour de cassation constate qu&rsquo;il n&rsquo;existe, en l&rsquo;esp\u00e8ce, aucun moyen de nature \u00e0 permettre l&rsquo;admission du pourvoi\u00a0\u00bb, indique l&rsquo;arr\u00eat, la Cour d\u00e9clare donc \u00ab\u00a0le pourvoi non admis\u00a0\u00bb.<\/p>\n<p>L&rsquo;animateur de t\u00e9l\u00e9vision de 60 ans, qui officie actuellement sur la cha\u00eene CNews, avait vu sa peine \u00eatre alourdie le 21 mars dernier lors de son second proc\u00e8s.<\/p>\n<p>La cour d&rsquo;appel de Paris avait prononc\u00e9 contre lui une peine de deux ans de prison avec sursis et 20.000 euros d&rsquo;amende. La justice avait en outre prononc\u00e9 contre lui une interdiction d\u00e9finitive d&rsquo;exercer une profession en contact avec des mineurs et confirm\u00e9 son inscription au fichier des auteurs d&rsquo;infractions sexuelles.<\/p>\n<p><img decoding=\"async\" src=\"https:\/\/www.europesays.com\/fr\/wp-content\/uploads\/2025\/09\/principale-260_4.jpg\"  alt=\"Story 2 : Harc\u00e8lement sexuel, six mois de prison avec sursis requis contre Morandini \u2013 14\/06\" title=\"Story 2 : Harc\u00e8lement sexuel, six mois de prison avec sursis requis contre Morandini \u2013 14\/06\"\/>Story 2 : Harc\u00e8lement sexuel, six mois de prison avec sursis requis contre Morandini \u2013 14\/06<\/p>\n<p>Dans cette affaire, il lui \u00e9tait reproch\u00e9 d&rsquo;avoir envoy\u00e9 des messages \u00e0 deux jeunes de 15 ans, en 2013 et 2015-2016, qui consistaient pour l&rsquo;un \u00e0 \u00e9voquer des sc\u00e9narios sexuels et, pour le second, \u00e0 lui demander d&rsquo;envoyer une photo de lui d\u00e9nud\u00e9. L&rsquo;animateur avait aussi demand\u00e9 en 2009 \u00e0 un adolescent de 16 ans de se d\u00e9nuder et de se masturber lors d&rsquo;une audition pour le remake d&rsquo;un film qui n&rsquo;a jamais vu le jour.<\/p>\n<p>Un autre arr\u00eat de cassation attendu<\/p>\n<p>Cette figure du paysage audiovisuel fran\u00e7ais a \u00e9galement \u00e9t\u00e9 condamn\u00e9e en appel en janvier 2025 \u00e0 18 mois de prison avec sursis pour harc\u00e8lement sexuel \u00e0 l&rsquo;encontre d&rsquo;un jeune com\u00e9dien, six mois de plus que la peine prononc\u00e9e en premi\u00e8re instance.<\/p>\n<p>Dans ce dossier, il \u00e9tait poursuivi pour avoir encourag\u00e9 entre juin et septembre 2015 des com\u00e9diens, \u00e2g\u00e9s de 19 \u00e0 26 ans au moment des faits, \u00e0 s&rsquo;exhiber nus pour les castings d&rsquo;une web-s\u00e9rie intitul\u00e9e \u00ab\u00a0Les Faucons\u00a0\u00bb, dont il \u00e9tait le producteur.<\/p>\n<p>Dans cette autre proc\u00e9dure, l&rsquo;animateur a l\u00e0 aussi d\u00e9pos\u00e9 un pourvoi en cassation, qui n&rsquo;a pas encore \u00e9t\u00e9 examin\u00e9.<\/p>\n","protected":false},"excerpt":{"rendered":"L&rsquo;animateur de t\u00e9l\u00e9vision de 60 ans a \u00e9t\u00e9 d\u00e9finitivement condamn\u00e9 ce mercredi 14 janvier par la Cour de&hellip;\n","protected":false},"author":2,"featured_media":663187,"comment_status":"","ping_status":"","sticky":false,"template":"","format":"standard","meta":{"footnotes":""},"categories":[8],"tags":[58,59,1011,27],"class_list":{"0":"post-663186","1":"post","2":"type-post","3":"status-publish","4":"format-standard","5":"has-post-thumbnail","7":"category-divertissement","8":"tag-divertissement","9":"tag-entertainment","10":"tag-fr","11":"tag-france"},"share_on_mastodon":{"url":"https:\/\/pubeurope.com\/@fr\/115894117230881087","error":""},"_links":{"self":[{"href":"https:\/\/www.europesays.com\/fr\/wp-json\/wp\/v2\/posts\/663186","targetHints":{"allow":["GET"]}}],"collection":[{"href":"https:\/\/www.europesays.com\/fr\/wp-json\/wp\/v2\/posts"}],"about":[{"href":"https:\/\/www.europesays.com\/fr\/wp-json\/wp\/v2\/types\/post"}],"author":[{"embeddable":true,"href":"https:\/\/www.europesays.com\/fr\/wp-json\/wp\/v2\/users\/2"}],"replies":[{"embeddable":true,"href":"https:\/\/www.europesays.com\/fr\/wp-json\/wp\/v2\/comments?post=663186"}],"version-history":[{"count":0,"href":"https:\/\/www.europesays.com\/fr\/wp-json\/wp\/v2\/posts\/663186\/revisions"}],"wp:featuredmedia":[{"embeddable":true,"href":"https:\/\/www.europesays.com\/fr\/wp-json\/wp\/v2\/media\/663187"}],"wp:attachment":[{"href":"https:\/\/www.europesays.com\/fr\/wp-json\/wp\/v2\/media?parent=663186"}],"wp:term":[{"taxonomy":"category","embeddable":true,"href":"https:\/\/www.europesays.com\/fr\/wp-json\/wp\/v2\/categories?post=663186"},{"taxonomy":"post_tag","embeddable":true,"href":"https:\/\/www.europesays.com\/fr\/wp-json\/wp\/v2\/tags?post=663186"}],"curies":[{"name":"wp","href":"https:\/\/api.w.org\/{rel}","templated":true}]}}