{"id":66320,"date":"2025-05-01T07:05:09","date_gmt":"2025-05-01T07:05:09","guid":{"rendered":"https:\/\/www.europesays.com\/fr\/66320\/"},"modified":"2025-05-01T07:05:09","modified_gmt":"2025-05-01T07:05:09","slug":"ou-votre-chien-risque-t-il-dattraper-des-tiques-en-2025-la-carte-des-nouvelles-zones-a-risque","status":"publish","type":"post","link":"https:\/\/www.europesays.com\/fr\/66320\/","title":{"rendered":"O\u00f9 votre chien risque-t-il d&rsquo;attraper des tiques en 2025 ? La carte des nouvelles zones \u00e0 risque"},"content":{"rendered":"<p>\t\t\t\t\t Pourquoi les tiques gagnent-elles du terrain en 2025 ?<\/p>\n<p class=\"\" data-start=\"700\" data-end=\"997\">Le r\u00e9chauffement climatique, l&rsquo;\u00e9volution des \u00e9cosyst\u00e8mes et la diminution de certains pr\u00e9dateurs naturels favorisent la prolif\u00e9ration des tiques. Selon les derni\u00e8res \u00e9tudes v\u00e9t\u00e9rinaires parues en mars 2025, <strong data-start=\"907\" data-end=\"996\">des d\u00e9partements auparavant \u00e9pargn\u00e9s enregistrent aujourd\u2019hui une forte recrudescence<\/strong>.<\/p>\n<p class=\"\" data-start=\"999\" data-end=\"1195\">Par ailleurs, la tique la plus r\u00e9pandue, <strong data-start=\"1040\" data-end=\"1058\">Ixodes ricinus<\/strong>, vecteur de nombreuses maladies, est d\u00e9sormais active plus t\u00f4t au printemps et plus tard en automne, augmentant la p\u00e9riode d\u2019exposition.<\/p>\n<p> Quelles maladies votre chien risque-t-il ?<\/p>\n<p class=\"\" data-start=\"1244\" data-end=\"1324\">Les tiques peuvent transmettre plusieurs maladies dangereuses pour votre chien :<\/p>\n<ul data-start=\"1326\" data-end=\"1648\">\n<li data-start=\"1326\" data-end=\"1410\"><strong data-start=\"1328\" data-end=\"1347\">La piroplasmose<\/strong> : destruction des globules rouges, urgence v\u00e9t\u00e9rinaire vitale.<\/li>\n<li data-start=\"1326\" data-end=\"1410\"><strong data-start=\"1413\" data-end=\"1435\">La maladie de Lyme<\/strong> : douleurs articulaires, fi\u00e8vre, atteinte cardiaque possible.<\/li>\n<li data-start=\"1326\" data-end=\"1410\"><strong data-start=\"1500\" data-end=\"1517\">L\u2019ehrlichiose<\/strong> : troubles de la coagulation, fi\u00e8vre, amaigrissement.<\/li>\n<li data-start=\"1326\" data-end=\"1410\"><strong data-start=\"1574\" data-end=\"1591\">L\u2019anaplasmose<\/strong> : infection bact\u00e9rienne touchant le syst\u00e8me immunitaire.<\/li>\n<\/ul>\n<p class=\"\" data-start=\"1650\" data-end=\"1764\"><strong data-start=\"1650\" data-end=\"1708\">Une seule morsure peut suffire \u00e0 infecter votre animal<\/strong>, m\u00eame si la tique n\u2019est pas rest\u00e9e accroch\u00e9e longtemps.<\/p>\n<p> Carte des nouvelles zones \u00e0 risque en 2025<\/p>\n<p class=\"\" data-start=\"1813\" data-end=\"2005\">D\u2019apr\u00e8s les derni\u00e8res donn\u00e9es publi\u00e9es par l&rsquo;Association pour l&rsquo;\u00c9tude de l&rsquo;\u00c9pid\u00e9miologie des Maladies Animales (AEEMA) en avril 2025, voici les zones fran\u00e7aises o\u00f9 <strong data-start=\"1967\" data-end=\"2003\">la vigilance doit \u00eatre renforc\u00e9e<\/strong> :<\/p>\n<tr data-start=\"2007\" data-end=\"2094\">\nR\u00e9gion \/ D\u00e9partement<br \/>\nSituation en 2024<br \/>\nSituation en 2025<br \/>\n<\/tr>\n<tr data-start=\"2185\" data-end=\"2276\">\n<td class=\"max-w-[calc(var(--thread-content-max-width)*2\/3)]\" data-start=\"2185\" data-end=\"2224\">Bretagne (Ille-et-Vilaine, Morbihan)<\/td>\n<td class=\"max-w-[calc(var(--thread-content-max-width)*2\/3)]\" data-start=\"2224\" data-end=\"2243\">Risque faible<\/td>\n<td class=\"max-w-[calc(var(--thread-content-max-width)*2\/3)]\" data-start=\"2243\" data-end=\"2276\">Risque moyen<\/td>\n<\/tr>\n<tr data-start=\"2277\" data-end=\"2367\">\n<td class=\"max-w-[calc(var(--thread-content-max-width)*2\/3)]\" data-start=\"2277\" data-end=\"2315\">Pays de la Loire (Loire-Atlantique)<\/td>\n<td class=\"max-w-[calc(var(--thread-content-max-width)*2\/3)]\" data-start=\"2315\" data-end=\"2334\">Risque faible<\/td>\n<td class=\"max-w-[calc(var(--thread-content-max-width)*2\/3)]\" data-start=\"2334\" data-end=\"2367\">Risque \u00e9lev\u00e9<\/td>\n<\/tr>\n<tr data-start=\"2368\" data-end=\"2458\">\n<td class=\"max-w-[calc(var(--thread-content-max-width)*2\/3)]\" data-start=\"2368\" data-end=\"2406\">Centre-Val de Loire (Indre, Cher)<\/td>\n<td class=\"max-w-[calc(var(--thread-content-max-width)*2\/3)]\" data-start=\"2406\" data-end=\"2425\">Risque moyen<\/td>\n<td class=\"max-w-[calc(var(--thread-content-max-width)*2\/3)]\" data-start=\"2425\" data-end=\"2458\">Risque \u00e9lev\u00e9<\/td>\n<\/tr>\n<tr data-start=\"2459\" data-end=\"2548\">\n<td class=\"max-w-[calc(var(--thread-content-max-width)*2\/3)]\" data-start=\"2459\" data-end=\"2496\">Normandie (Calvados, Orne)<\/td>\n<td class=\"max-w-[calc(var(--thread-content-max-width)*2\/3)]\" data-start=\"2496\" data-end=\"2515\">Risque faible<\/td>\n<td class=\"max-w-[calc(var(--thread-content-max-width)*2\/3)]\" data-start=\"2515\" data-end=\"2548\">Risque moyen<\/td>\n<\/tr>\n<tr data-start=\"2549\" data-end=\"2640\">\n<td class=\"max-w-[calc(var(--thread-content-max-width)*2\/3)]\" data-start=\"2549\" data-end=\"2592\">\u00cele-de-France (Seine-et-Marne, Yvelines)<\/td>\n<td class=\"max-w-[calc(var(--thread-content-max-width)*2\/3)]\" data-start=\"2592\" data-end=\"2607\">Risque moyen<\/td>\n<td class=\"max-w-[calc(var(--thread-content-max-width)*2\/3)]\" data-start=\"2607\" data-end=\"2640\">Risque \u00e9lev\u00e9<\/td>\n<\/tr>\n<tr data-start=\"2641\" data-end=\"2732\">\n<td class=\"max-w-[calc(var(--thread-content-max-width)*2\/3)]\" data-start=\"2641\" data-end=\"2680\">Nouvelle-Aquitaine (Landes, Gironde)<\/td>\n<td class=\"max-w-[calc(var(--thread-content-max-width)*2\/3)]\" data-start=\"2680\" data-end=\"2698\">Risque \u00e9lev\u00e9<\/td>\n<td class=\"max-w-[calc(var(--thread-content-max-width)*2\/3)]\" data-start=\"2698\" data-end=\"2732\">Risque tr\u00e8s \u00e9lev\u00e9<\/td>\n<\/tr>\n<tr data-start=\"2733\" data-end=\"2823\">\n<td class=\"max-w-[calc(var(--thread-content-max-width)*2\/3)]\" data-start=\"2733\" data-end=\"2773\">Auvergne-Rh\u00f4ne-Alpes (Cantal, Allier)<\/td>\n<td class=\"max-w-[calc(var(--thread-content-max-width)*2\/3)]\" data-start=\"2773\" data-end=\"2790\">Risque faible<\/td>\n<td class=\"max-w-[calc(var(--thread-content-max-width)*2\/3)]\" data-start=\"2790\" data-end=\"2823\">Risque moyen<\/td>\n<\/tr>\n<p>\u00c0 noter :<\/p>\n<p> Les zones bois\u00e9es humides, les lisi\u00e8res de for\u00eat et les hautes herbes restent les environnements les plus propices \u00e0 la pr\u00e9sence des tiques.\n<\/p>\n<p> Comment prot\u00e9ger efficacement votre chien contre les tiques ?<\/p>\n<p class=\"\" data-start=\"3047\" data-end=\"3171\">Face \u00e0 l\u2019extension des zones \u00e0 risque, <strong data-start=\"3086\" data-end=\"3137\">une protection rigoureuse devient indispensable<\/strong>. Voici les mesures recommand\u00e9es :<\/p>\n<ul data-start=\"3173\" data-end=\"3617\">\n<li data-start=\"3173\" data-end=\"3273\"><strong data-start=\"3175\" data-end=\"3213\">Utiliser un antiparasitaire adapt\u00e9<\/strong> : collier, pipette ou comprim\u00e9 prescrit par le v\u00e9t\u00e9rinaire.<\/li>\n<li data-start=\"3173\" data-end=\"3273\"><strong data-start=\"3276\" data-end=\"3324\">Inspecter votre chien apr\u00e8s chaque promenade<\/strong> : notamment les oreilles, les aisselles, l\u2019int\u00e9rieur des cuisses, le cou et entre les doigts.<\/li>\n<li data-start=\"3173\" data-end=\"3273\"><strong data-start=\"3421\" data-end=\"3449\">\u00c9viter les hautes herbes<\/strong> : privil\u00e9gier les chemins d\u00e9gag\u00e9s lors des balades.<\/li>\n<li data-start=\"3173\" data-end=\"3273\"><strong data-start=\"3504\" data-end=\"3530\">Vacciner si n\u00e9cessaire<\/strong> : certains v\u00e9t\u00e9rinaires proposent d\u00e9sormais une vaccination contre la maladie de Lyme.<\/li>\n<\/ul>\n<p>Important :<\/p>\n<p> Retirer une tique doit se faire avec un tire-tique adapt\u00e9. Il ne faut <strong>jamais tirer brutalement<\/strong> ni utiliser d\u2019alcool ou d\u2019\u00e9ther, car cela augmente le risque d&rsquo;infection.\n<\/p>\n<p> Quand consulter un v\u00e9t\u00e9rinaire ?<\/p>\n<p class=\"\" data-start=\"3842\" data-end=\"3986\">M\u00eame si la morsure semble b\u00e9nigne, il est conseill\u00e9 de <strong data-start=\"3897\" data-end=\"3936\">consulter rapidement un v\u00e9t\u00e9rinaire<\/strong> si votre chien pr\u00e9sente dans les jours suivants :<\/p>\n<ul data-start=\"3988\" data-end=\"4135\">\n<li data-start=\"3988\" data-end=\"4015\">Une fatigue inhabituelle.<\/li>\n<li data-start=\"3988\" data-end=\"4015\">De la fi\u00e8vre.<\/li>\n<li data-start=\"3988\" data-end=\"4015\">Une perte d\u2019app\u00e9tit.<\/li>\n<li data-start=\"3988\" data-end=\"4015\">Des douleurs articulaires ou musculaires.<\/li>\n<li data-start=\"3988\" data-end=\"4015\">Un gonflement au point de morsure.<\/li>\n<\/ul>\n<p class=\"\" data-start=\"4137\" data-end=\"4282\">Ces signes peuvent indiquer <strong data-start=\"4165\" data-end=\"4214\">le d\u00e9but d&rsquo;une maladie transmise par la tique<\/strong>. Une prise en charge rapide am\u00e9liore consid\u00e9rablement le pronostic.<\/p>\n<p> Une vigilance accrue est de mise en 2025<\/p>\n<p class=\"\" data-start=\"4342\" data-end=\"4633\">Avec l&rsquo;extension des tiques \u00e0 de nouvelles zones g\u00e9ographiques, <strong data-start=\"4406\" data-end=\"4449\">la pr\u00e9vention devient la meilleure arme<\/strong> pour prot\u00e9ger votre chien. En adaptant vos promenades, en contr\u00f4lant r\u00e9guli\u00e8rement votre animal et en utilisant les traitements appropri\u00e9s, vous r\u00e9duisez consid\u00e9rablement les risques.<\/p>\n<p class=\"\" data-start=\"4635\" data-end=\"4850\">En 2025, mieux vaut partir du principe que <strong data-start=\"4678\" data-end=\"4733\">toute sortie en nature est potentiellement \u00e0 risque<\/strong>, m\u00eame dans des d\u00e9partements o\u00f9 les tiques \u00e9taient autrefois rares. <strong data-start=\"4801\" data-end=\"4849\">Un ma\u00eetre averti prot\u00e8ge mieux son compagnon<\/strong>.<\/p>\n","protected":false},"excerpt":{"rendered":"Pourquoi les tiques gagnent-elles du terrain en 2025 ? Le r\u00e9chauffement climatique, l&rsquo;\u00e9volution des \u00e9cosyst\u00e8mes et la diminution&hellip;\n","protected":false},"author":2,"featured_media":66321,"comment_status":"","ping_status":"","sticky":false,"template":"","format":"standard","meta":{"footnotes":""},"categories":[4],"tags":[17,11,16680,1011,27,12,56,1306,25,16681,16682],"class_list":{"0":"post-66320","1":"post","2":"type-post","3":"status-publish","4":"format-standard","5":"has-post-thumbnail","7":"category-france","8":"tag-17","9":"tag-actualites","10":"tag-departements","11":"tag-fr","12":"tag-france","13":"tag-news","14":"tag-push","15":"tag-regions","16":"tag-republique-francaise","17":"tag-tiques","18":"tag-venerinaire"},"share_on_mastodon":{"url":"https:\/\/pubeurope.com\/@fr\/114431310190723467","error":""},"_links":{"self":[{"href":"https:\/\/www.europesays.com\/fr\/wp-json\/wp\/v2\/posts\/66320","targetHints":{"allow":["GET"]}}],"collection":[{"href":"https:\/\/www.europesays.com\/fr\/wp-json\/wp\/v2\/posts"}],"about":[{"href":"https:\/\/www.europesays.com\/fr\/wp-json\/wp\/v2\/types\/post"}],"author":[{"embeddable":true,"href":"https:\/\/www.europesays.com\/fr\/wp-json\/wp\/v2\/users\/2"}],"replies":[{"embeddable":true,"href":"https:\/\/www.europesays.com\/fr\/wp-json\/wp\/v2\/comments?post=66320"}],"version-history":[{"count":0,"href":"https:\/\/www.europesays.com\/fr\/wp-json\/wp\/v2\/posts\/66320\/revisions"}],"wp:featuredmedia":[{"embeddable":true,"href":"https:\/\/www.europesays.com\/fr\/wp-json\/wp\/v2\/media\/66321"}],"wp:attachment":[{"href":"https:\/\/www.europesays.com\/fr\/wp-json\/wp\/v2\/media?parent=66320"}],"wp:term":[{"taxonomy":"category","embeddable":true,"href":"https:\/\/www.europesays.com\/fr\/wp-json\/wp\/v2\/categories?post=66320"},{"taxonomy":"post_tag","embeddable":true,"href":"https:\/\/www.europesays.com\/fr\/wp-json\/wp\/v2\/tags?post=66320"}],"curies":[{"name":"wp","href":"https:\/\/api.w.org\/{rel}","templated":true}]}}