{"id":66322,"date":"2025-05-01T07:06:17","date_gmt":"2025-05-01T07:06:17","guid":{"rendered":"https:\/\/www.europesays.com\/fr\/66322\/"},"modified":"2025-05-01T07:06:17","modified_gmt":"2025-05-01T07:06:17","slug":"les-villes-ou-la-hausse-des-temperatures-va-etre-vertigineuse-dici-2100","status":"publish","type":"post","link":"https:\/\/www.europesays.com\/fr\/66322\/","title":{"rendered":"les villes o\u00f9 la hausse des temp\u00e9ratures va \u00eatre vertigineuse d\u2019ici 2100"},"content":{"rendered":"<p><strong>PALMAR\u00c8S EXCLUSIF &#8211;<\/strong> Parmi 100 villes fran\u00e7aises, d\u00e9couvrez quelles sont celles qui seront les plus touch\u00e9es par le r\u00e9chauffement climatique d\u2019ici la fin du si\u00e8cle. Et consultez les projections pr\u00e9cises des scientifiques pour votre commune, selon le sc\u00e9nario de r\u00e9f\u00e9rence TRACC.<\/p>\n<p class=\"fig-paragraph\">\u00c0 quoi ressemblera le climat en France d\u2019ici la fin du si\u00e8cle\u00a0? Le sc\u00e9nario global pr\u00e9voit\u00a0<a href=\"http:\/\/www.lefigaro.fr\/sciences\/comment-la-france-va-s-adapter-a-un-climat-a-4-0c-a-la-fin-du-siecle-20231027\" target=\"_blank\" data-fig-type=\"Article\" rel=\"noopener\" data-gtm-custom-categorie=\"navigation\" data-gtm-custom-action=\"crossclick\" data-gtm-custom-label=\"Contextuel\" data-gtm-event=\"customEventSPE\" data-fig-domain=\"LEFIGARO\">une hausse des temp\u00e9ratures de 4\u00b0C<\/a>. Mais ce n\u2019est qu\u2019une moyenne qui ne refl\u00e8te pas les r\u00e9alit\u00e9s locales. D\u2019Aix-en-Provence \u00e0 Calais, de Mulhouse \u00e0 Brest, de Bordeaux \u00e0 Strasbourg, toutes les villes ne seront pas touch\u00e9es avec la m\u00eame ampleur. En particulier durant\u00a0<a href=\"http:\/\/www.lefigaro.fr\/sciences\/climat-l-ete-2024-a-ete-le-plus-chaud-jamais-enregistre-sur-la-terre-20240909\" target=\"_blank\" data-fig-type=\"Article\" rel=\"noopener\" data-gtm-custom-categorie=\"navigation\" data-gtm-custom-action=\"crossclick\" data-gtm-custom-label=\"Contextuel\" data-gtm-event=\"customEventSPE\" data-fig-domain=\"LEFIGARO\">l\u2019\u00e9t\u00e9<\/a>. Tout ceci n\u2019est plus si abstrait. Les enfants qui naissent ou ceux qui jouent dans les cours d\u2019\u00e9cole vivront en 2100&#8230; Les b\u00e2timents qui sont construits aujourd\u2019hui seront toujours debout. \u00abLa date para\u00eet lointaine, mais \u00e7a va devenir rapidement assez concret en r\u00e9alit\u00e9\u00bb, pointe Jean-Michel Soubeyroux, directeur-adjoint scientifique des services climatiques chez M\u00e9t\u00e9o-France.<\/p>\n<p class=\"fig-paragraph\">Nous nous sommes plong\u00e9s dans les travaux des climatologues \u00e0 l\u2019\u00e9chelon local le plus fin du sc\u00e9nario TRACC. Il s\u2019agit de la trajectoire consid\u00e9r\u00e9e comme la r\u00e9f\u00e9rence pour l\u2019adaptation de la France au r\u00e9chauffement du climat. D\u00e9couvrez avec quelle ampleur votre ville sera touch\u00e9e par l\u2019explosion des temp\u00e9ratures caniculaires d\u2019ici la fin du si\u00e8cle.<\/p>\n<p class=\"fig-premium-paywall__infos\">\n        Cet article est r\u00e9serv\u00e9 aux abonn\u00e9s.        Il vous reste 79% \u00e0 d\u00e9couvrir.\n    <\/p>\n<p>                <img  data- alt=\"Le Figaro\" class=\"fig-img--complete fig-img\"\/><\/p>\n<p class=\"fig-premium-paywall__title\">Je m&rsquo;informe, je m&rsquo;inspire, je m&rsquo;abonne.<\/p>\n<p class=\"fig-premium-paywall__subtitle\">D\u00e9couvrez notre offre de bienvenue.<\/p>\n<p class=\"fig-premium-paywall__connect\">\n                D\u00e9j\u00e0 abonn\u00e9\u00a0?                <a class=\"fig-premium-paywall__connect-link\" href=\"https:\/\/connect.lefigaro.fr\/login?client=horizon_web&amp;type=main&amp;redirect_uri=https%3A%2F%2Fwww.lefigaro.fr%2Fsciences%2Fla-france-a-40c-les-villes-ou-les-hausses-de-chaleur-vont-etre-vertigineuses-d-ici-2100-20250501\" data-js-gtm=\"{&quot;customCategorie&quot;: &quot;conversion&quot;, &quot;customAction&quot;: &quot;before_Landing_Connexion_paywall_manuel&quot;, &quot;customLabel&quot;: &quot;bGVmaWdhcm8uZnJfXzFmMDI0Y2VkLWYwZmUtNjdlZS1iM2JjLTUxNmJmNjUxMTEyYl9fQXJ0aWNsZQ==_La France \u00e0 +4\u00b0C\u00a0: les villes o\u00f9 la hausse des temp\u00e9ratures va \u00eatre vertigineuse d\u2019ici 2100_350&quot;, &quot;customIDSPE&quot;: &quot;bGVmaWdhcm8uZnJfXzFmMDI0Y2VkLWYwZmUtNjdlZS1iM2JjLTUxNmJmNjUxMTEyYl9fQXJ0aWNsZQ==&quot;, &quot;event&quot;: &quot;customEventSPE&quot;}\" target=\"_blank\" rel=\"noopener\"><br \/>\n                    Connectez-vous<br \/>\n                <\/a>\n            <\/p>\n","protected":false},"excerpt":{"rendered":"PALMAR\u00c8S EXCLUSIF &#8211; Parmi 100 villes fran\u00e7aises, d\u00e9couvrez quelles sont celles qui seront les plus touch\u00e9es par le&hellip;\n","protected":false},"author":2,"featured_media":66323,"comment_status":"","ping_status":"","sticky":false,"template":"","format":"standard","meta":{"footnotes":""},"categories":[2],"tags":[47,49,11,48,4734,1129,51,54,1011,27,2487,12,52,41,50,53],"class_list":{"0":"post-66322","1":"post","2":"type-post","3":"status-publish","4":"format-standard","5":"has-post-thumbnail","7":"category-actualites","8":"tag-actualite","9":"tag-actualite-scientifique","10":"tag-actualites","11":"tag-astronomie","12":"tag-changement-climatique","13":"tag-climat","14":"tag-ecologie","15":"tag-faune-et-flore","16":"tag-fr","17":"tag-france","18":"tag-meteo","19":"tag-news","20":"tag-planete","21":"tag-sciences","22":"tag-sciences-humaines","23":"tag-zoologie"},"share_on_mastodon":{"url":"https:\/\/pubeurope.com\/@fr\/114431314126345067","error":""},"_links":{"self":[{"href":"https:\/\/www.europesays.com\/fr\/wp-json\/wp\/v2\/posts\/66322","targetHints":{"allow":["GET"]}}],"collection":[{"href":"https:\/\/www.europesays.com\/fr\/wp-json\/wp\/v2\/posts"}],"about":[{"href":"https:\/\/www.europesays.com\/fr\/wp-json\/wp\/v2\/types\/post"}],"author":[{"embeddable":true,"href":"https:\/\/www.europesays.com\/fr\/wp-json\/wp\/v2\/users\/2"}],"replies":[{"embeddable":true,"href":"https:\/\/www.europesays.com\/fr\/wp-json\/wp\/v2\/comments?post=66322"}],"version-history":[{"count":0,"href":"https:\/\/www.europesays.com\/fr\/wp-json\/wp\/v2\/posts\/66322\/revisions"}],"wp:featuredmedia":[{"embeddable":true,"href":"https:\/\/www.europesays.com\/fr\/wp-json\/wp\/v2\/media\/66323"}],"wp:attachment":[{"href":"https:\/\/www.europesays.com\/fr\/wp-json\/wp\/v2\/media?parent=66322"}],"wp:term":[{"taxonomy":"category","embeddable":true,"href":"https:\/\/www.europesays.com\/fr\/wp-json\/wp\/v2\/categories?post=66322"},{"taxonomy":"post_tag","embeddable":true,"href":"https:\/\/www.europesays.com\/fr\/wp-json\/wp\/v2\/tags?post=66322"}],"curies":[{"name":"wp","href":"https:\/\/api.w.org\/{rel}","templated":true}]}}