{"id":663221,"date":"2026-01-14T15:34:09","date_gmt":"2026-01-14T15:34:09","guid":{"rendered":"https:\/\/www.europesays.com\/fr\/663221\/"},"modified":"2026-01-14T15:34:09","modified_gmt":"2026-01-14T15:34:09","slug":"frsea-et-ja-demandent-la-suspension-immediate-du-sage-vilaine","status":"publish","type":"post","link":"https:\/\/www.europesays.com\/fr\/663221\/","title":{"rendered":"FRSEA et JA demandent la suspension imm\u00e9diate du SAGE Vilaine"},"content":{"rendered":"<p>                    Par<br \/>\n        <strong><br \/>\n            <a href=\"https:\/\/actu.fr\/auteur\/redaction-terra\" title=\"Consulter tous les articles de R\u00e9daction Terra\" target=\"_blank\" rel=\"noopener\">R\u00e9daction Terra<\/a><br \/>\n                    <\/strong><\/p>\n<p>        Publi\u00e9 le<\/p>\n<p>            14 janv. 2026 \u00e0 15h18        <\/p>\n<p><b>L\u2019annonce par le Premier ministre d\u2019un moratoire imm\u00e9diat sur les d\u00e9cisions li\u00e9es \u00e0 l\u2019eau<\/b> et d\u2019une future loi d\u2019urgence en faveur de la production agricole r\u00e9sonne fortement <b>en Bretagne et en Pays de la Loire<\/b>. Depuis plusieurs semaines, les FDSEA et les Jeunes Agriculteurs alertaient sur les orientations jug\u00e9es trop contraignantes du projet de <b>SAGE Vilaine<\/b> port\u00e9 par la commission locale de l\u2019eau (CLE). \u00ab\u2009Enfin, nous avons \u00e9t\u00e9 entendus\u2009\u00bb, r\u00e9agissent-ils.<\/p>\n<p class=\" wall-content\">Pour les organisations professionnelles, ce moratoire doit se traduire concr\u00e8tement par une suspension imm\u00e9diate des travaux de la CLE Vilaine. \u00ab\u2009En application de l\u2019annonce du Premier ministre, nous demandons que les travaux soient arr\u00eat\u00e9s sans d\u00e9lai. Si ce n\u2019est pas le cas, nous serons pr\u00e9sents pour protester lors des prochaines r\u00e9unions\u2009\u00bb, pr\u00e9viennent la FRSEA et les JA de Bretagne et des Pays de la Loire.<\/p>\n<p>Eau et agriculture<\/p>\n<p class=\" wall-content\">La loi d\u2019urgence annonc\u00e9e doit, selon eux, permettre de \u00ab\u2009<b>concilier protection de l\u2019eau et protection de l\u2019agriculture<\/b>\u2009\u00bb, dans l\u2019esprit de la loi du 24\u00a0mars 2025 d\u2019orientation pour la souverainet\u00e9 alimentaire, qui reconna\u00eet l\u2019agriculture comme un int\u00e9r\u00eat g\u00e9n\u00e9ral majeur et un int\u00e9r\u00eat fondamental de la Nation. Elle devra aussi <b>renforcer la place des agriculteurs dans les instances de gouvernance de l\u2019eau<\/b>, notamment au sein des comit\u00e9s de bassin et des commissions locales de l\u2019eau.<\/p>\n<p class=\" wall-content\">Ce n\u2019est qu\u2019une fois ces nouvelles orientations clarifi\u00e9es que les travaux sur le SAGE Vilaine pourront reprendre, afin de r\u00e9\u00e9crire le projet en profondeur. La profession demande que les futures r\u00e8gles privil\u00e9gient les d\u00e9marches volontaires plut\u00f4t que les contraintes, qu\u2019elles s\u2019appuient sur une v\u00e9ritable \u00e9tude d\u2019impact socio-\u00e9conomique, et qu\u2019elles soient adapt\u00e9es pour ne pas remettre en cause le potentiel de production agricole des territoires concern\u00e9s.<\/p>\n<p class=\" wall-content\">Pour les repr\u00e9sentants agricoles, l\u2019enjeu est clair\u2009: il s\u2019agit de garantir \u00e0 la fois la pr\u00e9servation de la ressource en eau et la capacit\u00e9 de la France \u00e0 produire et \u00e0 assurer sa souverainet\u00e9 alimentaire. Un \u00e9quilibre qu\u2019ils entendent d\u00e9sormais voir inscrit noir sur blanc dans les politiques publiques de l\u2019eau.<\/p>\n<p class=\" wall-content\">Personnalisez votre actualit\u00e9 en ajoutant vos villes et m\u00e9dias en favori avec <a href=\"https:\/\/moncompte.actu.fr\" title=\"D\u00e9couvez Mon Actu\" rel=\"nofollow noopener\" data-trk=\"{&quot;cta&quot;:{&quot;action&quot;:&quot;https:\\\/\\\/moncompte.actu.fr&quot;,&quot;category&quot;:&quot;mon compte&quot;,&quot;from&quot;:&quot;article footer&quot;,&quot;name&quot;:&quot;Mon actu&quot;,&quot;type&quot;:&quot;cta&quot;}}\" target=\"_blank\">Mon Actu<\/a>.<\/p>\n","protected":false},"excerpt":{"rendered":"Par R\u00e9daction Terra Publi\u00e9 le 14 janv. 2026 \u00e0 15h18 L\u2019annonce par le Premier ministre d\u2019un moratoire imm\u00e9diat&hellip;\n","protected":false},"author":2,"featured_media":663222,"comment_status":"","ping_status":"","sticky":false,"template":"","format":"standard","meta":{"footnotes":""},"categories":[2821],"tags":[1111,11,327,829,436,1777,674,1011,27,12,52,584,25],"class_list":{"0":"post-663221","1":"post","2":"type-post","3":"status-publish","4":"format-standard","5":"has-post-thumbnail","7":"category-rennes","8":"tag-actu","9":"tag-actualites","10":"tag-agriculture","11":"tag-bretagne","12":"tag-environnement","13":"tag-eu","14":"tag-europe","15":"tag-fr","16":"tag-france","17":"tag-news","18":"tag-planete","19":"tag-rennes","20":"tag-republique-francaise"},"share_on_mastodon":{"url":"https:\/\/pubeurope.com\/@fr\/115894187871430363","error":""},"_links":{"self":[{"href":"https:\/\/www.europesays.com\/fr\/wp-json\/wp\/v2\/posts\/663221","targetHints":{"allow":["GET"]}}],"collection":[{"href":"https:\/\/www.europesays.com\/fr\/wp-json\/wp\/v2\/posts"}],"about":[{"href":"https:\/\/www.europesays.com\/fr\/wp-json\/wp\/v2\/types\/post"}],"author":[{"embeddable":true,"href":"https:\/\/www.europesays.com\/fr\/wp-json\/wp\/v2\/users\/2"}],"replies":[{"embeddable":true,"href":"https:\/\/www.europesays.com\/fr\/wp-json\/wp\/v2\/comments?post=663221"}],"version-history":[{"count":0,"href":"https:\/\/www.europesays.com\/fr\/wp-json\/wp\/v2\/posts\/663221\/revisions"}],"wp:featuredmedia":[{"embeddable":true,"href":"https:\/\/www.europesays.com\/fr\/wp-json\/wp\/v2\/media\/663222"}],"wp:attachment":[{"href":"https:\/\/www.europesays.com\/fr\/wp-json\/wp\/v2\/media?parent=663221"}],"wp:term":[{"taxonomy":"category","embeddable":true,"href":"https:\/\/www.europesays.com\/fr\/wp-json\/wp\/v2\/categories?post=663221"},{"taxonomy":"post_tag","embeddable":true,"href":"https:\/\/www.europesays.com\/fr\/wp-json\/wp\/v2\/tags?post=663221"}],"curies":[{"name":"wp","href":"https:\/\/api.w.org\/{rel}","templated":true}]}}