{"id":663225,"date":"2026-01-14T15:36:21","date_gmt":"2026-01-14T15:36:21","guid":{"rendered":"https:\/\/www.europesays.com\/fr\/663225\/"},"modified":"2026-01-14T15:36:21","modified_gmt":"2026-01-14T15:36:21","slug":"hammam-et-traditions-une-nouvelle-adresse-bien-etre-a-nancy","status":"publish","type":"post","link":"https:\/\/www.europesays.com\/fr\/663225\/","title":{"rendered":"Hammam et Traditions, une nouvelle adresse bien-\u00eatre \u00e0 Nancy"},"content":{"rendered":"<p>Apr\u00e8s Strasbourg, Hammam et Traditions poursuit son d\u00e9veloppement <a href=\"https:\/\/www.lasemaine.fr\/category\/commerce\/ca-ouvre-ca-ferme\/\" data-type=\"category\" data-id=\"5729\" target=\"_blank\" rel=\"noopener\">en s\u2019installant \u00e0 Nancy<\/a>. L\u2019enseigne bien-\u00eatre, fond\u00e9e par Adib Hezla et son \u00e9pouse, Marjorie, a ouvert d\u00e9but janvier un nouvel \u00e9tablissement en centre-ville, rue des S\u0153urs Macarons. Une implantation m\u00fbrement r\u00e9fl\u00e9chie. \u00ab\u00a0L\u2019objectif, depuis le d\u00e9but, a toujours \u00e9t\u00e9 de pouvoir offrir aux personnes de la ville un moment d\u2019\u00e9vasion au c\u0153ur du centre-ville, sans devoir se d\u00e9placer trop loin\u00a0\u00bb, explique le fondateur.<\/p>\n<p>Cr\u00e9\u00e9 il y a onze ans \u00e0 Strasbourg, Hammam et Traditions s\u2019est construit autour d\u2019un concept de spa urbain ind\u00e9pendant, loin des spas h\u00f4teliers. \u00ab\u00a0Nous sommes avant tout un spa urbain, avec une forte orientation autour des traditions orientales.\u00a0\u00bb Une identit\u00e9 qui a d\u00e9j\u00e0 valu \u00e0 l\u2019\u00e9tablissement strasbourgeois plusieurs distinctions dans des concours nationaux.<\/p>\n<p><img data-lazyloaded=\"1\" decoding=\"async\" src=\"https:\/\/www.europesays.com\/fr\/wp-content\/uploads\/2026\/01\/HammametTraditions1.jpeg\" alt=\"\"\/>\u00a9 Hammam et Traditions<\/p>\n<p>\u00c0 <a href=\"https:\/\/www.lasemaine.fr\/lieu\/nancy\/\" data-slug=\"nancy\" data-name=\"Nancy\" data-type=\"location\" data-id=\"5697\" target=\"_blank\" rel=\"noopener\">Nancy<\/a>, l\u2019enseigne d\u00e9ploie le m\u00eame concept et la m\u00eame carte de soins que pour sa premi\u00e8re adresse. \u00ab\u00a0Tout tourne autour des soins orientaux\u00a0\u00bb, r\u00e9sume Alice Thivet, responsable de l\u2019\u00e9tablissement nanc\u00e9ien. Gommages au savon noir, enveloppements, soins du visage et massages constituent le c\u0153ur de l\u2019offre. Les soins reposent notamment sur l\u2019utilisation de produits naturels de la marque Charme d\u2019Orient, partenaire de l\u2019enseigne. \u00ab\u00a0C\u2019est une marque fran\u00e7aise, bas\u00e9e \u00e0 Paris, qui travaille avec des produits tr\u00e8s naturels, en lien avec les traditions orientales\u00a0\u00bb, souligne Adib Hezla.<\/p>\n<p>Un lieu pens\u00e9 pour la d\u00e9tente<\/p>\n<p>D\u2019une superficie d\u2019environ 160 \u00e0 170 m\u00e8tres carr\u00e9s, le spa s\u2019organise autour de plusieurs espaces d\u00e9di\u00e9s \u00e0 la d\u00e9tente. D\u00e8s l\u2019entr\u00e9e, une salle de relaxation accueille les clients avant et apr\u00e8s les soins. \u00ab\u00a0C\u2019est ici que l\u2019on sert le th\u00e9 \u00e0 la menthe apr\u00e8s chaque soin\u00a0\u00bb, pr\u00e9cise Alice Thivet. Le parcours se poursuit par les vestiaires, puis par la partie humide, comprenant une salle ti\u00e8de et le hammam. \u00ab\u00a0La salle ti\u00e8de permet une transition entre les diff\u00e9rentes temp\u00e9ratures, avant d\u2019acc\u00e9der au hammam, plus chaud\u00a0\u00bb, explique la responsable. Une salle de gommage attenante est d\u00e9di\u00e9e aux rituels au savon noir, aux enveloppements au rassoul et aux soins corporels traditionnels.<\/p>\n<p>Ce qui se passe en Meurthe-et-Moselle<\/p>\n<p>Plusieurs cabines de soins, dont certaines modulables pour les prestations en duo ou en solo selon les envies, compl\u00e8tent l\u2019ensemble. L\u2019ambiance se veut feutr\u00e9e et apaisante\u00a0: lumi\u00e8res tamis\u00e9es, mat\u00e9riaux aux teintes chaudes, vo\u00fbtes et niches murales rappellent l\u2019univers des bains orientaux, tandis que le silence et les jeux d\u2019ombre renforcent l\u2019aspect intimiste.<\/p>\n<p><img data-lazyloaded=\"1\" decoding=\"async\" src=\"https:\/\/www.europesays.com\/fr\/wp-content\/uploads\/2026\/01\/HammametTraditions2.jpeg\" alt=\"\"\/>\u00a9 Hammam et TraditionsDes rituels encadr\u00e9s par des praticiennes<\/p>\n<p>La particularit\u00e9 de Hammam et Traditions r\u00e9side dans ses rituels, qui incluent syst\u00e9matiquement un acc\u00e8s au hammam. \u00ab\u00a0Dans un rituel, il y a forc\u00e9ment le hammam avant, puis une composition de soins alliant gommage, enveloppement, massage\u2026\u00a0\u00bb\u00a0d\u00e9taille Alice Thivet. Ces parcours peuvent durer de deux \u00e0 trois heures. L\u2019\u00e9tablissement propose \u00e9galement des soins \u00e0 la carte, comme des massages ou des soins du visage, avec la possibilit\u00e9 d\u2019ajouter l\u2019acc\u00e8s au hammam.<\/p>\n<p>Contrairement \u00e0 certains \u00e9tablissements o\u00f9 les clients \u00e9voluent en autonomie, l\u2019accompagnement est ici central et les rituels sont encadr\u00e9s par une praticienne. \u00ab\u00a0Chez nous, tout est encadr\u00e9. Le client est l\u00e0 pour se relaxer, nous nous occupons de tout\u00a0\u00bb, insiste la responsable. L\u2019offre est compl\u00e9t\u00e9e par des soins ayurv\u00e9diques cibl\u00e9s, des massages pour les futures mamans, ainsi que des rituels mensuels qui \u00e9voluent au fil des saisons. \u00ab\u00a0La carte est stable, mais chaque mois un rituel est mis \u00e0 l\u2019honneur.\u00a0\u00bb Avec cette ouverture \u00e0 Nancy, Hammam et Traditions entend ainsi s\u2019inscrire durablement dans l\u2019offre de bien-\u00eatre du centre-ville.<\/p>\n","protected":false},"excerpt":{"rendered":"Apr\u00e8s Strasbourg, Hammam et Traditions poursuit son d\u00e9veloppement en s\u2019installant \u00e0 Nancy. L\u2019enseigne bien-\u00eatre, fond\u00e9e par Adib Hezla&hellip;\n","protected":false},"author":2,"featured_media":663226,"comment_status":"","ping_status":"","sticky":false,"template":"","format":"standard","meta":{"footnotes":""},"categories":[2820],"tags":[1111,11,1777,674,1011,27,775,12,25,640],"class_list":{"0":"post-663225","1":"post","2":"type-post","3":"status-publish","4":"format-standard","5":"has-post-thumbnail","7":"category-strasbourg","8":"tag-actu","9":"tag-actualites","10":"tag-eu","11":"tag-europe","12":"tag-fr","13":"tag-france","14":"tag-grand-est","15":"tag-news","16":"tag-republique-francaise","17":"tag-strasbourg"},"share_on_mastodon":{"url":"https:\/\/pubeurope.com\/@fr\/115894195734214825","error":""},"_links":{"self":[{"href":"https:\/\/www.europesays.com\/fr\/wp-json\/wp\/v2\/posts\/663225","targetHints":{"allow":["GET"]}}],"collection":[{"href":"https:\/\/www.europesays.com\/fr\/wp-json\/wp\/v2\/posts"}],"about":[{"href":"https:\/\/www.europesays.com\/fr\/wp-json\/wp\/v2\/types\/post"}],"author":[{"embeddable":true,"href":"https:\/\/www.europesays.com\/fr\/wp-json\/wp\/v2\/users\/2"}],"replies":[{"embeddable":true,"href":"https:\/\/www.europesays.com\/fr\/wp-json\/wp\/v2\/comments?post=663225"}],"version-history":[{"count":0,"href":"https:\/\/www.europesays.com\/fr\/wp-json\/wp\/v2\/posts\/663225\/revisions"}],"wp:featuredmedia":[{"embeddable":true,"href":"https:\/\/www.europesays.com\/fr\/wp-json\/wp\/v2\/media\/663226"}],"wp:attachment":[{"href":"https:\/\/www.europesays.com\/fr\/wp-json\/wp\/v2\/media?parent=663225"}],"wp:term":[{"taxonomy":"category","embeddable":true,"href":"https:\/\/www.europesays.com\/fr\/wp-json\/wp\/v2\/categories?post=663225"},{"taxonomy":"post_tag","embeddable":true,"href":"https:\/\/www.europesays.com\/fr\/wp-json\/wp\/v2\/tags?post=663225"}],"curies":[{"name":"wp","href":"https:\/\/api.w.org\/{rel}","templated":true}]}}