{"id":663227,"date":"2026-01-14T15:37:15","date_gmt":"2026-01-14T15:37:15","guid":{"rendered":"https:\/\/www.europesays.com\/fr\/663227\/"},"modified":"2026-01-14T15:37:15","modified_gmt":"2026-01-14T15:37:15","slug":"on-fait-quoi-ce-week-end-bal-viennois-impro-rock-us-show-engage-cine-nos-idees-de-sorties-a-strasbourg","status":"publish","type":"post","link":"https:\/\/www.europesays.com\/fr\/663227\/","title":{"rendered":"On fait quoi ce week-end. Bal viennois, impro, rock US, show engag\u00e9, cin\u00e9&#8230; Nos id\u00e9es de sorties \u00e0 Strasbourg"},"content":{"rendered":"<p class=\"insetTitle\">C\u00f4t\u00e9 cin\u00e9 : revivre la magie de Kirikou et la sorci\u00e8re<\/p>\n<p>Dans un contexte d\u2019actualit\u00e9s plus anxiog\u00e8nes que jamais, pourquoi ne pas s\u2019offrir un petit moment d\u2019humanit\u00e9 et d\u2019\u00e9vasion dans une salle de cin\u00e9\u00a0? A Strasbourg, le Cosmos invite, ce samedi 17 janvier, \u00e0 red\u00e9couvrir l\u2019un des plus beaux films d\u2019animation jamais r\u00e9alis\u00e9s dans l\u2019Hexagone. \u0152uvre phare du grand raconteur d\u2019histoires Michel Ocelot, Kirikou et la sorci\u00e8re se nourrit des l\u00e9gendes de l\u2019Afrique de l\u2019Ouest pour brosser l\u2019\u00e9pop\u00e9e d\u2019un petit enfant malin et d\u00e9brouillard, confront\u00e9 \u00e0 une sorci\u00e8re qui a maudit son village. Jolie le\u00e7on de vie \u00e0 la cl\u00e9 pour ce long-m\u00e9trage d\u00e9licieusement artisanal, port\u00e9 par le souffle d\u2019un bambin qui sait voir o\u00f9 se cache la lumi\u00e8re, m\u00eame au plus fort de l\u2019obscurit\u00e9.<\/p>\n<p>Derri\u00e8re son univers joyeux et color\u00e9, riche de ses inventions visuelles et de ses entra\u00eenantes sonorit\u00e9s, Kirikou est, comme souvent dans <a href=\"https:\/\/www.dna.fr\/actualite\/2016\/09\/18\/michel-ocelot-a-strasbourg-pour-presenter\" target=\"_blank\" rel=\"noopener\">l\u2019\u0153uvre de Michel Ocelot<\/a>, une invitation \u00e0 l\u2019\u00e9l\u00e9vation, \u00e0 la compr\u00e9hension de l\u2019autre. S\u2019y d\u00e9ploient les sagesses traditionnelles d\u2019un continent encore connect\u00e9 \u00e0 la Terre, \u00e0 la nature, et qui r\u00e9sonnent comme autant d\u2019avertissements pour nos soci\u00e9t\u00e9s d\u00e9boussol\u00e9es et artificialis\u00e9es. Un appel vital, essentiel, \u00e0 se soucier de l\u2019autre, du monde, en toute bont\u00e9. Et au fil des images, voil\u00e0 que l&rsquo;on se prend \u00e0 r\u00eaver d\u2019une humanit\u00e9 qui marcherait dans les pas de ce petit enfant si avis\u00e9\u2026<\/p>\n<p class=\"note\">A voir samedi 17 janvier \u00e0 10h30 au Cosmos<\/p>\n<p class=\"insetSignature\">N.B.<\/p>\n","protected":false},"excerpt":{"rendered":"C\u00f4t\u00e9 cin\u00e9 : revivre la magie de Kirikou et la sorci\u00e8re Dans un contexte d\u2019actualit\u00e9s plus anxiog\u00e8nes que&hellip;\n","protected":false},"author":2,"featured_media":663228,"comment_status":"","ping_status":"","sticky":false,"template":"","format":"standard","meta":{"footnotes":""},"categories":[2820],"tags":[1111,11,1687,2880,1777,674,107,1011,27,775,873,12,2661,4043,25,953,3140,640,2879],"class_list":{"0":"post-663227","1":"post","2":"type-post","3":"status-publish","4":"format-standard","5":"has-post-thumbnail","7":"category-strasbourg","8":"tag-actu","9":"tag-actualites","10":"tag-culture-loisirs","11":"tag-edition-strasbourg","12":"tag-eu","13":"tag-europe","14":"tag-fil-info","15":"tag-fr","16":"tag-france","17":"tag-grand-est","18":"tag-musique","19":"tag-news","20":"tag-patrimoine-culturel","21":"tag-repas-et-the-dansant","22":"tag-republique-francaise","23":"tag-soiree","24":"tag-spectacle","25":"tag-strasbourg","26":"tag-strasbourg-ville"},"share_on_mastodon":{"url":"https:\/\/pubeurope.com\/@fr\/115894199627425284","error":""},"_links":{"self":[{"href":"https:\/\/www.europesays.com\/fr\/wp-json\/wp\/v2\/posts\/663227","targetHints":{"allow":["GET"]}}],"collection":[{"href":"https:\/\/www.europesays.com\/fr\/wp-json\/wp\/v2\/posts"}],"about":[{"href":"https:\/\/www.europesays.com\/fr\/wp-json\/wp\/v2\/types\/post"}],"author":[{"embeddable":true,"href":"https:\/\/www.europesays.com\/fr\/wp-json\/wp\/v2\/users\/2"}],"replies":[{"embeddable":true,"href":"https:\/\/www.europesays.com\/fr\/wp-json\/wp\/v2\/comments?post=663227"}],"version-history":[{"count":0,"href":"https:\/\/www.europesays.com\/fr\/wp-json\/wp\/v2\/posts\/663227\/revisions"}],"wp:featuredmedia":[{"embeddable":true,"href":"https:\/\/www.europesays.com\/fr\/wp-json\/wp\/v2\/media\/663228"}],"wp:attachment":[{"href":"https:\/\/www.europesays.com\/fr\/wp-json\/wp\/v2\/media?parent=663227"}],"wp:term":[{"taxonomy":"category","embeddable":true,"href":"https:\/\/www.europesays.com\/fr\/wp-json\/wp\/v2\/categories?post=663227"},{"taxonomy":"post_tag","embeddable":true,"href":"https:\/\/www.europesays.com\/fr\/wp-json\/wp\/v2\/tags?post=663227"}],"curies":[{"name":"wp","href":"https:\/\/api.w.org\/{rel}","templated":true}]}}