{"id":663245,"date":"2026-01-14T15:46:22","date_gmt":"2026-01-14T15:46:22","guid":{"rendered":"https:\/\/www.europesays.com\/fr\/663245\/"},"modified":"2026-01-14T15:46:22","modified_gmt":"2026-01-14T15:46:22","slug":"municipales-de-lille-2026-quand-et-comment-sinscrire-sur-les-listes-electorales-pour-voter-14-01-2026","status":"publish","type":"post","link":"https:\/\/www.europesays.com\/fr\/663245\/","title":{"rendered":"Municipales de Lille 2026 : quand et comment s&rsquo;inscrire sur les listes \u00e9lectorales pour voter ? &#8211; 14\/01\/2026"},"content":{"rendered":"<p>L&rsquo;heure des \u00e9lections municipales arrive \u00e0 grands pas. Et pour \u00eatre s\u00fbr\u00b7es de pouvoir voter les 15 et 22 mars 2026, on vous a fait un tuto qui vous rappelle o\u00f9, quand, comment s&rsquo;inscrire sur les listes \u00e9lectorales, ou v\u00e9rifier qu&rsquo;on est enregistr\u00e9\u00b7es au bon endroit.<\/p>\n<p>Qui sera le ou la prochain\u00b7e maire de Lille ? On a encore un peu de temps pour conna\u00eetre la r\u00e9ponse. Car les \u00e9lections municipales ont lieu les 15 et 22 mars 2026. Mais si on vous en parle maintenant, c&rsquo;est qu&rsquo;il y a une urgence : v\u00e9rifier si vous \u00eates bien inscrit\u00b7es sur les listes \u00e9lectorales de la ville, et si ce n&rsquo;est pas le cas, <b>faire les d\u00e9marches avant le 4 ou 6 f\u00e9vrier <\/b>(selon si vous vous inscrivez en ligne, en mairie ou par courrier), sauf <a target=\"_blank\" href=\"https:\/\/www.service-public.gouv.fr\/particuliers\/vosdroits\/F34240\" rel=\"noopener\">exceptions<\/a>.<\/p>\n<p>Ne vous inqui\u00e9tez pas, on va vous guider pas \u00e0 pas. Si c&rsquo;est votre premi\u00e8re fois, si vous avez emm\u00e9nag\u00e9 \u00e0 Lille, si vous avez besoin de faire une procuration parce que vous ne serez pas pr\u00e8s de votre bureau de vote les jours J, on vous explique.<\/p>\n<p>  Qui peut voter et o\u00f9 ?<\/p>\n<p>Rappelons rapidos les bases. Peuvent voter les personnes\u00a0majeures\u00a0(au plus tard la veille du scrutin du premier ou deuxi\u00e8me tour), avec\u00a0la nationalit\u00e9 fran\u00e7aise ou\u00a0<a target=\"_blank\" href=\"https:\/\/www.service-public.gouv.fr\/particuliers\/vosdroits\/F1937\" rel=\"noopener\">europ\u00e9enne<\/a>\u00a0(mais r\u00e9sident en France), et jouissant de leurs droits civiques et politiques. Attention, pour les personnes qui sont devenues fran\u00e7aises avant ou apr\u00e8s 2019, ou pour celles qui sont sur le point d&rsquo;\u00eatre naturalis\u00e9es,\u00a0<a target=\"_blank\" href=\"https:\/\/www.service-public.gouv.fr\/particuliers\/vosdroits\/F34778\" rel=\"noopener\">les d\u00e9marches varient<\/a>.<\/p>\n<p>Et la plupart du temps, on vote dans la commune o\u00f9 l&rsquo;on vit, m\u00eame si d&rsquo;autres cas existent.\u00a0<\/p>\n<p>Comment s&rsquo;inscrire ?<\/p>\n<p>Sachez que si vous avez fait votre recensement citoyen \u00e0 16 ans,\u00a0vous \u00eates\u00a0automatiquement inscrit\u00b7es \u00e0 18 ans,\u00a0sur les listes \u00e9lectorales de la ville que vous avez indiqu\u00e9 ce jour-l\u00e0. Vous pouvez v\u00e9rifier \u00e7a facilement, en utilisant\u00a0<a target=\"_blank\" href=\"https:\/\/www.authentification.service-public.fr\/auth\/realms\/service-public\/protocol\/openid-connect\/auth?client_id=dile&amp;scope=openid&amp;response_type=code&amp;code_challenge=iizv30KOE7Bjk8ga8tU7MG0040yfhNc8F51IPyEL79o&amp;code_challenge_method=S256&amp;response_mode=fragment&amp;redirect_uri=https%3A%2F%2Fwww.inscriptionelectorale.service-public.fr%2Flogin&amp;nonce=test&amp;state=Lw%3D%3D\" rel=\"noopener\">France Connect<\/a>\u00a0(avec vos identifiants Impots.gouv, Assurance maladie ou autres).<\/p>\n<p>      <a data-fslightbox=\"lightbox-74871\" data-caption=\"Une fois connect&#xE9;&#xB7;es, vous trouverez l&#039;adresse et le num&#xE9;ro de votre bureau de vote.\" href=\"https:\/\/vozer.s3.eu-west-3.amazonaws.com\/production\/1768319791\/doe28if9e0e3or3e2rqtnex0rvuz\/bureau-de-vote.jpeg\" target=\"_blank\" rel=\"noopener\"><br \/>\n        <img decoding=\"async\" class=\"mw-100 lazy\" alt=\"Une fois connect&#xE9;&#xB7;es, vous trouverez l'adresse et le num&#xE9;ro de votre bureau de vote.\" lazy=\"true\" src=\"https:\/\/www.europesays.com\/fr\/wp-content\/uploads\/2026\/01\/bureau-de-vote.webp.webp\"\/><br \/>\n      <\/a><br \/>\n        Une fois connect\u00e9\u00b7es, vous trouverez l&rsquo;adresse et le num\u00e9ro de votre bureau de vote.<\/p>\n<p>Si ce n&rsquo;est pas le cas ou si vous avez r\u00e9cemment emm\u00e9nag\u00e9 \u00e0 Lille, alors il va falloir vous inscrire dans les listes de la commune. Vous avez le choix :\u00a0<\/p>\n<ul>&#13;<\/p>\n<li>soit directement \u00e0 la mairie de Lille (jusqu&rsquo;au 6 f\u00e9vrier)<\/li>\n<p>&#13;<\/p>\n<li>soit par courrier adress\u00e9 \u00e0 la mairie (le courrier doit arriver au plus tard le 6 f\u00e9vrier)<\/li>\n<p>&#13;<\/p>\n<li>soit en ligne (jusqu&rsquo;au 4 f\u00e9vrier)<\/li>\n<p>&#13;<\/ul>\n<p>Quels documents \u00e0 fournir ?<\/p>\n<p>Quoi qu&rsquo;il arrive, il faut fournir un justificatif d&rsquo;identit\u00e9 (carte d&rsquo;identit\u00e9 ou passeport par exemple). Et si vous faites la d\u00e9marche par courrier ou directement en mairie, il vous faudra aussi le\u00a0<a target=\"_blank\" href=\"https:\/\/www.service-public.gouv.fr\/particuliers\/vosdroits\/R16024\" rel=\"noopener\">formulaire cerfa n\u00b012669<\/a>. D&rsquo;autres documents vont \u00eatre n\u00e9cessaires selon votre situation.<\/p>\n<p><b>\u00a0Si vous vivez chez vous :<\/b><\/p>\n<ul class=\"sp-item-list\">&#13;<\/p>\n<li>un justificatif de domicile (type facture d&rsquo;\u00e9lectricit\u00e9, quittance de loyer ou autre) de moins de trois mois<\/li>\n<p>&#13;<\/ul>\n<p><b><br \/>Si vous vivez chez vos parents\u00a0et que vous avez\u00a0moins de 26 ans\u00a0:<\/b><\/p>\n<ul>&#13;<\/p>\n<li>un justificatif de domicile avec le nom de l&rsquo;un des deux parents<\/li>\n<p>&#13;<\/p>\n<li>une copie du livret de famille ou l&rsquo;acte de naissance avec indication de la filiation.<\/li>\n<p>&#13;<\/ul>\n<p><b>Si vous vivez chez vos parents\u00a0et que\u00a0vous avez plus de 26 ans\u00a0:\u00a0<br \/><\/b><\/p>\n<ul class=\"sp-item-list\">&#13;<\/p>\n<li>une lettre sign\u00e9e par votre parent, certifiant que vous habitez chez lui\/elle et datant de moins de 3\u00a0mois<\/li>\n<p>&#13;<\/p>\n<li>un document prouvant votre lien avec la commune (bulletin de salaire r\u00e9cent ou tout document indiquant votre nom et l&rsquo;adresse du parent vous h\u00e9bergeant)<\/li>\n<p>&#13;<\/p>\n<li>une copie de la carte d&rsquo;identit\u00e9 du parent chez qui vous habitez<\/li>\n<p>&#13;<\/ul>\n<p><b><br \/>Si vous habitez chez un autre proche\u00a0(un\u00b7e pote par exemple) :<\/b><\/p>\n<ul class=\"sp-item-list\">&#13;<\/p>\n<li>une lettre sign\u00e9e par la personne chez qui vous habitez, certifiant que vous vivez chez elle et datant de moins de 3\u00a0mois<\/li>\n<p>&#13;<\/p>\n<li>un document prouvant votre lien avec la commune (bulletin de salaire r\u00e9cent ou tout document indiquant votre nom et l&rsquo;adresse de la personne vous h\u00e9bergeant)<\/li>\n<p>&#13;<\/p>\n<li>une copie de la carte d&rsquo;identit\u00e9 de la personne chez qui vous habitez<\/li>\n<p>&#13;<\/ul>\n<p>  Comment faire une procuration ?\u00a0<\/p>\n<p>L\u00e0, c&rsquo;est dans le cas o\u00f9 les 15 et\/ou 22 mars, vous ne pouvez pas vous rendre \u00e0 votre bureau de vote pour une raison X ou Y. N&rsquo;abandonnez pas, vous pouvez toujours confier cette mission \u00e0 une personne de confiance qui pourra s&rsquo;y rendre \u00e0 votre place.\u00a0<\/p>\n<p>Pour \u00e7a, il faudra remplir <a target=\"_blank\" href=\"https:\/\/www.service-public.gouv.fr\/particuliers\/vosdroits\/R12675\" rel=\"noopener\">un formulaire<\/a>\u00a0et vous rendre \u00e0 la police, \u00e0 la gendarmerie ou au tribunal judiciaire. Attention, il faut avoir le num\u00e9ro d&rsquo;\u00e9lecteur\u00b7rice et la date de naissance de la personne qui va voter pour vous.<\/p>\n<p>      <a data-fslightbox=\"lightbox-74873\" data-caption=\"Le num&#xE9;ro d&#039;&#xE9;lecteur est soit sur le site (apr&#xE8;s connexion), soit sur la carte d&#039;&#xE9;lecteur. \" href=\"https:\/\/vozer.s3.eu-west-3.amazonaws.com\/production\/1768319791\/2kdr34hsxenb964o5nviyfio8422\/carte-electeur-procuration.jpeg\" target=\"_blank\" rel=\"noopener\"><br \/>\n        <img decoding=\"async\" class=\"mw-100 lazy\" alt=\"Le num&#xE9;ro d'&#xE9;lecteur est soit sur le site (apr&#xE8;s connexion), soit sur la carte d'&#xE9;lecteur. \" lazy=\"true\" src=\"https:\/\/www.europesays.com\/fr\/wp-content\/uploads\/2026\/01\/carte-electeur-procuration.webp.webp\"\/><br \/>\n      <\/a><br \/>\n        Le num\u00e9ro d&rsquo;\u00e9lecteur est soit sur le site (apr\u00e8s connexion), soit sur la carte d&rsquo;\u00e9lecteur. <\/p>\n<p>  Erreur (mais pas la v\u00f4tre)<\/p>\n<p>On se souvient de la d\u00e9bandade des <a target=\"_blank\" href=\"https:\/\/www.vozer.fr\/2024\/06\/17\/radiation-des-listes-electorales-a-lille-mode-d-emploi-pour-se-reinscrire\/\" rel=\"noopener\">\u00e9lections l\u00e9gislatives en 2024<\/a>. Plusieurs Fran\u00e7ais\u00b7es, dont des Lillois\u00b7es ont d\u00e9barqu\u00e9 dans leur bureau de vote pour d\u00e9couvrir qu&rsquo;ils avaient \u00e9t\u00e9 radi\u00e9s (par erreur) des listes \u00e9lectorales. Si \u00e7a vous arrive, alors que vous avez bien fait votre inscription \u00e0 temps ou si vous avez \u00e9t\u00e9 exclus \u00e0 tort, vous pouvez saisir le tribunal, soit par courrier, soit en vous rendant sur place jusqu&rsquo;au jour de l&rsquo;\u00e9lection. L\u00e0 encore, il y a des docs \u00e0 fournir :<\/p>\n<ul class=\"sp-item-list\">&#13;<\/p>\n<li>une attestation d\u00e9livr\u00e9e par la mairie mentionnant l&rsquo;erreur mat\u00e9rielle et la non-inscription sur les listes de la commune (cette attestation peut \u00eatre obtenue au bureau des \u00e9lections de la mairie).<\/li>\n<p>&#13;<\/p>\n<li>une copie de la pi\u00e8ce d&rsquo;identit\u00e9<\/li>\n<p>&#13;<\/p>\n<li>un justificatif de domicile<\/li>\n<p>&#13;<\/p>\n<li>le\u00a0<a target=\"_blank\" href=\"https:\/\/www.service-public.gouv.fr\/particuliers\/vosdroits\/R55504\" rel=\"noopener\">formulaire pour saisir le juge<\/a>&#13;<\/li>\n<p>&#13;<\/p>\n<li>tout document permettant au juge d&rsquo;\u00e9valuer le bien-fond\u00e9 de votre demande<\/li>\n<p>&#13;<\/ul>\n<p>Maintenant, il n&rsquo;y a plus qu&rsquo;\u00e0.\u00a0<\/p>\n","protected":false},"excerpt":{"rendered":"L&rsquo;heure des \u00e9lections municipales arrive \u00e0 grands pas. Et pour \u00eatre s\u00fbr\u00b7es de pouvoir voter les 15 et&hellip;\n","protected":false},"author":2,"featured_media":663246,"comment_status":"","ping_status":"","sticky":false,"template":"","format":"standard","meta":{"footnotes":""},"categories":[2815],"tags":[1111,11,1777,674,1011,27,811,1307,12,25],"class_list":{"0":"post-663245","1":"post","2":"type-post","3":"status-publish","4":"format-standard","5":"has-post-thumbnail","7":"category-lille","8":"tag-actu","9":"tag-actualites","10":"tag-eu","11":"tag-europe","12":"tag-fr","13":"tag-france","14":"tag-hauts-de-france","15":"tag-lille","16":"tag-news","17":"tag-republique-francaise"},"share_on_mastodon":{"url":"https:\/\/pubeurope.com\/@fr\/115894235312693798","error":""},"_links":{"self":[{"href":"https:\/\/www.europesays.com\/fr\/wp-json\/wp\/v2\/posts\/663245","targetHints":{"allow":["GET"]}}],"collection":[{"href":"https:\/\/www.europesays.com\/fr\/wp-json\/wp\/v2\/posts"}],"about":[{"href":"https:\/\/www.europesays.com\/fr\/wp-json\/wp\/v2\/types\/post"}],"author":[{"embeddable":true,"href":"https:\/\/www.europesays.com\/fr\/wp-json\/wp\/v2\/users\/2"}],"replies":[{"embeddable":true,"href":"https:\/\/www.europesays.com\/fr\/wp-json\/wp\/v2\/comments?post=663245"}],"version-history":[{"count":0,"href":"https:\/\/www.europesays.com\/fr\/wp-json\/wp\/v2\/posts\/663245\/revisions"}],"wp:featuredmedia":[{"embeddable":true,"href":"https:\/\/www.europesays.com\/fr\/wp-json\/wp\/v2\/media\/663246"}],"wp:attachment":[{"href":"https:\/\/www.europesays.com\/fr\/wp-json\/wp\/v2\/media?parent=663245"}],"wp:term":[{"taxonomy":"category","embeddable":true,"href":"https:\/\/www.europesays.com\/fr\/wp-json\/wp\/v2\/categories?post=663245"},{"taxonomy":"post_tag","embeddable":true,"href":"https:\/\/www.europesays.com\/fr\/wp-json\/wp\/v2\/tags?post=663245"}],"curies":[{"name":"wp","href":"https:\/\/api.w.org\/{rel}","templated":true}]}}