{"id":663247,"date":"2026-01-14T15:47:20","date_gmt":"2026-01-14T15:47:20","guid":{"rendered":"https:\/\/www.europesays.com\/fr\/663247\/"},"modified":"2026-01-14T15:47:20","modified_gmt":"2026-01-14T15:47:20","slug":"les-8-restos-qui-ont-marque-2025-a-lille-et-quon-a-adores","status":"publish","type":"post","link":"https:\/\/www.europesays.com\/fr\/663247\/","title":{"rendered":"Les 8 restos qui ont marqu\u00e9 2025 \u00e0 Lille (et qu\u2019on a ador\u00e9s)"},"content":{"rendered":"<p><b>Eva restaurant, l\u2019\u00e9toile montante de la gastronomie lilloise<\/b><\/p>\n<p>Depuis son ouverture, le magnifique <a href=\"https:\/\/www.lebonbon.fr\/lille\/actu\/ancien-lieu-secret-renait-resto-chic-festif-lille\/\" target=\"_blank\" rel=\"noopener\"><b>Eva<\/b><\/a> s\u2019est impos\u00e9 comme un incontournable du centre-ville avec une cuisine contemporaine soign\u00e9e aux inspirations slaves et son d\u00e9cor digne de l\u2019orient express. Plats cr\u00e9atifs, ambiance intime (parfois festive, juste comme il faut) et service flirte avec l\u2019excellence\u00a0: id\u00e9al pour une soir\u00e9e romantique ou un d\u00eener entre potes qui sort de l\u2019ordinaire. La carte change au gr\u00e9 des produits frais et des inspirations du chef\u00a0: une table qui parle aux papilles &amp; aux yeux.<\/p>\n<blockquote class=\"instagram-media\" data-instgrm-permalink=\"https:\/\/www.instagram.com\/p\/DRCQj6TjUAr\/?utm_source=ig_embed&amp;utm_campaign=loading\" data-instgrm-version=\"14\" style=\"background: #FFF; border: 0; border-radius: 3px; box-shadow: 0 0 1px 0 rgba(0,0,0,0.5),0 1px 10px 0 rgba(0,0,0,0.15); margin: 1px; max-width: 540px; min-width: 326px; padding: 0; width: calc(100% - 2px);\">\n<\/blockquote>\n<p>Eva restaurant<\/p>\n<li class=\"address info\">4, rue Saint-Etienne Lille<\/li>\n<li class=\"opening-hours\">Mardi &#8211; mercredi : 18:00 &#8211; 0:00<\/li>\n<li class=\"opening-hours\">Jeudi : 18:00 &#8211; 1:00<\/li>\n<li class=\"opening-hours\">Vendredi : 18:00 &#8211; 2:00<\/li>\n<li class=\"opening-hours\">Samedi : 12:00 &#8211; 15:00, 18:00 &#8211; 2:00<\/li>\n<li class=\"opening-hours close\">Lundi &#8211; dimanche : Ferm\u00e9<\/li>\n<p><b>Taverne Grenouille, bistrot chic &amp; convivial \u00e0 Marcq<\/b><\/p>\n<p>Entre bistrot moderne et pub chaleureux, <b>Taverne Grenouille<\/b> a vite trouv\u00e9 son public. On y partage des plats g\u00e9n\u00e9reux \u00e0 la fran\u00e7aise ouverts \u00e0 l\u2019impro, accompagn\u00e9s de bons vins et de rires qui s\u2019accrochent aux banquettes. \u00c0 la carte\u00a0: bistronomie de comptoir, belles pi\u00e8ces de viande et ambiance d\u00e9tendue parfaite pour un d\u00e9jeuner d\u2019\u00e9quipe ou un bon d\u00eener pour se faire plaisir.\u00a0<\/p>\n<blockquote class=\"instagram-media\" data-instgrm-permalink=\"https:\/\/www.instagram.com\/p\/DQBrnLKjMaL\/?utm_source=ig_embed&amp;utm_campaign=loading\" data-instgrm-version=\"14\" style=\"background: #FFF; border: 0; border-radius: 3px; box-shadow: 0 0 1px 0 rgba(0,0,0,0.5),0 1px 10px 0 rgba(0,0,0,0.15); margin: 1px; max-width: 540px; min-width: 326px; padding: 0; width: calc(100% - 2px);\">\n<\/blockquote>\n<p>Taverne Grenouille<\/p>\n<li class=\"address info\">115, rue du Fort Marcq-en-Bar\u0153ul<\/li>\n<li class=\"opening-hours\">Lundi &#8211; mardi : 12:00 &#8211; 14:00, 19:00 &#8211; 23:00<\/li>\n<li class=\"opening-hours\">Mercredi : 12:00 &#8211; 14:00, 19:00 &#8211; 23:30<\/li>\n<li class=\"opening-hours\">Jeudi &#8211; samedi : 12:00 &#8211; 14:00, 19:00 &#8211; 0:30<\/li>\n<li class=\"opening-hours close\">Dimanche : Ferm\u00e9<\/li>\n<p><b>Magmatic Restaurant &#8211; Ephemera, une exp\u00e9rience gustative \u201cvolcanique\u201d<\/b><\/p>\n<p>Si tu veux impressionner ton date ou des proches, <b><a href=\"https:\/\/www.lebonbon.fr\/lille\/actu\/nouveau-resto-immersif-a-lille-volcan-actif\/\" target=\"_blank\" rel=\"noopener\">Magmatic<\/a> by Ephemera<\/b> est l\u2019endroit qu\u2019il te faut. Cuisine inventive, cocktails canons et ambiance \u00e0 couper le souffle\u00a0: ce resto exp\u00e9rience a conquis le coeur des lillois ses plats inspir\u00e9s des \u00e9l\u00e9ments naturels, et la sc\u00e9nographie inou\u00ef qui nous fait oublier o\u00f9 nous sommes. Tr\u00e8s bien not\u00e9, pensez \u00e0 r\u00e9server \u00e0 l\u2019avance\u00a0!<\/p>\n<blockquote class=\"instagram-media\" data-instgrm-permalink=\"https:\/\/www.instagram.com\/p\/DPV4BRejGsR\/?utm_source=ig_embed&amp;utm_campaign=loading\" data-instgrm-version=\"14\" style=\"background: #FFF; border: 0; border-radius: 3px; box-shadow: 0 0 1px 0 rgba(0,0,0,0.5),0 1px 10px 0 rgba(0,0,0,0.15); margin: 1px; max-width: 540px; min-width: 326px; padding: 0; width: calc(100% - 2px);\">\n<\/blockquote>\n<p>Magmatic Restaurant &#8211; Ephemera<\/p>\n<li class=\"address info\">11, parvis Saint-Maurice Lille<\/li>\n<li class=\"opening-hours\">Lundi &#8211; jeudi : 12:00 &#8211; 14:30, 18:45 &#8211; 22:30<\/li>\n<li class=\"opening-hours\">Vendredi : 12:00 &#8211; 14:30, 18:30 &#8211; 22:30<\/li>\n<li class=\"opening-hours\">Samedi : 12:00 &#8211; 15:00, 18:30 &#8211; 22:30<\/li>\n<li class=\"opening-hours\">Dimanche : 12:00 &#8211; 15:00, 18:45 &#8211; 22:30<\/li>\n<p><b>Alfredo, l\u2019Italie \u00e0 Croix<\/b><\/p>\n<p>Les amateurs de bonnes pates l\u2019ont vite adopt\u00e9\u00a0: <b><a href=\"https:\/\/www.lebonbon.fr\/lille\/actu\/papa-raffaele-italian-diner-lille\/\" target=\"_blank\" rel=\"noopener\">Alfredo <\/a>vient compl\u00e9ter l\u2019offre authentique italienne du groupe <a href=\"https:\/\/www.lebonbon.fr\/lille\/actu\/pizzeria-lilloise-sacree-50-meilleures-europe\/\" target=\"_blank\" rel=\"noopener\">Papa Famiglia<\/a>, avec ses<\/b> pasta maison et antipasti qui font voyager, sa carte de cocktails (et mocktails) au bons gouts de la dolce Vita, et son d\u00e9cor aux allures de dinner italo-am\u00e9ricain. Une valeur s\u00fbre pour un d\u00eener convivial ou un d\u00e9jeuner en famille\u00a0!<\/p>\n<blockquote class=\"instagram-media\" data-instgrm-permalink=\"https:\/\/www.instagram.com\/p\/DJ1FZrBI--Q\/?utm_source=ig_embed&amp;utm_campaign=loading\" data-instgrm-version=\"14\" style=\"background: #FFF; border: 0; border-radius: 3px; box-shadow: 0 0 1px 0 rgba(0,0,0,0.5),0 1px 10px 0 rgba(0,0,0,0.15); margin: 1px; max-width: 540px; min-width: 326px; padding: 0; width: calc(100% - 2px);\">\n<\/blockquote>\n<p>Alfredo<\/p>\n<li class=\"address info\">47, rue Jean Monnet Croix<\/li>\n<li class=\"opening-hours\">Lundi &#8211; jeudi : 12:00 &#8211; 13:45, 19:00 &#8211; 21:45<\/li>\n<li class=\"opening-hours\">Vendredi : 12:00 &#8211; 13:45, 19:00 &#8211; 22:30<\/li>\n<li class=\"opening-hours\">Samedi : 12:00 &#8211; 14:30, 19:00 &#8211; 22:30<\/li>\n<li class=\"opening-hours\">Dimanche : 12:00 &#8211; 14:30<\/li>\n<p><b>Y\u00e9nan\u00e9, cor\u00e9en cosy et savoureux<\/b><\/p>\n<p>Envie de changer de registre\u00a0? <b>Y\u00e9nan\u00e9<\/b> t\u2019embarque direct \u00e0 S\u00e9oul et va ravir les amateurs de cuisines parfum\u00e9es. Ce bistrot cor\u00e9en propose des plats traditionnels (kimchi, jjigae, mandu, poulet frit\u2026) faits maison, et tout ceci servis avec le sourire. Les avis sont unanimes\u00a0: un vrai bon plan pour une cuisine d\u2019ailleurs avec un accueil chaleureux.\u00a0<\/p>\n<blockquote class=\"instagram-media\" data-instgrm-permalink=\"https:\/\/www.instagram.com\/p\/DKr5wbfviVy\/?utm_source=ig_embed&amp;utm_campaign=loading\" data-instgrm-version=\"14\" style=\"background: #FFF; border: 0; border-radius: 3px; box-shadow: 0 0 1px 0 rgba(0,0,0,0.5),0 1px 10px 0 rgba(0,0,0,0.15); margin: 1px; max-width: 540px; min-width: 326px; padding: 0; width: calc(100% - 2px);\">\n<\/blockquote>\n<p>Yena N\u00e9<\/p>\n<li class=\"address info\">27, place S\u00e9bastopol Lille<\/li>\n<li class=\"opening-hours\">Mardi : 19:00 &#8211; 22:00<\/li>\n<li class=\"opening-hours\">Mercredi &#8211; jeudi : 12:00 &#8211; 14:00, 19:00 &#8211; 22:00<\/li>\n<li class=\"opening-hours\">Vendredi : 12:00 &#8211; 14:00, 19:00 &#8211; 22:30<\/li>\n<li class=\"opening-hours\">Samedi : 12:00 &#8211; 14:30, 19:00 &#8211; 23:00<\/li>\n<li class=\"opening-hours\">Dimanche : 12:00 &#8211; 14:30<\/li>\n<li class=\"opening-hours close\">Lundi : Ferm\u00e9<\/li>\n<p><b>La Piazzetta, l\u2019Italie traditionnelle dans le Vieux-Lille<\/b><\/p>\n<p>Ouverte r\u00e9cemment, <b>La Piazzetta<\/b> a charm\u00e9 les Lillois par son ambiance italienne authentique et ses plats simples, mais fortement r\u00e9ussis. On oublie les cartes \u00e0 rallonges de pizzas en tout genre (m\u00eames si on adore \u00e7a) ici c\u2019est pantipasti, 3 plats avec pasta maison, et desserts faits avec amour\u00a0: parfait pour un d\u00e9jeuner lent ou un aperitivo gourmand entre amis dans une atmosph\u00e8re conviviale (avec terrasse quand il fait beau\u00a0!).\u00a0<\/p>\n<blockquote class=\"instagram-media\" data-instgrm-permalink=\"https:\/\/www.instagram.com\/p\/DPyMzc7jI1w\/?utm_source=ig_embed&amp;utm_campaign=loading\" data-instgrm-version=\"14\" style=\"background: #FFF; border: 0; border-radius: 3px; box-shadow: 0 0 1px 0 rgba(0,0,0,0.5),0 1px 10px 0 rgba(0,0,0,0.15); margin: 1px; max-width: 540px; min-width: 326px; padding: 0; width: calc(100% - 2px);\">\n<\/blockquote>\n<p>La Piazzetta<\/p>\n<li class=\"opening-hours\">Mardi &#8211; samedi : 10:00 &#8211; 19:30<\/li>\n<li class=\"opening-hours close\">Lundi &#8211; dimanche : Ferm\u00e9<\/li>\n<p><b>PAE PAE, brunch &amp; vibes cosy<\/b><\/p>\n<p>Impossible de passer \u00e0 c\u00f4t\u00e9 du coffee-shop qui a red\u00e9fini le brunch \u00e0 Lille. <a href=\"https:\/\/www.lebonbon.fr\/lille\/actu\/nouvelle-zelande-lille-brunch-non-stop\/\" target=\"_blank\" rel=\"noopener\"><b>Pae Pae<\/b> <\/a>m\u00e9lange influences n\u00e9o-z\u00e9landaises et douceur de vivre locale\u00a0: caf\u00e9s artisanaux, brunchs g\u00e9n\u00e9reux aux influences japonisantes et ambiance relaxante. L\u2019endroit des rendez-vous papote avec ton ou ta meilleur(e) ami(e).\u00a0<\/p>\n<blockquote class=\"instagram-media\" data-instgrm-permalink=\"https:\/\/www.instagram.com\/p\/DQZu_0nDEqq\/?utm_source=ig_embed&amp;utm_campaign=loading\" data-instgrm-version=\"14\" style=\"background: #FFF; border: 0; border-radius: 3px; box-shadow: 0 0 1px 0 rgba(0,0,0,0.5),0 1px 10px 0 rgba(0,0,0,0.15); margin: 1px; max-width: 540px; min-width: 326px; padding: 0; width: calc(100% - 2px);\">\n<\/blockquote>\n<p>PAE PAE<\/p>\n<li class=\"address info\">237, all\u00e9e Cl\u00e9mentine Deman Lille<\/li>\n<li class=\"opening-hours\">Lundi &#8211; vendredi : 7:30 &#8211; 16:00<\/li>\n<li class=\"opening-hours\">Mardi : 9:00 &#8211; 16:00<\/li>\n<li class=\"opening-hours close\">Dimanche &#8211; samedi : Ferm\u00e9<\/li>\n<p><b>Duda\u2019s, la cuisine g\u00e9orgienne g\u00e9n\u00e9reuse<\/b><\/p>\n<p>Ouvert rue Gambetta \u00e0 Lille, Duda\u2019s t\u2019emm\u00e8ne dans le Caucase. Le g\u00e9rant, David Khildi, ancien reporter entre la G\u00e9orgie et la Tch\u00e9tch\u00e9nie, a d\u00e9cid\u00e9 de raconter son pays dans l\u2019assiette. Ce sont des plats g\u00e9orgiens traditionnels qu\u2019on y retrouve (comme le Khachapuri Adjaruli, les khinkalis, barbecue au bois de vigne..) faits maison par sa femme (qui donne son nom au resto), avec une carte pens\u00e9e pour faire d\u00e9couvrir toute la richesse de cette cuisine encore rare \u00e0 Lille.<\/p>\n<blockquote class=\"instagram-media\" data-instgrm-permalink=\"https:\/\/www.instagram.com\/p\/DOYVYdJjCU6\/?utm_source=ig_embed&amp;utm_campaign=loading\" data-instgrm-version=\"14\" style=\"background: #FFF; border: 0; border-radius: 3px; box-shadow: 0 0 1px 0 rgba(0,0,0,0.5),0 1px 10px 0 rgba(0,0,0,0.15); margin: 1px; max-width: 540px; min-width: 326px; padding: 0; width: calc(100% - 2px);\">\n<\/blockquote>\n<p>Duda&rsquo;s<\/p>\n<li class=\"address info\">18, rue L\u00e9on Gambetta Lille<\/li>\n<li class=\"opening-hours\">Mardi &#8211; dimanche : 12:00 &#8211; 14:00, 19:00 &#8211; 22:00<\/li>\n<li class=\"opening-hours close\">Lundi : Ferm\u00e9<\/li>\n<p>    <script async src=\"\/\/www.instagram.com\/embed.js\"><\/script><\/p>\n","protected":false},"excerpt":{"rendered":"Eva restaurant, l\u2019\u00e9toile montante de la gastronomie lilloise Depuis son ouverture, le magnifique Eva s\u2019est impos\u00e9 comme un&hellip;\n","protected":false},"author":2,"featured_media":663248,"comment_status":"","ping_status":"","sticky":false,"template":"","format":"standard","meta":{"footnotes":""},"categories":[2815],"tags":[1111,11,1777,674,1011,27,811,1307,12,25],"class_list":{"0":"post-663247","1":"post","2":"type-post","3":"status-publish","4":"format-standard","5":"has-post-thumbnail","7":"category-lille","8":"tag-actu","9":"tag-actualites","10":"tag-eu","11":"tag-europe","12":"tag-fr","13":"tag-france","14":"tag-hauts-de-france","15":"tag-lille","16":"tag-news","17":"tag-republique-francaise"},"share_on_mastodon":{"url":"https:\/\/pubeurope.com\/@fr\/115894238917899695","error":""},"_links":{"self":[{"href":"https:\/\/www.europesays.com\/fr\/wp-json\/wp\/v2\/posts\/663247","targetHints":{"allow":["GET"]}}],"collection":[{"href":"https:\/\/www.europesays.com\/fr\/wp-json\/wp\/v2\/posts"}],"about":[{"href":"https:\/\/www.europesays.com\/fr\/wp-json\/wp\/v2\/types\/post"}],"author":[{"embeddable":true,"href":"https:\/\/www.europesays.com\/fr\/wp-json\/wp\/v2\/users\/2"}],"replies":[{"embeddable":true,"href":"https:\/\/www.europesays.com\/fr\/wp-json\/wp\/v2\/comments?post=663247"}],"version-history":[{"count":0,"href":"https:\/\/www.europesays.com\/fr\/wp-json\/wp\/v2\/posts\/663247\/revisions"}],"wp:featuredmedia":[{"embeddable":true,"href":"https:\/\/www.europesays.com\/fr\/wp-json\/wp\/v2\/media\/663248"}],"wp:attachment":[{"href":"https:\/\/www.europesays.com\/fr\/wp-json\/wp\/v2\/media?parent=663247"}],"wp:term":[{"taxonomy":"category","embeddable":true,"href":"https:\/\/www.europesays.com\/fr\/wp-json\/wp\/v2\/categories?post=663247"},{"taxonomy":"post_tag","embeddable":true,"href":"https:\/\/www.europesays.com\/fr\/wp-json\/wp\/v2\/tags?post=663247"}],"curies":[{"name":"wp","href":"https:\/\/api.w.org\/{rel}","templated":true}]}}