{"id":663251,"date":"2026-01-14T15:49:22","date_gmt":"2026-01-14T15:49:22","guid":{"rendered":"https:\/\/www.europesays.com\/fr\/663251\/"},"modified":"2026-01-14T15:49:22","modified_gmt":"2026-01-14T15:49:22","slug":"prison-ferme-requise-a-marseille-contre-un-fournisseur-et-un-important-maraicher","status":"publish","type":"post","link":"https:\/\/www.europesays.com\/fr\/663251\/","title":{"rendered":"prison ferme requise \u00e0 Marseille contre un fournisseur et un important mara\u00eecher"},"content":{"rendered":"<p>Des peines de prison ferme ont \u00e9t\u00e9 requises mercredi \u00e0 Marseille contre un interm\u00e9diaire et un important mara\u00eecher, fournisseur de grandes marques de distribution, au proc\u00e8s d&rsquo;un trafic de produits phytosanitaires interdits.<\/p>\n<p>Le procureur a requis 10 mois de prison ferme, 65.000 euros d&rsquo;amende et une interdiction d&rsquo;exercer une profession en lien avec l&rsquo;agriculture contre Alain H., 78 ans, \u00ab\u00a0apporteur d&rsquo;affaires\u00a0\u00bb qui fournissait des agriculteurs des Bouches-du-Rh\u00f4ne et de la Dr\u00f4me et \u00ab\u00a0sans qui tout \u00e7a n&rsquo;aurait pas \u00e9t\u00e9 r\u00e9alis\u00e9\u00a0\u00bb.<\/p>\n<p>Contre son principal client, Didier C, 58 ans, tr\u00e8s important mara\u00eecher dont la soci\u00e9t\u00e9 exploite quelque 2.000 hectares dans les Bouches-du-Rh\u00f4ne, notamment pour produire des salades\u00a0pour les marques Bonduelle ou Florette et les plateformes de distribution de Lidl, Leclerc, Intermarch\u00e9 ou Super U, le procureur a requis 6 mois de prison ferme et 40.000 euros d&rsquo;amende, ainsi que 80.000 euros \u00e0 l&rsquo;encontre d&rsquo;une de ses soci\u00e9t\u00e9s,\u00a0la SCEA REVENY.<\/p>\n<p><a href=\"https:\/\/maritima.fr\/actualites\/environnement\/marseille\/10874\/marseille-le-proces-du-trafic-de-pesticides-a-commence-ce-lundi\" target=\"_blank\" rel=\"noopener\">Sept pr\u00e9venus au total sont poursuivis pour ce trafic<\/a>, entre 2018 et 2024, de produits phytosanitaires en provenance d&rsquo;Espagne ne b\u00e9n\u00e9ficiant pas d&rsquo;autorisation de mise sur le march\u00e9 (AMM) et donc interdits en France. Leurs productions mara\u00eech\u00e8res et fruiti\u00e8res \u00e9taient notamment commercialis\u00e9es dans des enseignes de la grande distribution.<\/p>\n<p>\u00ab\u00a0M\u00e9priser les autorisations de mise sur le march\u00e9, c&rsquo;est m\u00e9priser le consommateur\u00a0\u00bb, a d\u00e9nonc\u00e9 le procureur Michel Sastre, rappelant \u00e9galement \u00ab\u00a0la dangerosit\u00e9\u00a0\u00bb pour l&rsquo;homme et l&rsquo;environnement des substances en cause.<\/p>\n<p>\u00ab\u00a0Les peines vont tenir compte de l&rsquo;importance des exploitations, des casiers (judiciaires des pr\u00e9venus) et de leur \u00e2ge\u00a0\u00bb, a pr\u00e9cis\u00e9 le repr\u00e9sentant du parquet, r\u00e9clamant des peines plus l\u00e9g\u00e8res \u00e0 l&rsquo;encontre des cinq autres arboriculteurs et mara\u00eechers impliqu\u00e9s, trois des Bouches-du-Rh\u00f4ne et deux Dr\u00f4mois.<\/p>\n<p>Il a ainsi requis des peines s&rsquo;\u00e9chelonnent de 4 \u00e0 8 mois de prison avec sursis et de 15.000 \u00e0 40.000 d&rsquo;amende individuelles et des amendes entre 5.000 et 40.000 pour leurs soci\u00e9t\u00e9s.<\/p>\n<p>De nombreuses associations de d\u00e9fense de l&rsquo;environnement sont parties civiles dans un dossier qu&rsquo;elles estiment exemplaire, <a href=\"https:\/\/maritima.fr\/actualites\/justice\/marseille\/10859\/proces-dun-vaste-trafic-de-pesticides-a-marseille-fne-denonce-un-scandale-sanitaire-et-environnemental\" target=\"_blank\" rel=\"noopener\">France Nature Environnement (FNE)<\/a>, G\u00e9n\u00e9rations futures, la Ligue pour la protection des oiseaux LPO Paca, l&rsquo;UFC-Que Choisir ou encore le syndicat agricole de la Conf\u00e9d\u00e9ration paysanne.<\/p>\n<p>L&rsquo;audience se poursuit avec les plaidoiries de la d\u00e9fense. La d\u00e9cision devrait \u00eatre mise en d\u00e9lib\u00e9r\u00e9.<\/p>\n<p>\u00a0<\/p>\n<p>\u00a9 Agence France-Presse<\/p>\n","protected":false},"excerpt":{"rendered":"Des peines de prison ferme ont \u00e9t\u00e9 requises mercredi \u00e0 Marseille contre un interm\u00e9diaire et un important mara\u00eecher,&hellip;\n","protected":false},"author":2,"featured_media":663252,"comment_status":"","ping_status":"","sticky":false,"template":"","format":"standard","meta":{"footnotes":""},"categories":[2814],"tags":[1111,11,1777,674,1011,27,303,884,12,2091,882,25],"class_list":{"0":"post-663251","1":"post","2":"type-post","3":"status-publish","4":"format-standard","5":"has-post-thumbnail","7":"category-marseille","8":"tag-actu","9":"tag-actualites","10":"tag-eu","11":"tag-europe","12":"tag-fr","13":"tag-france","14":"tag-justice","15":"tag-marseille","16":"tag-news","17":"tag-pesticides","18":"tag-provence-alpes-cote-dazur","19":"tag-republique-francaise"},"share_on_mastodon":{"url":"https:\/\/pubeurope.com\/@fr\/115894246727228495","error":""},"_links":{"self":[{"href":"https:\/\/www.europesays.com\/fr\/wp-json\/wp\/v2\/posts\/663251","targetHints":{"allow":["GET"]}}],"collection":[{"href":"https:\/\/www.europesays.com\/fr\/wp-json\/wp\/v2\/posts"}],"about":[{"href":"https:\/\/www.europesays.com\/fr\/wp-json\/wp\/v2\/types\/post"}],"author":[{"embeddable":true,"href":"https:\/\/www.europesays.com\/fr\/wp-json\/wp\/v2\/users\/2"}],"replies":[{"embeddable":true,"href":"https:\/\/www.europesays.com\/fr\/wp-json\/wp\/v2\/comments?post=663251"}],"version-history":[{"count":0,"href":"https:\/\/www.europesays.com\/fr\/wp-json\/wp\/v2\/posts\/663251\/revisions"}],"wp:featuredmedia":[{"embeddable":true,"href":"https:\/\/www.europesays.com\/fr\/wp-json\/wp\/v2\/media\/663252"}],"wp:attachment":[{"href":"https:\/\/www.europesays.com\/fr\/wp-json\/wp\/v2\/media?parent=663251"}],"wp:term":[{"taxonomy":"category","embeddable":true,"href":"https:\/\/www.europesays.com\/fr\/wp-json\/wp\/v2\/categories?post=663251"},{"taxonomy":"post_tag","embeddable":true,"href":"https:\/\/www.europesays.com\/fr\/wp-json\/wp\/v2\/tags?post=663251"}],"curies":[{"name":"wp","href":"https:\/\/api.w.org\/{rel}","templated":true}]}}