{"id":663253,"date":"2026-01-14T15:50:13","date_gmt":"2026-01-14T15:50:13","guid":{"rendered":"https:\/\/www.europesays.com\/fr\/663253\/"},"modified":"2026-01-14T15:50:13","modified_gmt":"2026-01-14T15:50:13","slug":"en-fuite-il-jette-un-sac-bien-rempli-par-la-fenetre-pensant-pouvoir-tromper-les-policiers","status":"publish","type":"post","link":"https:\/\/www.europesays.com\/fr\/663253\/","title":{"rendered":"en fuite, il jette un sac\u00a0bien rempli\u00a0par la fen\u00eatre, pensant pouvoir tromper les policiers"},"content":{"rendered":"<p itemprop=\"description\"><strong>Un geste d\u00e9sesp\u00e9r\u00e9 face \u00e0 la police.<\/strong><\/p>\n<p>La sc\u00e8ne se d\u00e9roule dimanche 11 janvier 2026, vers 22h, rue des Martyrs-de-la-R\u00e9sistance \u00e0 V\u00e9nissieux.\u00a0<\/p>\n<p>Des policiers de la direction interd\u00e9partementale de la police nationale du Rh\u00f4ne assurent une mission de s\u00e9curisation lorsqu\u2019ils rep\u00e8rent un trafic de stup\u00e9fiants en cours dans les \u00e9tages d\u2019un immeuble.<\/p>\n<p>\u00c0 la vue des forces de l\u2019ordre, un individu prend la fuite dans la cage d\u2019escalier. Dans sa course, il jette un sac par la fen\u00eatre avant de s\u2019engouffrer dans un appartement. Un policier rest\u00e9 au pied de l\u2019immeuble r\u00e9cup\u00e8re le sac. \u00c0 l\u2019int\u00e9rieur, il d\u00e9couvre des produits stup\u00e9fiants.<\/p>\n<p>Pendant ce temps, les autres fonctionnaires interviennent dans le logement, \u00e0 la demande des propri\u00e9taires. Ces derniers confirment que le fuyard n\u2019est pas domicili\u00e9 chez eux. Les policiers interpellent alors un jeune homme de 20 ans, cach\u00e9 dans une chambre. Il est imm\u00e9diatement plac\u00e9 en garde \u00e0 vue.<\/p>\n<p>Le sac abandonn\u00e9 contient 724g de r\u00e9sine de cannabis et 146g d\u2019herbe de cannabis. La saisie approche ainsi le kilo de stup\u00e9fiants.<\/p>\n<p>Pr\u00e9sent\u00e9 au parquet de Lyon ce mardi 13 janvier 2026, le mis en cause fait l\u2019objet d\u2019une comparution imm\u00e9diate. La proc\u00e9dure est jointe \u00e0 d\u2019autres dossiers. Pour d\u00e9tention de stup\u00e9fiants en r\u00e9cidive, il est condamn\u00e9 \u00e0 15 mois d\u2019emprisonnement. Le tribunal prononce \u00e9galement une interdiction de s\u00e9jour dans le Rh\u00f4ne pendant cinq ans.<\/p>\n","protected":false},"excerpt":{"rendered":"Un geste d\u00e9sesp\u00e9r\u00e9 face \u00e0 la police. La sc\u00e8ne se d\u00e9roule dimanche 11 janvier 2026, vers 22h, rue&hellip;\n","protected":false},"author":2,"featured_media":663254,"comment_status":"","ping_status":"","sticky":false,"template":"","format":"standard","meta":{"footnotes":""},"categories":[1889],"tags":[1111,11,2813,2190,2430,1109,251,1112,2811,1777,674,118,1011,27,1922,1110,1114,2428,2810,12,241,316,25,2812,517,800],"class_list":{"0":"post-663253","1":"post","2":"type-post","3":"status-publish","4":"format-standard","5":"has-post-thumbnail","7":"category-lyon","8":"tag-actu","9":"tag-actualites","10":"tag-article","11":"tag-asvel","12":"tag-auvergne-rhone-alpes","13":"tag-breves","14":"tag-culture","15":"tag-depeches","16":"tag-economique","17":"tag-eu","18":"tag-europe","19":"tag-faits-divers","20":"tag-fr","21":"tag-france","22":"tag-info","23":"tag-informations","24":"tag-infos","25":"tag-lyon","26":"tag-lyonmag","27":"tag-news","28":"tag-ol","29":"tag-politique","30":"tag-republique-francaise","31":"tag-sociale","32":"tag-sport","33":"tag-transports"},"share_on_mastodon":{"url":"https:\/\/pubeurope.com\/@fr\/115894250609430134","error":""},"_links":{"self":[{"href":"https:\/\/www.europesays.com\/fr\/wp-json\/wp\/v2\/posts\/663253","targetHints":{"allow":["GET"]}}],"collection":[{"href":"https:\/\/www.europesays.com\/fr\/wp-json\/wp\/v2\/posts"}],"about":[{"href":"https:\/\/www.europesays.com\/fr\/wp-json\/wp\/v2\/types\/post"}],"author":[{"embeddable":true,"href":"https:\/\/www.europesays.com\/fr\/wp-json\/wp\/v2\/users\/2"}],"replies":[{"embeddable":true,"href":"https:\/\/www.europesays.com\/fr\/wp-json\/wp\/v2\/comments?post=663253"}],"version-history":[{"count":0,"href":"https:\/\/www.europesays.com\/fr\/wp-json\/wp\/v2\/posts\/663253\/revisions"}],"wp:featuredmedia":[{"embeddable":true,"href":"https:\/\/www.europesays.com\/fr\/wp-json\/wp\/v2\/media\/663254"}],"wp:attachment":[{"href":"https:\/\/www.europesays.com\/fr\/wp-json\/wp\/v2\/media?parent=663253"}],"wp:term":[{"taxonomy":"category","embeddable":true,"href":"https:\/\/www.europesays.com\/fr\/wp-json\/wp\/v2\/categories?post=663253"},{"taxonomy":"post_tag","embeddable":true,"href":"https:\/\/www.europesays.com\/fr\/wp-json\/wp\/v2\/tags?post=663253"}],"curies":[{"name":"wp","href":"https:\/\/api.w.org\/{rel}","templated":true}]}}