{"id":66326,"date":"2025-05-01T07:08:21","date_gmt":"2025-05-01T07:08:21","guid":{"rendered":"https:\/\/www.europesays.com\/fr\/66326\/"},"modified":"2025-05-01T07:08:21","modified_gmt":"2025-05-01T07:08:21","slug":"football-entraineur-de-la-reserve-cdd-le-centre-de-formation-de-lasse-encore-dans-lincertitude","status":"publish","type":"post","link":"https:\/\/www.europesays.com\/fr\/66326\/","title":{"rendered":"Football. Entra\u00eeneur de la r\u00e9serve, CDD&#8230; Le centre de formation de l\u2019ASSE encore dans l\u2019incertitude"},"content":{"rendered":"<p>Mardi 1er avril, alors en lutte pour le maintien, l\u2019ASSE ne faisait pas de mauvaise blague en annon\u00e7ant le d\u00e9part de l\u2019entra\u00eeneur de son \u00e9quipe r\u00e9serve depuis presque six ans, Razik Nedder, pour prendre, entre autres, la t\u00eate de la s\u00e9lection U20 de l\u2019Alg\u00e9rie.<\/p>\n<p>Bien que la priorit\u00e9 soit donn\u00e9e \u00e0 la sph\u00e8re professionnelle du club par Kilmer Sports Ventures (KSV) avec un maintien \u00e0 chercher en Ligue 1, ce d\u00e9part raconte aussi autre chose.<\/p>\n<p>Des CDD d\u2019un an pour la troisi\u00e8me&#8230;                <\/p>\n","protected":false},"excerpt":{"rendered":"Mardi 1er avril, alors en lutte pour le maintien, l\u2019ASSE ne faisait pas de mauvaise blague en annon\u00e7ant&hellip;\n","protected":false},"author":2,"featured_media":66327,"comment_status":"","ping_status":"","sticky":false,"template":"","format":"standard","meta":{"footnotes":""},"categories":[9653],"tags":[1111,11,4000,2430,7539,1777,674,107,63,1011,27,3367,12,25,4001,7538,517],"class_list":{"0":"post-66326","1":"post","2":"type-post","3":"status-publish","4":"format-standard","5":"has-post-thumbnail","7":"category-saint-etienne","8":"tag-actu","9":"tag-actualites","10":"tag-asse-as-saint-etienne-football","11":"tag-auvergne-rhone-alpes","12":"tag-edition-loire-sud","13":"tag-eu","14":"tag-europe","15":"tag-fil-info","16":"tag-football","17":"tag-fr","18":"tag-france","19":"tag-loire","20":"tag-news","21":"tag-republique-francaise","22":"tag-saint-etienne","23":"tag-saint-etienne-ville","24":"tag-sport"},"share_on_mastodon":{"url":"https:\/\/pubeurope.com\/@fr\/114431321988791426","error":""},"_links":{"self":[{"href":"https:\/\/www.europesays.com\/fr\/wp-json\/wp\/v2\/posts\/66326","targetHints":{"allow":["GET"]}}],"collection":[{"href":"https:\/\/www.europesays.com\/fr\/wp-json\/wp\/v2\/posts"}],"about":[{"href":"https:\/\/www.europesays.com\/fr\/wp-json\/wp\/v2\/types\/post"}],"author":[{"embeddable":true,"href":"https:\/\/www.europesays.com\/fr\/wp-json\/wp\/v2\/users\/2"}],"replies":[{"embeddable":true,"href":"https:\/\/www.europesays.com\/fr\/wp-json\/wp\/v2\/comments?post=66326"}],"version-history":[{"count":0,"href":"https:\/\/www.europesays.com\/fr\/wp-json\/wp\/v2\/posts\/66326\/revisions"}],"wp:featuredmedia":[{"embeddable":true,"href":"https:\/\/www.europesays.com\/fr\/wp-json\/wp\/v2\/media\/66327"}],"wp:attachment":[{"href":"https:\/\/www.europesays.com\/fr\/wp-json\/wp\/v2\/media?parent=66326"}],"wp:term":[{"taxonomy":"category","embeddable":true,"href":"https:\/\/www.europesays.com\/fr\/wp-json\/wp\/v2\/categories?post=66326"},{"taxonomy":"post_tag","embeddable":true,"href":"https:\/\/www.europesays.com\/fr\/wp-json\/wp\/v2\/tags?post=66326"}],"curies":[{"name":"wp","href":"https:\/\/api.w.org\/{rel}","templated":true}]}}