{"id":663275,"date":"2026-01-14T16:02:15","date_gmt":"2026-01-14T16:02:15","guid":{"rendered":"https:\/\/www.europesays.com\/fr\/663275\/"},"modified":"2026-01-14T16:02:15","modified_gmt":"2026-01-14T16:02:15","slug":"allemagne-tentative-dincendie-contre-une-synagogue-a-giessen","status":"publish","type":"post","link":"https:\/\/www.europesays.com\/fr\/663275\/","title":{"rendered":"Allemagne : Tentative D&rsquo;incendie Contre Une Synagogue \u00c0 Giessen"},"content":{"rendered":"<p class=\"\" data-is=\"component-paragraph\">Un homme de 32 ans a \u00e9t\u00e9 interpell\u00e9 mardi soir apr\u00e8s avoir tent\u00e9 de mettre le feu \u00e0 une synagogue dans la ville de Giessen, en Allemagne.<\/p>\n<p class=\"\" data-is=\"component-paragraph\">Les faits se sont d\u00e9roul\u00e9s mardi soir vers 20h35 \u00e0 l&rsquo;entr\u00e9e du b\u00e2timent de la communaut\u00e9 juive de Giessen. Selon les m\u00e9dias allemands, le suspect aurait enflamm\u00e9 un conteneur rempli de papiers et d&rsquo;ordures situ\u00e9 devant l&rsquo;\u00e9difice religieux. Les images de vid\u00e9osurveillance le montrent en train d&rsquo;effectuer un salut nazi juste apr\u00e8s son acte.\u00a0<\/p>\n<p class=\"\" data-is=\"component-paragraph\">Un t\u00e9moin a imm\u00e9diatement alert\u00e9 les services d&rsquo;urgence, permettant une intervention rapide des pompiers et de plusieurs v\u00e9hicules de police. Les forces de l&rsquo;ordre ont proc\u00e9d\u00e9 \u00e0 l&rsquo;arrestation d&rsquo;un suspect sur place, tandis que les pompiers parvenaient \u00e0 \u00e9teindre les flammes avant qu&rsquo;elles n&rsquo;atteignent la synagogue.<\/p>\n<p class=\"\" data-is=\"component-paragraph\">Malgr\u00e9 cette intervention efficace, un rideau m\u00e9tallique et le portail d&rsquo;entr\u00e9e du lieu de culte ont \u00e9t\u00e9 endommag\u00e9s. Aucune victime n&rsquo;est \u00e0 d\u00e9plorer.<\/p>\n<p class=\"\" data-is=\"component-paragraph\">Selon la police locale, les premiers \u00e9l\u00e9ments de l&rsquo;enqu\u00eate sugg\u00e8rent que l&rsquo;homme aurait agi seul. Les constatations effectu\u00e9es sur place confirment qu&rsquo;il a mis le feu \u00e0 des rouleaux de papier usag\u00e9s entrepos\u00e9s dans le conteneur.<\/p>\n<p><img alt=\"Video poster\" class=\"video-poster\" data-is=\"lazy-image\" data-observed-item-id=\"https:\/\/api.i24news.tv\/fr\/brightcove\/6385211904112\/poster\"\/>Objets nazis : une vente aux ench\u00e8res annul\u00e9e en Allemagne<\/p>\n<p class=\"\" data-is=\"component-paragraph\">L&rsquo;identit\u00e9 du suspect et ses motivations font l&rsquo;objet d&rsquo;une enqu\u00eate approfondie, a pr\u00e9cis\u00e9 la police dans un communiqu\u00e9. L&rsquo;ampleur exacte des d\u00e9g\u00e2ts mat\u00e9riels n&rsquo;a pas encore \u00e9t\u00e9 \u00e9valu\u00e9e.<\/p>\n<p class=\"\" data-is=\"component-paragraph\">Cet incident s&rsquo;inscrit dans la <a data-is=\"component-link\" href=\"https:\/\/www.i24news.tv\/fr\/actu\/international\/europe\/artc-allemagne-un-responsable-charge-de-la-lutte-contre-l-antisemitisme-cible-par-un-acte-terroriste-presume\" title=\"https:\/\/www.i24news.tv\/fr\/actu\/international\/europe\/artc-allemagne-un-responsable-charge-de-la-lutte-contre-l-antisemitisme-cible-par-un-acte-terroriste-presume\" target=\"\" class=\"link\" rel=\"noopener\">vague d&rsquo;incidents antis\u00e9mites qui frappe l&rsquo;Allemagne<\/a> et l&rsquo;Europe depuis le 7 octobre 2023.\u00a0<\/p>\n","protected":false},"excerpt":{"rendered":"Un homme de 32 ans a \u00e9t\u00e9 interpell\u00e9 mardi soir apr\u00e8s avoir tent\u00e9 de mettre le feu \u00e0&hellip;\n","protected":false},"author":2,"featured_media":663276,"comment_status":"","ping_status":"","sticky":false,"template":"","format":"standard","meta":{"footnotes":""},"categories":[1587],"tags":[11,672,1804,1805,1803,1777,674,1801,12,1802],"class_list":{"0":"post-663275","1":"post","2":"type-post","3":"status-publish","4":"format-standard","5":"has-post-thumbnail","7":"category-allemagne","8":"tag-actualites","9":"tag-allemagne","10":"tag-bundesrepublik-deutschland","11":"tag-de","12":"tag-deutschland","13":"tag-eu","14":"tag-europe","15":"tag-germany","16":"tag-news","17":"tag-republique-federale-dallemagne"},"share_on_mastodon":{"url":"https:\/\/pubeurope.com\/@fr\/115894297856226958","error":""},"_links":{"self":[{"href":"https:\/\/www.europesays.com\/fr\/wp-json\/wp\/v2\/posts\/663275","targetHints":{"allow":["GET"]}}],"collection":[{"href":"https:\/\/www.europesays.com\/fr\/wp-json\/wp\/v2\/posts"}],"about":[{"href":"https:\/\/www.europesays.com\/fr\/wp-json\/wp\/v2\/types\/post"}],"author":[{"embeddable":true,"href":"https:\/\/www.europesays.com\/fr\/wp-json\/wp\/v2\/users\/2"}],"replies":[{"embeddable":true,"href":"https:\/\/www.europesays.com\/fr\/wp-json\/wp\/v2\/comments?post=663275"}],"version-history":[{"count":0,"href":"https:\/\/www.europesays.com\/fr\/wp-json\/wp\/v2\/posts\/663275\/revisions"}],"wp:featuredmedia":[{"embeddable":true,"href":"https:\/\/www.europesays.com\/fr\/wp-json\/wp\/v2\/media\/663276"}],"wp:attachment":[{"href":"https:\/\/www.europesays.com\/fr\/wp-json\/wp\/v2\/media?parent=663275"}],"wp:term":[{"taxonomy":"category","embeddable":true,"href":"https:\/\/www.europesays.com\/fr\/wp-json\/wp\/v2\/categories?post=663275"},{"taxonomy":"post_tag","embeddable":true,"href":"https:\/\/www.europesays.com\/fr\/wp-json\/wp\/v2\/tags?post=663275"}],"curies":[{"name":"wp","href":"https:\/\/api.w.org\/{rel}","templated":true}]}}