{"id":66328,"date":"2025-05-01T07:09:09","date_gmt":"2025-05-01T07:09:09","guid":{"rendered":"https:\/\/www.europesays.com\/fr\/66328\/"},"modified":"2025-05-01T07:09:09","modified_gmt":"2025-05-01T07:09:09","slug":"tournoi-dimprovisation-de-lest-ou-presque","status":"publish","type":"post","link":"https:\/\/www.europesays.com\/fr\/66328\/","title":{"rendered":"tournoi d\u2019improvisation de l\u2019Est\u2026 ou presque"},"content":{"rendered":"<p>La MJC Pichon accueille le Tournoi de l\u2019Est&#8230; ou presque. Durant deux soir\u00e9es, quatre \u00e9quipes venues de Limoges (La Balise), Strasbourg (Les Anodins), Lyon (Les Guily) et Nancy (Improdisiaque) vont s\u2019affronter dans des joutes 100\u00a0% improvis\u00e9es, guid\u00e9es par les id\u00e9es du public. Venez vivre des sc\u00e8nes d\u00e9lirantes ou absurdes, o\u00f9 com\u00e9dies et rebondissements impr\u00e9visibles s\u2019encha\u00eeneront \u00e0 toute vitesse. <\/p>\n<p class=\"note\">Vendredi\u00a02 et samedi 3\u00a0mai, \u00e0 20\u00a0h\u00a030, \u00e0 la MJC Pichon, 7, boulevard du Recteur-Senn, \u00e0 Nancy. Tarifs\u00a0: 6\u00a0\u20ac, pass deux soir\u00e9es 7\u00a0\u20ac.<\/p>\n","protected":false},"excerpt":{"rendered":"La MJC Pichon accueille le Tournoi de l\u2019Est&#8230; ou presque. Durant deux soir\u00e9es, quatre \u00e9quipes venues de Limoges&hellip;\n","protected":false},"author":2,"featured_media":66329,"comment_status":"","ping_status":"","sticky":false,"template":"","format":"standard","meta":{"footnotes":""},"categories":[9635],"tags":[1111,11,1687,1704,1777,674,1011,27,775,1702,1703,12,25,3140],"class_list":{"0":"post-66328","1":"post","2":"type-post","3":"status-publish","4":"format-standard","5":"has-post-thumbnail","7":"category-nancy","8":"tag-actu","9":"tag-actualites","10":"tag-culture-loisirs","11":"tag-edition-nancy-et-agglomeration","12":"tag-eu","13":"tag-europe","14":"tag-fr","15":"tag-france","16":"tag-grand-est","17":"tag-nancy","18":"tag-nancy-ville-54b","19":"tag-news","20":"tag-republique-francaise","21":"tag-spectacle"},"share_on_mastodon":{"url":"https:\/\/pubeurope.com\/@fr\/114431325835424284","error":""},"_links":{"self":[{"href":"https:\/\/www.europesays.com\/fr\/wp-json\/wp\/v2\/posts\/66328","targetHints":{"allow":["GET"]}}],"collection":[{"href":"https:\/\/www.europesays.com\/fr\/wp-json\/wp\/v2\/posts"}],"about":[{"href":"https:\/\/www.europesays.com\/fr\/wp-json\/wp\/v2\/types\/post"}],"author":[{"embeddable":true,"href":"https:\/\/www.europesays.com\/fr\/wp-json\/wp\/v2\/users\/2"}],"replies":[{"embeddable":true,"href":"https:\/\/www.europesays.com\/fr\/wp-json\/wp\/v2\/comments?post=66328"}],"version-history":[{"count":0,"href":"https:\/\/www.europesays.com\/fr\/wp-json\/wp\/v2\/posts\/66328\/revisions"}],"wp:featuredmedia":[{"embeddable":true,"href":"https:\/\/www.europesays.com\/fr\/wp-json\/wp\/v2\/media\/66329"}],"wp:attachment":[{"href":"https:\/\/www.europesays.com\/fr\/wp-json\/wp\/v2\/media?parent=66328"}],"wp:term":[{"taxonomy":"category","embeddable":true,"href":"https:\/\/www.europesays.com\/fr\/wp-json\/wp\/v2\/categories?post=66328"},{"taxonomy":"post_tag","embeddable":true,"href":"https:\/\/www.europesays.com\/fr\/wp-json\/wp\/v2\/tags?post=66328"}],"curies":[{"name":"wp","href":"https:\/\/api.w.org\/{rel}","templated":true}]}}