{"id":663290,"date":"2026-01-14T16:15:15","date_gmt":"2026-01-14T16:15:15","guid":{"rendered":"https:\/\/www.europesays.com\/fr\/663290\/"},"modified":"2026-01-14T16:15:15","modified_gmt":"2026-01-14T16:15:15","slug":"vingegaard-etait-au-bord-du-burn-out-sports","status":"publish","type":"post","link":"https:\/\/www.europesays.com\/fr\/663290\/","title":{"rendered":"Vingegaard \u00e9tait \u00ab\u00a0au bord du burn-out\u00a0\u00bb : Sports"},"content":{"rendered":"<p class=\"date\">\n                                                            Paul Rouget, Media365 : publi\u00e9 le mercredi 14 janvier 2026 \u00e0 13h25\n                                                    <\/p>\n<p>Apr\u00e8s la retraite surprise de son co\u00e9quipier de Visma &#8211; Lease a Bike Simon Yates, Jonas Vingegaard a r\u00e9v\u00e9l\u00e9 qu&rsquo;il n&rsquo;\u00e9tait pas non plus insensible \u00e0 ce rythme \u00ab\u00a0usant\u00a0\u00bb.<\/p>\n<p>Une \u00e9norme surprise. Mercredi dernier, <a href=\"https:\/\/sports.orange.fr\/cyclisme\/article\/visma-lease-a-bike-simon-yates-dit-stop-CNT000002mwtFl.html\" target=\"_blank\" rel=\"noopener\">Simon Yates (33 ans) a annonc\u00e9 qu&rsquo;il prenait sa retraite<\/a>, quelques mois apr\u00e8s avoir remport\u00e9 le deuxi\u00e8me grand Tour de sa carri\u00e8re en Italie. Une d\u00e9cision inattendue, peut-\u00eatre m\u00eame jusqu&rsquo;au sein de la propre \u00e9quipe de l&rsquo;Anglais.<\/p>\n<p>Depuis le sud de l&rsquo;Espagne, o\u00f9 il pr\u00e9pare la nouvelle saison, son d\u00e9sormais ex-co\u00e9quipier Jonas Vingegaard a r\u00e9agi \u00e0 cette annonce surprise. \u00ab Il aurait jou\u00e9 un r\u00f4le important sur le Tour de France. Mais je respecte sa d\u00e9cision. Ce n&rsquo;est pas quelque chose qui sort de nulle part \u00bb, a d\u00e9clar\u00e9 le leader de Visma &#8211; Lease a Bike, qui a confirm\u00e9 qu&rsquo;il participerait bien <a href=\"https:\/\/sports.orange.fr\/cyclisme\/tour-d-italie\/article\/visma-lease-a-bike-vingegaard-disputera-son-premier-giro-avant-le-tour-CNT000002mCiWt.html\" target=\"_blank\" rel=\"noopener\">pour la premi\u00e8re fois au Giro cette ann\u00e9e, en plus de la Grande Boucle<\/a>.<\/p>\n<p>\u00ab\u00a0C&rsquo;est un sport usant\u00a0\u00bb<\/p>\n<p>Avant de faire un aveu. \u00ab\u00a0J&rsquo;ai moi-m\u00eame \u00e9t\u00e9 au bord du burn-out, a confi\u00e9 le Danois, rapporte Feltet. C&rsquo;est un sport usant, avec toutes les p\u00e9riodes d&rsquo;entra\u00eenement que vous devez faire. Et en ce qui concerne Yates, je connais le programme qu&rsquo;il a d\u00fb suivre l&rsquo;ann\u00e9e derni\u00e8re. Je comprends donc \u00e0 quel point cela a d\u00fb \u00eatre difficile pour lui.\u00a0\u00bb<\/p>\n<p>Le tout dit sans bl\u00e2mer la formation n\u00e9erlandaise, pas r\u00e9put\u00e9e pour \u00eatre tr\u00e8s tendre avec ses coureurs. \u00ab Je ne bl\u00e2me pas l&rsquo;\u00e9quipe, poursuit Vingegaard. C&rsquo;est aussi aux coureurs de signaler \u00e0 l&rsquo;\u00e9quipe quand on en fait trop, qu&rsquo;on n&rsquo;en peut plus et qu&rsquo;il vaut mieux changer quelque chose. Bien s\u00fbr, ils nous demandent beaucoup et c&rsquo;est difficile de dire \u00e0 son \u00e9quipe qu&rsquo;on ne peut pas faire ce qu&rsquo;on nous demande. Moi-m\u00eame, je n&rsquo;ai pas toujours \u00e9t\u00e9 capable d&rsquo;exprimer ce que je pensais et c&rsquo;est probablement la raison pour laquelle j&rsquo;ai parfois eu des difficult\u00e9s par le pass\u00e9. \u00bb Mais ce serait donc d\u00e9sormais du pass\u00e9 pour \u00ab Vingo \u00bb, qui se dit \u00ab en grande forme \u00bb pour cette saison. Il le faudra s&rsquo;il esp\u00e8re dompter l&rsquo;impressionnant Tadej Pogacar&#8230;<\/p>\n","protected":false},"excerpt":{"rendered":"Paul Rouget, Media365 : publi\u00e9 le mercredi 14 janvier 2026 \u00e0 13h25 Apr\u00e8s la retraite surprise de son&hellip;\n","protected":false},"author":2,"featured_media":663291,"comment_status":"","ping_status":"","sticky":false,"template":"","format":"standard","meta":{"footnotes":""},"categories":[1411],"tags":[1154,207,1011,27,60],"class_list":{"0":"post-663290","1":"post","2":"type-post","3":"status-publish","4":"format-standard","5":"has-post-thumbnail","7":"category-cyclisme","8":"tag-cycling","9":"tag-cyclisme","10":"tag-fr","11":"tag-france","12":"tag-sports"},"share_on_mastodon":{"url":"https:\/\/pubeurope.com\/@fr\/115894349039202406","error":""},"_links":{"self":[{"href":"https:\/\/www.europesays.com\/fr\/wp-json\/wp\/v2\/posts\/663290","targetHints":{"allow":["GET"]}}],"collection":[{"href":"https:\/\/www.europesays.com\/fr\/wp-json\/wp\/v2\/posts"}],"about":[{"href":"https:\/\/www.europesays.com\/fr\/wp-json\/wp\/v2\/types\/post"}],"author":[{"embeddable":true,"href":"https:\/\/www.europesays.com\/fr\/wp-json\/wp\/v2\/users\/2"}],"replies":[{"embeddable":true,"href":"https:\/\/www.europesays.com\/fr\/wp-json\/wp\/v2\/comments?post=663290"}],"version-history":[{"count":0,"href":"https:\/\/www.europesays.com\/fr\/wp-json\/wp\/v2\/posts\/663290\/revisions"}],"wp:featuredmedia":[{"embeddable":true,"href":"https:\/\/www.europesays.com\/fr\/wp-json\/wp\/v2\/media\/663291"}],"wp:attachment":[{"href":"https:\/\/www.europesays.com\/fr\/wp-json\/wp\/v2\/media?parent=663290"}],"wp:term":[{"taxonomy":"category","embeddable":true,"href":"https:\/\/www.europesays.com\/fr\/wp-json\/wp\/v2\/categories?post=663290"},{"taxonomy":"post_tag","embeddable":true,"href":"https:\/\/www.europesays.com\/fr\/wp-json\/wp\/v2\/tags?post=663290"}],"curies":[{"name":"wp","href":"https:\/\/api.w.org\/{rel}","templated":true}]}}