{"id":663296,"date":"2026-01-14T16:18:11","date_gmt":"2026-01-14T16:18:11","guid":{"rendered":"https:\/\/www.europesays.com\/fr\/663296\/"},"modified":"2026-01-14T16:18:11","modified_gmt":"2026-01-14T16:18:11","slug":"la-reapparition-dun-dessin-inedit-dhans-baldung-grien-maitre-virtuose-de-la-renaissance","status":"publish","type":"post","link":"https:\/\/www.europesays.com\/fr\/663296\/","title":{"rendered":"La r\u00e9apparition d\u2019un dessin in\u00e9dit d\u2019Hans Baldung Grien, ma\u00eetre virtuose de la Renaissance"},"content":{"rendered":"<p>\n    <strong>R\u00c9CIT &#8211;<\/strong> Estim\u00e9 entre 1,5 million et 3 millions d\u2019euros, cette rare feuille de l\u2019artiste allemand, parmi les plus dou\u00e9s de l\u2019atelier de D\u00fcrer, sera vendue en mars, \u00e0 Drouot, en ouverture de la semaine du salon du dessin.<\/p>\n<p class=\"fig-paragraph\">C\u2019est une d\u00e9couverte majeure comme le march\u00e9 en raffole. Elle s\u2019est faite dans des circonstances qui font la joie d\u2019une carri\u00e8re de commissaire-priseur. Lors d\u2019un inventaire de succession dans une propri\u00e9t\u00e9 en Alsace, l\u2019\u00e9tude\u00a0<a href=\"https:\/\/www.beaussantlefevre.com\/vente\/173909\" target=\"_blank\" rel=\"nofollow noopener\" data-gtm-custom-categorie=\"navigation\" data-gtm-custom-action=\"crossclick\" data-gtm-custom-label=\"Contextuel\" data-gtm-event=\"customEventSPE\">Beaussant Lefevre &amp; Associ\u00e9s<\/a>\u00a0tombe sur un petit dessin dat\u00e9 de 1517 avec un monogramme. Elle est alors \u00e0 mille lieues d\u2019imaginer que son auteur est Hans Baldung Grien, grand ma\u00eetre de la Renaissance parmi les plus dou\u00e9s de l\u2019atelier d\u2019<a href=\"https:\/\/video.lefigaro.fr\/figaro\/exposition-albrecht-durer-un-genie-de-la-renaissance-20220628\" data-fig-type=\"Video\" data-gtm-custom-categorie=\"navigation\" data-gtm-custom-action=\"crossclick\" data-gtm-custom-label=\"Contextuel\" data-gtm-event=\"customEventSPE\" data-fig-domain=\"LEFIGARO\" target=\"_blank\" rel=\"noopener\">Albrecht D\u00fcrer<\/a>. Inconnu jusque-l\u00e0 des historiens, ce rare dessin \u00e0 la pointe d\u2019argent &#8211; une technique extr\u00eamement difficile \u00e0 ma\u00eetriser sur papier pr\u00e9par\u00e9 \u00e0 la poudre d\u2019os &#8211; a \u00e9t\u00e9 montr\u00e9 par le cabinet de Bayser au professeur Metzger qui l\u2019a authentifi\u00e9 comme tel.<\/p>\n<p class=\"fig-paragraph\">Il sera vendu le 23 mars \u00e0 Drouot, \u00e0 la veille de l\u2019ouverture du\u00a0<a href=\"http:\/\/www.lefigaro.fr\/arts-expositions\/ingres-salvador-dali-chagall-les-bonnes-feuilles-du-salon-du-dessin-20250326\" data-fig-type=\"Article\" data-gtm-custom-categorie=\"navigation\" data-gtm-custom-action=\"crossclick\" data-gtm-custom-label=\"Contextuel\" data-gtm-event=\"customEventSPE\" data-fig-domain=\"LEFIGARO\" target=\"_blank\" rel=\"noopener\">salon du dessin<\/a>\u00a0au Palais Brongniart. Cette p\u00e9pite devrait faire l\u2019\u00e9v\u00e8nement de cette semaine qui r\u00e9unit, \u00e0 Paris, les amateurs internationaux souvent les plus pointus. Seul un fin connaisseur est en mesure d\u2019appr\u00e9cier\u2026<\/p>\n<p class=\"fig-premium-paywall__infos\">\n        Cet article est r\u00e9serv\u00e9 aux abonn\u00e9s.        Il vous reste 82% \u00e0 d\u00e9couvrir.\n    <\/p>\n<p>                <img  data- alt=\"Le Figaro\" class=\"fig-img--complete fig-img\"\/><\/p>\n<p class=\"fig-premium-paywall__title\">Le Figaro c\u00e9l\u00e8bre ses 200 ans<\/p>\n<p class=\"fig-premium-paywall__subtitle\">Offre anniversaire : 2\u20ac\/mois pendant 200 semaines<\/p>\n<p class=\"fig-premium-paywall__connect\">\n                D\u00e9j\u00e0 abonn\u00e9\u00a0?                <a class=\"fig-premium-paywall__connect-link\" href=\"https:\/\/connect.lefigaro.fr\/login?client=horizon_web&amp;type=main&amp;redirect_uri=https%3A%2F%2Fwww.lefigaro.fr%2Fculture%2Fencheres%2Fla-reapparition-d-un-dessin-inedit-d-hans-baldung-grien-maitre-virtuose-de-la-renaissance-20260114\" data-js-gtm=\"{&quot;customCategorie&quot;: &quot;conversion&quot;, &quot;customAction&quot;: &quot;before_Landing_Connexion_paywall_auto&quot;, &quot;customLabel&quot;: &quot;bGVmaWdhcm8uZnJfXzFmMGYwOWQ5LWY0ZDEtNmQ3MC05MjQwLWNiYzM1MTJmNDY2Y19fQXJ0aWNsZQ==_La r\u00e9apparition d\u2019un dessin in\u00e9dit d\u2019Hans Baldung Grien, ma\u00eetre virtuose de la Renaissance_275&quot;, &quot;customIDSPE&quot;: &quot;bGVmaWdhcm8uZnJfXzFmMGYwOWQ5LWY0ZDEtNmQ3MC05MjQwLWNiYzM1MTJmNDY2Y19fQXJ0aWNsZQ==&quot;, &quot;event&quot;: &quot;customEventSPE&quot;}\" target=\"_blank\" rel=\"noopener\"><br \/>\n                    Connectez-vous<br \/>\n                <\/a>\n            <\/p>\n","protected":false},"excerpt":{"rendered":"R\u00c9CIT &#8211; Estim\u00e9 entre 1,5 million et 3 millions d\u2019euros, cette rare feuille de l\u2019artiste allemand, parmi les&hellip;\n","protected":false},"author":2,"featured_media":663297,"comment_status":"","ping_status":"","sticky":false,"template":"","format":"standard","meta":{"footnotes":""},"categories":[1358],"tags":[1348,1384,1385,1386,58,53182,59,1011,27,626,3370],"class_list":{"0":"post-663296","1":"post","2":"type-post","3":"status-publish","4":"format-standard","5":"has-post-thumbnail","7":"category-arts-et-design","8":"tag-arts","9":"tag-arts-and-design","10":"tag-arts-et-design","11":"tag-design","12":"tag-divertissement","13":"tag-drouot","14":"tag-entertainment","15":"tag-fr","16":"tag-france","17":"tag-paris","18":"tag-renaissance"},"share_on_mastodon":{"url":"https:\/\/pubeurope.com\/@fr\/115894360625519435","error":""},"_links":{"self":[{"href":"https:\/\/www.europesays.com\/fr\/wp-json\/wp\/v2\/posts\/663296","targetHints":{"allow":["GET"]}}],"collection":[{"href":"https:\/\/www.europesays.com\/fr\/wp-json\/wp\/v2\/posts"}],"about":[{"href":"https:\/\/www.europesays.com\/fr\/wp-json\/wp\/v2\/types\/post"}],"author":[{"embeddable":true,"href":"https:\/\/www.europesays.com\/fr\/wp-json\/wp\/v2\/users\/2"}],"replies":[{"embeddable":true,"href":"https:\/\/www.europesays.com\/fr\/wp-json\/wp\/v2\/comments?post=663296"}],"version-history":[{"count":0,"href":"https:\/\/www.europesays.com\/fr\/wp-json\/wp\/v2\/posts\/663296\/revisions"}],"wp:featuredmedia":[{"embeddable":true,"href":"https:\/\/www.europesays.com\/fr\/wp-json\/wp\/v2\/media\/663297"}],"wp:attachment":[{"href":"https:\/\/www.europesays.com\/fr\/wp-json\/wp\/v2\/media?parent=663296"}],"wp:term":[{"taxonomy":"category","embeddable":true,"href":"https:\/\/www.europesays.com\/fr\/wp-json\/wp\/v2\/categories?post=663296"},{"taxonomy":"post_tag","embeddable":true,"href":"https:\/\/www.europesays.com\/fr\/wp-json\/wp\/v2\/tags?post=663296"}],"curies":[{"name":"wp","href":"https:\/\/api.w.org\/{rel}","templated":true}]}}