{"id":663298,"date":"2026-01-14T16:20:11","date_gmt":"2026-01-14T16:20:11","guid":{"rendered":"https:\/\/www.europesays.com\/fr\/663298\/"},"modified":"2026-01-14T16:20:11","modified_gmt":"2026-01-14T16:20:11","slug":"the-white-lotus-la-saison-4-sera-tournee-dans-un-palace-de-saint-tropez","status":"publish","type":"post","link":"https:\/\/www.europesays.com\/fr\/663298\/","title":{"rendered":"\u00ab The White Lotus \u00bb\u00a0: la saison\u00a04 sera tourn\u00e9e dans un palace de Saint-Tropez"},"content":{"rendered":"<p class=\"paragraph text_align_left lp-f-body-02\">Alors que la saison 4 de <a href=\"https:\/\/www.leparisien.fr\/culture-loisirs\/series\/white-lotus-la-serie-debarque-en-france-pour-sa-4e-saison-mais-le-lieu-de-tournage-reste-un-mystere-05-09-2025-BWNSRVLOHBAF3DM35FRZYVQBYY.php\" target=\"_self\" rel=\"noopener\">\u00ab The White Lotus \u00bb<\/a> est toujours en cours d\u2019\u00e9criture, les pronostics sur les lieux qui accueilleraient les riches clients de la cha\u00eene d\u2019h\u00f4tels de luxe fictive allaient bon train depuis plusieurs mois. En avril 2025, le cr\u00e9ateur de <a href=\"https:\/\/www.leparisien.fr\/culture-loisirs\/series\/inceste-plan-a-3-suicide-quand-la-serie-the-white-lotus-nuit-a-la-reputation-de-la-celebre-universite-de-duke-27-03-2025-2GHKPHKJNJCZHEB22ROWSEZAAU.php\" target=\"_self\" rel=\"noopener\">la s\u00e9rie<\/a> Mike White, avait confi\u00e9 \u00e0 <a href=\"https:\/\/deadline.com\/2025\/04\/the-white-lotus-mike-white-teases-location-season-4-1236361757\/\" rel=\"noopener\" target=\"_blank\">Deadline<\/a> son souhait de \u00ab s\u2019\u00e9loigner un peu des vagues qui s\u2019\u00e9crasent sur les rochers \u00bb.<\/p>\n<p class=\"\">Les personnages de la saison 4 vont pourtant poser leurs bagages dans le Sud de la France, dans le ch\u00e2teau de la Messardi\u00e8re, \u00e0 <a href=\"https:\/\/www.leparisien.fr\/faits-divers\/le-fleau-des-vols-de-montre-de-luxe-saint-tropez-ca-devient-nimporte-quoi-16-08-2025-NC6ZXDIZIBBFRMYWTDVBXWW6C4.php\" target=\"_self\" rel=\"noopener\">Saint-Tropez<\/a>, a r\u00e9v\u00e9l\u00e9 <a href=\"https:\/\/variety.com\/2026\/tv\/global\/white-lotus-season-4-location-saint-tropez-hotel-1236627285\/\" target=\"_self\" rel=\"noopener\">Variety<\/a>. Cette b\u00e2tisse du XIXe si\u00e8cle a \u00e9t\u00e9 transform\u00e9e en h\u00f4tel de luxe et se situe sur un domaine de 13 hectares plant\u00e9 de pins parasols, de cypr\u00e8s et de jasmins. Elle fait partie d\u2019Airelles Collection, un groupe d\u2019h\u00f4tels cinq \u00e9toiles appartenant au milliardaire fran\u00e7ais St\u00e9phane Courbit, \u00e9galement fondateur et pr\u00e9sident du groupe Banijay.<\/p>\n<p>3 081 euros la nuit<\/p>\n<p class=\"\">Le <a href=\"https:\/\/airelles.com\/fr\/destination\/chateau-de-la-messardiere-hotel\/histoire-palace-5-etoiles-luxe\" target=\"_self\" rel=\"noopener\">site<\/a> du palace indique que le ch\u00e2teau a \u00e9t\u00e9 fait construire par un marchand de cognac, Gabriel Dupuy d\u2019Angeac, qui l\u2019a offert en cadeau de mariage \u00e0 sa fille Louise. Celle-ci en a fait un h\u00f4tel apr\u00e8s la mort de son mari. Dans les ann\u00e9es 1920, il \u00e9tait fr\u00e9quent\u00e9 par l\u2019aristocratie parisienne. Apr\u00e8s avoir \u00e9t\u00e9 d\u00e9laiss\u00e9 pendant plusieurs d\u00e9cennies, il a \u00e9t\u00e9 restaur\u00e9 en 1989, redevenant un h\u00f4tel de luxe. Le groupe Airelles Collection l\u2019a acquis en 2019, et le Ch\u00e2teau de La Messardi\u00e8re a rouvert en juillet 2021 apr\u00e8s de grands travaux.<\/p>\n<p class=\"\">Une nuit dans l\u2019\u00e9tablissement de luxe est comprise entre euros. L\u2019h\u00f4tel comprend un spa, un acc\u00e8s \u00e0 la plage par transfert Rolls-Royce, des restaurants, des activit\u00e9s sportives et un camp pour enfants. <\/p>\n<p class=\"\">Comme le mentionne <a href=\"https:\/\/www.telerama.fr\/series-tv\/pour-sa-saison-4-the-white-lotus-pose-ses-bagages-dans-un-palace-de-saint-tropez-7029142.php\" target=\"_self\" rel=\"noopener\">T\u00e9l\u00e9rama<\/a>, pour une semaine au mois de mai, il faut compter entre 3 081 euros la nuit pour une suite deux personnes avec piscine priv\u00e9e en formule tout compris, et 21 000 pour une r\u00e9sidence de 335 m\u00b2 pouvant h\u00e9berger huit personnes. En \u00e9t\u00e9, les prix triplent.<\/p>\n<p>Des sc\u00e8nes tourn\u00e9es dans un h\u00f4tel parisien<\/p>\n<p class=\"\">Le tournage de la saison 4 d\u00e9butera fin avril et se poursuivra jusqu\u2019\u00e0 fin octobre, selon Variety. Comme pour les saisons pr\u00e9c\u00e9dentes, l\u2019action ne se d\u00e9roulera pas dans un seul lieu, car Mike White accorde une grande importance \u00e0 la cr\u00e9ation de d\u00e9cors uniques combinant diff\u00e9rents espaces.<\/p>\n<p class=\"\">L\u2019intrigue se d\u00e9roulera majoritairement sur la C\u00f4te d\u2019Azur, mais quelques sc\u00e8nes devraient \u00eatre tourn\u00e9es dans un h\u00f4tel parisien. Certains supposent que le Festival de Cannes pourrait jouer un r\u00f4le dans l\u2019histoire de cette nouvelle saison car le tournage aura lieu pendant le festival, qui se d\u00e9roule du 13 au 26 mai.<\/p>\n<p class=\"\">Concernant le casting, Alexander Ludwig (\u00ab Earth Abides \u00bb, \u00ab Vikings \u00bb) et AJ Michalka (\u00ab The Goldbergs \u00bb, \u00ab Super 8 \u00bb) ont d\u2019ores et d\u00e9j\u00e0 \u00e9t\u00e9 annonc\u00e9s.<\/p>\n","protected":false},"excerpt":{"rendered":"Alors que la saison 4 de \u00ab The White Lotus \u00bb est toujours en cours d\u2019\u00e9criture, les pronostics&hellip;\n","protected":false},"author":2,"featured_media":368551,"comment_status":"","ping_status":"","sticky":false,"template":"","format":"standard","meta":{"footnotes":""},"categories":[1356],"tags":[872,58,59,1011,27,252,1364],"class_list":{"0":"post-663298","1":"post","2":"type-post","3":"status-publish","4":"format-standard","5":"has-post-thumbnail","7":"category-television","8":"tag-culture-et-loisirs","9":"tag-divertissement","10":"tag-entertainment","11":"tag-fr","12":"tag-france","13":"tag-television","14":"tag-tv"},"share_on_mastodon":{"url":"https:\/\/pubeurope.com\/@fr\/115894368627699626","error":""},"_links":{"self":[{"href":"https:\/\/www.europesays.com\/fr\/wp-json\/wp\/v2\/posts\/663298","targetHints":{"allow":["GET"]}}],"collection":[{"href":"https:\/\/www.europesays.com\/fr\/wp-json\/wp\/v2\/posts"}],"about":[{"href":"https:\/\/www.europesays.com\/fr\/wp-json\/wp\/v2\/types\/post"}],"author":[{"embeddable":true,"href":"https:\/\/www.europesays.com\/fr\/wp-json\/wp\/v2\/users\/2"}],"replies":[{"embeddable":true,"href":"https:\/\/www.europesays.com\/fr\/wp-json\/wp\/v2\/comments?post=663298"}],"version-history":[{"count":0,"href":"https:\/\/www.europesays.com\/fr\/wp-json\/wp\/v2\/posts\/663298\/revisions"}],"wp:featuredmedia":[{"embeddable":true,"href":"https:\/\/www.europesays.com\/fr\/wp-json\/wp\/v2\/media\/368551"}],"wp:attachment":[{"href":"https:\/\/www.europesays.com\/fr\/wp-json\/wp\/v2\/media?parent=663298"}],"wp:term":[{"taxonomy":"category","embeddable":true,"href":"https:\/\/www.europesays.com\/fr\/wp-json\/wp\/v2\/categories?post=663298"},{"taxonomy":"post_tag","embeddable":true,"href":"https:\/\/www.europesays.com\/fr\/wp-json\/wp\/v2\/tags?post=663298"}],"curies":[{"name":"wp","href":"https:\/\/api.w.org\/{rel}","templated":true}]}}