{"id":663299,"date":"2026-01-14T16:21:10","date_gmt":"2026-01-14T16:21:10","guid":{"rendered":"https:\/\/www.europesays.com\/fr\/663299\/"},"modified":"2026-01-14T16:21:10","modified_gmt":"2026-01-14T16:21:10","slug":"le-fils-cache-detienne-daho-fruit-de-sa-vie-debridee-passee","status":"publish","type":"post","link":"https:\/\/www.europesays.com\/fr\/663299\/","title":{"rendered":"le fils cach\u00e9 d\u2019\u00c9tienne Daho, fruit de sa vie d\u00e9brid\u00e9e pass\u00e9e"},"content":{"rendered":"<p>Dans une interview accord\u00e9e \u00e0 \u00ab\u00a0Lib\u00e9ration\u00a0\u00bb, en 2014, \u00c9tienne Daho \u2013 qui f\u00eate ses 70\u00a0ans ce mercredi \u2013 r\u00e9v\u00e9lait qu\u2019il \u00e9tait le p\u00e8re d\u2019un gar\u00e7on. Retour sur l\u2019histoire du fils cach\u00e9 du chanteur, lui-m\u00eame abandonn\u00e9 par son p\u00e8re.<\/p>\n<p>Il a beaucoup chant\u00e9 l\u2019amour. Et il l\u2019a v\u00e9cu. Sans vraiment s\u2019engager. \u00ab\u00a0Ma destin\u00e9e, c\u2019est peut-\u00eatre \u00e7a\u00a0: \u00eatre au service de mes chansons, transmettre quelque chose gr\u00e2ce \u00e0 elles. Ma vie enti\u00e8re leur sera peut-\u00eatre r\u00e9serv\u00e9e, ce qui veut dire mettre une croix sur un certain type de relations paisibles et s\u00e9curisantes. Ce que j\u2019ai d\u2019ailleurs failli vivre et que j\u2019ai fui en courant\u00a0\u00bb, confiait <a href=\"https:\/\/www.parismatch.com\/bio\/etienne-daho\" target=\"_blank\" rel=\"noopener\">\u00c9tienne Daho<\/a>, aux \u00ab\u00a0<a href=\"https:\/\/www.lesinrocks.com\/musique\/etienne-daho-linterview-4eme-partie-97882-20-04-2000\/\" target=\"_blank\" rel=\"noopener\">Inrocks\u00a0<\/a>\u00bb, en 2000, pr\u00e9cisant qu\u2019il \u00e9tait \u00ab\u00a0pass\u00e9 deux fois pr\u00e8s du mariage\u00a0\u00bb. \u00ab\u00a0C\u2019est mon besoin d\u2019intensit\u00e9, de passion qui veut \u00e7a. Je ne pourrais pas me satisfaire de sentiments ti\u00e8des\u00a0\u00bb, ajoutait-il. Pour le chanteur, les passions ont commenc\u00e9 jeune. Et, \u00e0 17\u00a0ans seulement, il est devenu p\u00e8re. Une paternit\u00e9 qu\u2019il a longtemps cach\u00e9e.<\/p>\n<p>\u00ab\u00a0Je suis le p\u00e8re d\u2019un gar\u00e7on\u00a0\u00bb, a r\u00e9v\u00e9l\u00e9 \u00c9tienne Daho dans \u00ab\u00a0Next\u00a0\u00bb, le suppl\u00e9ment pop culture de \u00ab\u00a0<a href=\"https:\/\/www.liberation.fr\/musique\/2014\/06\/13\/daho-les-coeurs_1029590\/?redirected=1\" target=\"_blank\" rel=\"noopener\">Lib\u00e9ration\u00a0<\/a>\u00bb, en 2014. \u00ab\u00a0Il est n\u00e9 quand j\u2019avais dix-sept ans, \u00e0 Rennes. Je m\u2019en suis souci\u00e9, oui, sur injonction de ma m\u00e8re.\u00a0\u00bb Mais il n\u2019a jamais \u00e9t\u00e9 un p\u00e8re pour son enfant, juste un g\u00e9niteur. \u00c9tienne Daho \u00e9tait encore au lyc\u00e9e, <a href=\"https:\/\/www.parismatch.com\/culture\/musique\/etienne-daho-une-vie-en-public-243968\" target=\"_blank\" rel=\"noopener\">il r\u00eavait de musique<\/a>, d\u2019Angleterre, pas de couches et de b\u00e9b\u00e9. Il d\u00e9couvrait les exc\u00e8s, aussi\u00a0: \u00ab\u00a0J\u2019ai commenc\u00e9 \u00e0 faire des b\u00eatises\u00a0\u00bb, a-t-il gliss\u00e9. \u00ab\u00a0J\u2019ai un terrible besoin d\u2019intensit\u00e9, ce qui m\u2019a fait me retrouver dans des situations dangereuses. Les cigarettes, l\u2019alcool \u00e0 haute dose, les drogues, le sexe, les rencontres. Je pratiquais \u00e9norm\u00e9ment le m\u00e9lange d\u2019alcool et de cachets.\u00a0\u00bb Pas des conditions id\u00e9ales pour un enfant.<\/p>\n<p>    La suite apr\u00e8s cette publicit\u00e9<\/p>\n<p>\u00ab\u00a0Peut-\u00eatre qu\u2019ensuite, il y en a eu d\u2019autres\u00a0\u00bb<\/p>\n<p>Il a fui les responsabilit\u00e9s, ce qu&rsquo;admet le chanteur, lui-m\u00eame abandonn\u00e9 par son p\u00e8re quand il \u00e9tait enfant, \u00e9lev\u00e9 par sa m\u00e8re, seule, avec ses s\u0153urs. \u00ab\u00a0On r\u00e9alise parfois qu\u2019on reproduit les m\u00eames erreurs que ses parents.\u00a0\u00bb \u00c9tienne Daho se souvient encore de la derni\u00e8re fois qu\u2019il a vu son p\u00e8re, en Alg\u00e9rie\u00a0: \u00ab\u00a0J\u2019avais quatre-cinq ans. Il \u00e9tait venu au Cap Falcon en Jeep avec des amis, il m\u2019a serr\u00e9 tr\u00e8s fort dans ses bras, ne m\u2019a rien dit et il est parti. Ma m\u00e8re, mes deux s\u0153urs et moi ne l\u2019avons jamais revu et n\u2019en avons jamais parl\u00e9\u00a0\u00bb, a-t-il racont\u00e9 \u00e0 \u00ab\u00a0L\u2019Obs\u00a0\u00bb, en 2017. En 1986, son p\u00e8re s\u2019est pr\u00e9sent\u00e9 \u00e0 son concert \u00e0 l\u2019Olympia. Mais \u00c9tienne Daho a refus\u00e9 de leur voir. Il est mort quatre ans plus tard.<\/p>\n<p>    La suite apr\u00e8s cette publicit\u00e9<\/p>\n<p>\u00ab\u00a0Je me sentais coupable pour le soir o\u00f9 mon p\u00e8re s\u2019est pr\u00e9sent\u00e9 \u00e0 l\u2019Olympia. Comme si j\u2019avais voulu lui faire payer son abandon en l\u2019abandonnant \u00e0 son tour\u00a0\u00bb, a ajout\u00e9 \u00c9tienne Daho, qui a plus tard retrouv\u00e9 <a href=\"https:\/\/www.parismatch.com\/Culture\/Musique\/Etienne-Daho-a-trouve-son-re-pere-133025\" target=\"_blank\" rel=\"noopener\">\u00ab\u00a0un paquet de lettres non ouvertes\u00a0\u00bb<\/a>, dans lesquelles son p\u00e8re demandait pardon. C\u2019est peut-\u00eatre pour \u00e7a qu\u2019il n\u2019a jamais essay\u00e9 de renouer avec son propre fils. Interrog\u00e9 par \u00ab\u00a0Next\u00a0\u00bb sur des retrouvailles, il balayait\u00a0: \u00ab\u00a0Trop compliqu\u00e9 pour lui.\u00a0\u00bb D\u2019ailleurs, de sa vie d\u00e9brid\u00e9e et sa sexualit\u00e9 lib\u00e9r\u00e9e, \u00c9tienne Daho n\u2019exclut pas d\u2019avoir d\u2019autres enfants cach\u00e9s. Mais il n\u2019ira pas les chercher\u00a0: \u00ab\u00a0Peut-\u00eatre qu\u2019ensuite, il y en a eu d\u2019autres, vu la vie que j\u2019ai men\u00e9e.\u00a0\u00bb<\/p>\n","protected":false},"excerpt":{"rendered":"Dans une interview accord\u00e9e \u00e0 \u00ab\u00a0Lib\u00e9ration\u00a0\u00bb, en 2014, \u00c9tienne Daho \u2013 qui f\u00eate ses 70\u00a0ans ce mercredi \u2013&hellip;\n","protected":false},"author":2,"featured_media":663300,"comment_status":"","ping_status":"","sticky":false,"template":"","format":"standard","meta":{"footnotes":""},"categories":[1355],"tags":[58,59,1011,27,1361,873],"class_list":{"0":"post-663299","1":"post","2":"type-post","3":"status-publish","4":"format-standard","5":"has-post-thumbnail","7":"category-musique","8":"tag-divertissement","9":"tag-entertainment","10":"tag-fr","11":"tag-france","12":"tag-music","13":"tag-musique"},"share_on_mastodon":{"url":"https:\/\/pubeurope.com\/@fr\/115894372529116065","error":""},"_links":{"self":[{"href":"https:\/\/www.europesays.com\/fr\/wp-json\/wp\/v2\/posts\/663299","targetHints":{"allow":["GET"]}}],"collection":[{"href":"https:\/\/www.europesays.com\/fr\/wp-json\/wp\/v2\/posts"}],"about":[{"href":"https:\/\/www.europesays.com\/fr\/wp-json\/wp\/v2\/types\/post"}],"author":[{"embeddable":true,"href":"https:\/\/www.europesays.com\/fr\/wp-json\/wp\/v2\/users\/2"}],"replies":[{"embeddable":true,"href":"https:\/\/www.europesays.com\/fr\/wp-json\/wp\/v2\/comments?post=663299"}],"version-history":[{"count":0,"href":"https:\/\/www.europesays.com\/fr\/wp-json\/wp\/v2\/posts\/663299\/revisions"}],"wp:featuredmedia":[{"embeddable":true,"href":"https:\/\/www.europesays.com\/fr\/wp-json\/wp\/v2\/media\/663300"}],"wp:attachment":[{"href":"https:\/\/www.europesays.com\/fr\/wp-json\/wp\/v2\/media?parent=663299"}],"wp:term":[{"taxonomy":"category","embeddable":true,"href":"https:\/\/www.europesays.com\/fr\/wp-json\/wp\/v2\/categories?post=663299"},{"taxonomy":"post_tag","embeddable":true,"href":"https:\/\/www.europesays.com\/fr\/wp-json\/wp\/v2\/tags?post=663299"}],"curies":[{"name":"wp","href":"https:\/\/api.w.org\/{rel}","templated":true}]}}