{"id":663301,"date":"2026-01-14T16:22:10","date_gmt":"2026-01-14T16:22:10","guid":{"rendered":"https:\/\/www.europesays.com\/fr\/663301\/"},"modified":"2026-01-14T16:22:10","modified_gmt":"2026-01-14T16:22:10","slug":"black-cat-le-spin-off-fantome-de-sony","status":"publish","type":"post","link":"https:\/\/www.europesays.com\/fr\/663301\/","title":{"rendered":"Black Cat, le spin-off fant\u00f4me de Sony"},"content":{"rendered":"<p class=\"chapo\">Entre r\u00e9visions et choix strat\u00e9giques, le film Black Cat n\u2019a jamais d\u00e9pass\u00e9 la phase cr\u00e9ative.<\/p>\n<p>Tl;dr<\/p>\n<ul>\n<li>Le film Black Cat, spin-off de l\u2019univers Spider-Man de Sony, a \u00e9t\u00e9 annul\u00e9 malgr\u00e9 le succ\u00e8s de Venom et des storyboards in\u00e9dits r\u00e9cemment r\u00e9v\u00e9l\u00e9s.<\/li>\n<li>Une s\u00e9quence marquante montrait Felicia Hardy cr\u00e9ant son masque de Black Cat, mais le projet a \u00e9t\u00e9 jug\u00e9 complexe et abandonn\u00e9 apr\u00e8s plusieurs r\u00e9visions et changements de concept.<\/li>\n<li>L\u2019avenir de Black Cat reste incertain, Sony privil\u00e9giant d\u00e9sormais les crossovers et films individuels, avec quelques rumeurs sur sa possible apparition dans Spider-Man: Brand New Day.<\/li>\n<\/ul>\n<p>Une origine r\u00e9v\u00e9l\u00e9e, mais un film avort\u00e9<\/p>\n<p>Le projet de film consacr\u00e9 \u00e0 Black Cat, issu de l\u2019univers \u00e9tendu de Sony autour de <a href=\"https:\/\/www.24matins.fr\/le-spider-verse-se-reorganise-chez-marvel-et-sony-1401302\" target=\"_blank\" rel=\"noopener\"><strong>Spider-Man<\/strong><\/a>, semblait sur le point de voir le jour apr\u00e8s le succ\u00e8s retentissant du premier Venom. Pourtant, entre les annonces et la r\u00e9alit\u00e9, le sort du personnage incarnant Felicia Hardy n\u2019a cess\u00e9 d\u2019osciller. R\u00e9cemment, des storyboards in\u00e9dits ont \u00e9merg\u00e9, d\u00e9voilant ce qui aurait d\u00fb marquer la naissance de cette anti-h\u00e9ro\u00efne culte.<\/p>\n<p>Un passage marquant d\u00e9voil\u00e9 par un internaute<\/p>\n<p><a href=\"https:\/\/x.com\/NerdTowerYT\/status\/2009771254538969129?s=20\">Nerd Tower<\/a> a jet\u00e9 un pav\u00e9 dans la mare sur le r\u00e9seau social X. Ayant eu acc\u00e8s \u00e0 des images du projet en 2021, il d\u00e9taille une s\u00e9quence o\u00f9 l\u2019on d\u00e9couvre Felicia Hardy lors d\u2019une f\u00eate costum\u00e9e, affubl\u00e9e d\u2019un look gothique. Submerg\u00e9e par l\u2019\u00e9motion, elle s\u2019isole en pleurs dans les toilettes, puis s\u2019\u00e9tale son maquillage sur le visage pour fa\u00e7onner ce qui deviendra le fameux \u00ab masque \u00bb de Black Cat. D\u2019apr\u00e8s cet internaute : \u00ab\u00a0C\u2019\u00e9tait atroce\u00a0\u00bb, mais la sc\u00e8ne donne tout de m\u00eame un aper\u00e7u concret de l\u2019ambiance voulue pour ce spin-off avort\u00e9.<\/p>\n<p>Un parcours sem\u00e9 d\u2019emb\u00fbches et de r\u00e9inventions<\/p>\n<p>Ce long-m\u00e9trage \u00e9tait initialement pens\u00e9 comme un duo avec Silver Sable, sous le titre \u00ab Silver &amp; Black \u00bb. Les deux h\u00e9ro\u00efnes auraient d\u00fb passer du statut d\u2019ennemies \u00e0 celui d\u2019alli\u00e9es pour affronter Dr Mendel Stromm. Le sc\u00e9nario pr\u00e9voyait une galerie impressionnante de figures issues du monde de Spider-Man : Tarentule, Cam\u00e9l\u00e9on ou encore Scorpion \u00e9taient pressentis. Des noms prestigieux tels que la r\u00e9alisatrice Gina Prince-Bythewood \u00e9taient \u00e9galement associ\u00e9s au projet. Pourtant, face aux incertitudes et au souhait du studio de miser sur des films individuels plut\u00f4t que des tandems f\u00e9minins, l\u2019id\u00e9e fut progressivement abandonn\u00e9e.<\/p>\n<p>L\u2019avenir des personnages secondaires chez Sony<\/p>\n<p>Aujourd\u2019hui, alors que l\u2019univers cin\u00e9matographique du studio s\u2019oriente davantage vers les crossovers avec le tr\u00e8s populaire MCU, beaucoup se demandent si Black Cat trouvera enfin sa place sur grand \u00e9cran. Quelques rumeurs \u00e9voquent son arriv\u00e9e potentielle dans Brand New Day, sans garantie toutefois.<\/p>\n<p>Quoi qu\u2019il en soit, chaque nouvelle r\u00e9v\u00e9lation attise la curiosit\u00e9 des fans toujours avides d\u2019in\u00e9dit autour de l\u2019univers Spider-Man\u2026 en attendant peut-\u00eatre un nouveau d\u00e9part pour Felicia Hardy.<\/p>\n","protected":false},"excerpt":{"rendered":"Entre r\u00e9visions et choix strat\u00e9giques, le film Black Cat n\u2019a jamais d\u00e9pass\u00e9 la phase cr\u00e9ative. Tl;dr Le film&hellip;\n","protected":false},"author":2,"featured_media":663302,"comment_status":"","ping_status":"","sticky":false,"template":"","format":"standard","meta":{"footnotes":""},"categories":[1354],"tags":[58,59,1346,1011,27,1360],"class_list":{"0":"post-663301","1":"post","2":"type-post","3":"status-publish","4":"format-standard","5":"has-post-thumbnail","7":"category-films","8":"tag-divertissement","9":"tag-entertainment","10":"tag-films","11":"tag-fr","12":"tag-france","13":"tag-movies"},"share_on_mastodon":{"url":"https:\/\/pubeurope.com\/@fr\/115894376450512982","error":""},"_links":{"self":[{"href":"https:\/\/www.europesays.com\/fr\/wp-json\/wp\/v2\/posts\/663301","targetHints":{"allow":["GET"]}}],"collection":[{"href":"https:\/\/www.europesays.com\/fr\/wp-json\/wp\/v2\/posts"}],"about":[{"href":"https:\/\/www.europesays.com\/fr\/wp-json\/wp\/v2\/types\/post"}],"author":[{"embeddable":true,"href":"https:\/\/www.europesays.com\/fr\/wp-json\/wp\/v2\/users\/2"}],"replies":[{"embeddable":true,"href":"https:\/\/www.europesays.com\/fr\/wp-json\/wp\/v2\/comments?post=663301"}],"version-history":[{"count":0,"href":"https:\/\/www.europesays.com\/fr\/wp-json\/wp\/v2\/posts\/663301\/revisions"}],"wp:featuredmedia":[{"embeddable":true,"href":"https:\/\/www.europesays.com\/fr\/wp-json\/wp\/v2\/media\/663302"}],"wp:attachment":[{"href":"https:\/\/www.europesays.com\/fr\/wp-json\/wp\/v2\/media?parent=663301"}],"wp:term":[{"taxonomy":"category","embeddable":true,"href":"https:\/\/www.europesays.com\/fr\/wp-json\/wp\/v2\/categories?post=663301"},{"taxonomy":"post_tag","embeddable":true,"href":"https:\/\/www.europesays.com\/fr\/wp-json\/wp\/v2\/tags?post=663301"}],"curies":[{"name":"wp","href":"https:\/\/api.w.org\/{rel}","templated":true}]}}