{"id":663325,"date":"2026-01-14T16:34:12","date_gmt":"2026-01-14T16:34:12","guid":{"rendered":"https:\/\/www.europesays.com\/fr\/663325\/"},"modified":"2026-01-14T16:34:12","modified_gmt":"2026-01-14T16:34:12","slug":"une-victoire-xxl-pour-simon-stalla-et-villers-les-nancy-en-nationale-2","status":"publish","type":"post","link":"https:\/\/www.europesays.com\/fr\/663325\/","title":{"rendered":"Une victoire XXL pour Simon Stalla et Villers-l\u00e8s-Nancy\u00a0en Nationale 2"},"content":{"rendered":"<p>Pour la septi\u00e8me et derni\u00e8re journ\u00e9e de phase \u201c1\u201d, le  samedi  10 janvier, la situation \u00e9tait la suivante. Pour Villers-l\u00e8s-Nancy, 6e de poule, il fallait arracher un nul au minimum sur Bethune, 3e, et empocher deux points pendant que son concurrent direct au maintien, Hennebont 7e, devait s\u2019imposer sur Boulogne-Billancourt afin de prendre trois points. Dans ce cas de figure \u00e0 \u00e9galit\u00e9, le \u201cgoal average\u201d de la journ\u00e9e 2 s\u2019appliquerait, Villers et Hennebont s\u2019\u00e9tant quitt\u00e9 sur un nul, l\u2019avantage au nombre de sets reviendrait \u00e0 Villers avec le maintien en N2.<\/p>\n<p>B\u00e9thune, avec une \u00e9quipe homog\u00e8ne de quatre joueurs num\u00e9rot\u00e9s 300, avec 9 524 points, \u00e9tait favorite sur Villers (9 129 points), mais Fernand, Stalla, Bourg et Lamaze ont d\u00e9montr\u00e9 tout au long de cette phase qu\u2019ils m\u00e9ritaient mieux que le bas de classement avant cette journ\u00e9e avec au compteur une victoire, deux nuls et trois d\u00e9faites dont deux rencontres sur le score de (8-6) dans cette poule tr\u00e8s relev\u00e9e.<\/p>\n<p>Favorite sur le papier, mais \u00e0 la table tout reste \u00e0 faire, c\u2019est ce qu\u2019ont prouv\u00e9 Stalla et les Villarois en l\u2019emportant (8-6) sur les Nordistes, terre de \u201cping\u201d de l\u2019embl\u00e9matique Jacques Secr\u00e9tin.<\/p>\n<p>A 3-3, la dynamique de Villers se met en place pour inverser et mener (6-4) \u00e0 l\u2019issue des doubles puis 8-6. Pendant ce temps, Hennebont, sur ses tables, s\u2019inclinait sur Boulogne-Billancourt (8-4). Micha\u00ebl Fernand, avec trois victoires, le Haut-Marnais, Simon Stalla, avec deux victoires plus le double avec Fernand, Maxime Bourg et Corentin Lamaze avec chacun une victoire, avaient soif de victoire afin de poursuivre cette 20e saison en National pour les deux premiers cit\u00e9s. Place \u00e0 la phase \u201c2\u201d avec une premi\u00e8re rencontre le 7 f\u00e9vrier.<\/p>\n","protected":false},"excerpt":{"rendered":"Pour la septi\u00e8me et derni\u00e8re journ\u00e9e de phase \u201c1\u201d, le samedi 10 janvier, la situation \u00e9tait la suivante.&hellip;\n","protected":false},"author":2,"featured_media":663326,"comment_status":"","ping_status":"","sticky":false,"template":"","format":"standard","meta":{"footnotes":""},"categories":[9635],"tags":[1111,11,1777,674,1011,27,775,1702,12,25],"class_list":{"0":"post-663325","1":"post","2":"type-post","3":"status-publish","4":"format-standard","5":"has-post-thumbnail","7":"category-nancy","8":"tag-actu","9":"tag-actualites","10":"tag-eu","11":"tag-europe","12":"tag-fr","13":"tag-france","14":"tag-grand-est","15":"tag-nancy","16":"tag-news","17":"tag-republique-francaise"},"share_on_mastodon":{"url":"https:\/\/pubeurope.com\/@fr\/115894423672524230","error":""},"_links":{"self":[{"href":"https:\/\/www.europesays.com\/fr\/wp-json\/wp\/v2\/posts\/663325","targetHints":{"allow":["GET"]}}],"collection":[{"href":"https:\/\/www.europesays.com\/fr\/wp-json\/wp\/v2\/posts"}],"about":[{"href":"https:\/\/www.europesays.com\/fr\/wp-json\/wp\/v2\/types\/post"}],"author":[{"embeddable":true,"href":"https:\/\/www.europesays.com\/fr\/wp-json\/wp\/v2\/users\/2"}],"replies":[{"embeddable":true,"href":"https:\/\/www.europesays.com\/fr\/wp-json\/wp\/v2\/comments?post=663325"}],"version-history":[{"count":0,"href":"https:\/\/www.europesays.com\/fr\/wp-json\/wp\/v2\/posts\/663325\/revisions"}],"wp:featuredmedia":[{"embeddable":true,"href":"https:\/\/www.europesays.com\/fr\/wp-json\/wp\/v2\/media\/663326"}],"wp:attachment":[{"href":"https:\/\/www.europesays.com\/fr\/wp-json\/wp\/v2\/media?parent=663325"}],"wp:term":[{"taxonomy":"category","embeddable":true,"href":"https:\/\/www.europesays.com\/fr\/wp-json\/wp\/v2\/categories?post=663325"},{"taxonomy":"post_tag","embeddable":true,"href":"https:\/\/www.europesays.com\/fr\/wp-json\/wp\/v2\/tags?post=663325"}],"curies":[{"name":"wp","href":"https:\/\/api.w.org\/{rel}","templated":true}]}}