{"id":663329,"date":"2026-01-14T16:36:11","date_gmt":"2026-01-14T16:36:11","guid":{"rendered":"https:\/\/www.europesays.com\/fr\/663329\/"},"modified":"2026-01-14T16:36:11","modified_gmt":"2026-01-14T16:36:11","slug":"champions-cup-toulon-baptiste-serin-est-apte-deux-autres-joueurs-sont-sur-le-retour-pour-gloucester","status":"publish","type":"post","link":"https:\/\/www.europesays.com\/fr\/663329\/","title":{"rendered":"Champions Cup \u2013 Toulon\u00a0: Baptiste Serin est apte, deux autres joueurs sont sur le retour pour Gloucester"},"content":{"rendered":"<p>\n                Le demi de m\u00eal\u00e9e international fran\u00e7ais est remis de son souci \u00e0 la cuisse droite. Il a particip\u00e9 \u00e0 l\u2019int\u00e9gralit\u00e9 de la s\u00e9ance d\u2019entra\u00eenement de ce mercredi 14\u00a0janvier. Il quitte l\u2019infirmerie en compagnie de deux autres partenaires.\n            <\/p>\n<p>Samedi soir, Toulon jouera une partie de son avenir en Champions Cup lors du d\u00e9placement \u00e0 Gloucester. Les Varois ont absolument besoin d\u2019un succ\u00e8s dans l\u2019optique d\u2019une qualification\u00a0pour les\u00a0huiti\u00e8mes de finale. Pour l\u2019heure, les prot\u00e9g\u00e9s de Pierre Mignoni figurent \u00e0 la troisi\u00e8me place du groupe 2 (9 points), mais le Munster (4e, 6 points), Gloucester (5e, 6 points) et Castres (6e, 5 points) restent en embuscade.<\/p>\n<p class=\"std-elt__inline\">\n        <strong>\u00c0 lire aussi :<\/strong><br \/>\n        <a href=\"https:\/\/www.rugbyrama.fr\/2026\/01\/13\/exclu-midol-transferts-top-14-junior-kpoku-racing-92-arrive-a-toulon-13159287.php\" target=\"_blank\" rel=\"noopener\">Exclu Midol. Transferts \/ Top 14\u00a0: Junior Kpoku (Racing 92) arrive \u00e0 Toulon avec effet imm\u00e9diat<\/a>\n    <\/p>\n<p>Sous la grisaille, les Rouge et Noir ont effectu\u00e9 une bonne s\u00e9ance d\u2019entra\u00eenement, cette apr\u00e8s-midi, sous les yeux de quelques supporters au Campus RCT. Les chanceux ont pu d\u00e9couvrir les qualit\u00e9s de la recrue Junior Kpoku (20 ans, 2,03\u00a0m et 118\u00a0kg), qui a pris part \u00e0 l\u2019int\u00e9gralit\u00e9 du collectif. Le deuxi\u00e8me ligne est arriv\u00e9 en d\u00e9but de semaine en provenance du Racing 92 dans le cadre d\u2019un pr\u00eat.\u00a0Ils ont aussi \u00e9t\u00e9 heureux de revoir sur les terrains un certain Baptiste Serin. Le demi de m\u00eal\u00e9e de 31 ans s\u2019\u00e9tait bless\u00e9 \u00e0 la suite de son entr\u00e9e face \u00e0 Perpignan, le 28\u00a0d\u00e9cembre dernier. Il souffrait d\u2019une blessure physique \u00e0 la cuisse droite. Trop juste pour participer \u00e0 la rencontre face au Munster, l\u2019ex-Girondin est d\u00e9sormais pleinement r\u00e9tabli pour le d\u00e9placement \u00e0 Gloucester, ce samedi soir. Il sera, \u00e0 coup s\u00fbr, sur la feuille de match.<\/p>\n<p>Mateo Garcia et Pierre Damond sont en reprise<\/p>\n<p>Le retour de \u00ab\u00a0Bapti\u00a0\u00bb sera \u00e9galement scrut\u00e9 de pr\u00e8s par le staff du XV de France, alors que le Tournoi des 6 Nations approche. Pour rappel, derri\u00e8re Antoine Dupont, le s\u00e9lectionneur Fabien Galthi\u00e9 conna\u00eet une ribambelle de bless\u00e9s (Lucu, Le Garrec, Jauneau\u2026). Lors de ses prochaines sorties, le Landais a une carte importante \u00e0 jouer dans l\u2019espoir de retrouver le maillot des Bleus.<\/p>\n<p>Pour le RCT, deux autres bonnes nouvelles sont arriv\u00e9es en provenance de l\u2019infirmerie. Lui aussi touch\u00e9 \u00e0 une cuisse, Mateo Garcia, plus apparu depuis le 21\u00a0d\u00e9cembre et le revers conc\u00e9d\u00e9 \u00e0 Bordeaux B\u00e8gles, est \u00e0 la disposition du staff. Le Basque, qui peut \u00e9voluer \u00e0 l\u2019ouverture comme \u00e0 l\u2019arri\u00e8re, vient densifier la concurrence \u00e0 des postes importants.<\/p>\n<p>S\u00e9v\u00e8rement touch\u00e9 \u00e0 un genou le 29\u00a0novembre contre Montauban, le talonneur Pierre Damond voit lui aussi la lumi\u00e8re au\u00a0bout du tunnel. C\u2019est une bonne nouvelle dans un secteur o\u00f9 Gianmarco Lucchesi joue de malchance. De quoi redonner un peu le sourire au staff varois, qui a \u00e9t\u00e9 contraint de composer avec\u00a0une vingtaine d\u2019absents depuis quasiment un mois.<\/p>\n","protected":false},"excerpt":{"rendered":"Le demi de m\u00eal\u00e9e international fran\u00e7ais est remis de son souci \u00e0 la cuisse droite. Il a particip\u00e9&hellip;\n","protected":false},"author":2,"featured_media":663330,"comment_status":"","ping_status":"","sticky":false,"template":"","format":"standard","meta":{"footnotes":""},"categories":[9619],"tags":[1111,11,4920,1777,674,1011,27,68895,12,882,25,68796,2310],"class_list":{"0":"post-663329","1":"post","2":"type-post","3":"status-publish","4":"format-standard","5":"has-post-thumbnail","7":"category-toulon","8":"tag-actu","9":"tag-actualites","10":"tag-baptiste-serin","11":"tag-eu","12":"tag-europe","13":"tag-fr","14":"tag-france","15":"tag-investec-champions-cup","16":"tag-news","17":"tag-provence-alpes-cote-dazur","18":"tag-republique-francaise","19":"tag-rugby-u00e0-xv","20":"tag-toulon"},"share_on_mastodon":{"url":"https:\/\/pubeurope.com\/@fr\/115894431485476174","error":""},"_links":{"self":[{"href":"https:\/\/www.europesays.com\/fr\/wp-json\/wp\/v2\/posts\/663329","targetHints":{"allow":["GET"]}}],"collection":[{"href":"https:\/\/www.europesays.com\/fr\/wp-json\/wp\/v2\/posts"}],"about":[{"href":"https:\/\/www.europesays.com\/fr\/wp-json\/wp\/v2\/types\/post"}],"author":[{"embeddable":true,"href":"https:\/\/www.europesays.com\/fr\/wp-json\/wp\/v2\/users\/2"}],"replies":[{"embeddable":true,"href":"https:\/\/www.europesays.com\/fr\/wp-json\/wp\/v2\/comments?post=663329"}],"version-history":[{"count":0,"href":"https:\/\/www.europesays.com\/fr\/wp-json\/wp\/v2\/posts\/663329\/revisions"}],"wp:featuredmedia":[{"embeddable":true,"href":"https:\/\/www.europesays.com\/fr\/wp-json\/wp\/v2\/media\/663330"}],"wp:attachment":[{"href":"https:\/\/www.europesays.com\/fr\/wp-json\/wp\/v2\/media?parent=663329"}],"wp:term":[{"taxonomy":"category","embeddable":true,"href":"https:\/\/www.europesays.com\/fr\/wp-json\/wp\/v2\/categories?post=663329"},{"taxonomy":"post_tag","embeddable":true,"href":"https:\/\/www.europesays.com\/fr\/wp-json\/wp\/v2\/tags?post=663329"}],"curies":[{"name":"wp","href":"https:\/\/api.w.org\/{rel}","templated":true}]}}