{"id":663331,"date":"2026-01-14T16:37:11","date_gmt":"2026-01-14T16:37:11","guid":{"rendered":"https:\/\/www.europesays.com\/fr\/663331\/"},"modified":"2026-01-14T16:37:11","modified_gmt":"2026-01-14T16:37:11","slug":"comment-la-spa-de-montpellier-protege-ses-animaux-quand-le-froid-sinstalle","status":"publish","type":"post","link":"https:\/\/www.europesays.com\/fr\/663331\/","title":{"rendered":"comment la SPA de Montpellier prot\u00e8ge ses animaux quand le froid s\u2019installe"},"content":{"rendered":"<p>                    Par<br \/>\n        <strong><br \/>\n            <a href=\"https:\/\/actu.fr\/auteur\/lea-pippinato\" title=\"Consulter tous les articles de L\u00e9a Pippinato\" target=\"_blank\" rel=\"noopener\">L\u00e9a Pippinato<\/a><br \/>\n                    <\/strong><\/p>\n<p>        Publi\u00e9 le<\/p>\n<p>            14 janv. 2026 \u00e0 17h05        <\/p>\n<p>\u00c0 Villeneuve-l\u00e8s-Maguelone, la SPA de Montpellier adapte chaque hiver son organisation pour prot\u00e9ger chiens et chats du froid, avec une attention particuli\u00e8re pour les plus fragiles.\u00a0<\/p>\n<p>    <a href=\"https:\/\/www.google.com\/maps\/embed?pb=!1m18!1m12!1m3!1d2891.9428461783373!2d3.8174164764568648!3d43.54523327110747!2m3!1f0!2f0!3f0!3m2!1i1024!2i768!4f13.1!3m3!1m2!1s0x12b6ae0243b96a9b%3A0x15420b582c2f9421!2sSPA%20Montpellier%20M%C3%A9diterran%C3%A9e%20M%C3%A9tropole!5e0!3m2!1sfr!2sfr!4v1768406737992!5m2!1sfr!2sfr\" title=\"Ouvrie le lien\" target=\"_blank\" rel=\"noopener\">Cliquez ici pour visualiser le contenu<\/a><\/p>\n<p class=\" wall-content\">Chaque hiver, les m\u00eames r\u00e9flexes s\u2019imposent au refuge : observer, anticiper et ajuster. Les boxes des chiens ont \u00e9t\u00e9 pens\u00e9s pour limiter l\u2019impact du froid, avec diff\u00e9rents niveaux d\u2019isolation. Certains sont enti\u00e8rement prot\u00e9g\u00e9s, d\u2019autres seulement en partie. Dans ces derniers cas, une consigne claire s\u2019applique d\u00e8s les premi\u00e8res nuits froides : les animaux restent c\u00f4t\u00e9 nuit, portes ferm\u00e9es, chauffage allum\u00e9.<\/p>\n<p>Des b\u00e2timents organis\u00e9s selon la fragilit\u00e9 des animaux<\/p>\n<p class=\" wall-content\">La chatterie b\u00e9n\u00e9ficie d\u2019une isolation compl\u00e8te et d\u2019un syst\u00e8me de climatisation r\u00e9versible. \u00ab\u00a0Il y a tout\u00a0\u00bb, r\u00e9sume Annie Benezech, sa directrice. Pour les chiens, l\u2019organisation repose sur plusieurs \u00eelots. Les 1, 2, 4 et 5 sont d\u00e9j\u00e0 isol\u00e9s. Les autres attendent encore leur tour. Ces choix reposent sur un crit\u00e8re essentiel : la vuln\u00e9rabilit\u00e9. \u00ab\u00a0On a privil\u00e9gi\u00e9 les petits animaux, les tr\u00e8s jeunes et les vieux.\u00a0\u00bb Les races brachyc\u00e9phales, au cr\u00e2ne court et au museau applati, font aussi partie des priorit\u00e9s, car elles supportent mal les temp\u00e9ratures extr\u00eames. \u00ab\u00a0Le chaud comme le froid, \u00e7a leur pose probl\u00e8me.\u00a0\u00bb<\/p>\n<p class=\" wall-content\">Pour les chiens qui ne dorment pas dans des boxes isol\u00e9s, le manteau devient indispensable. \u00ab\u00a0On en met \u00e0 tous, sauf \u00e0 ceux qui ne supportent rien sur eux\u00a0\u00bb, pr\u00e9cise Annie Benezech. Le refuge dispose d\u2019un large stock, issu de dons, de cr\u00e9ations de b\u00e9n\u00e9voles ou d\u2019achats lorsque cela s\u2019av\u00e8re n\u00e9cessaire. \u00ab\u00a0On a de tout. Et s\u2019il faut compl\u00e9ter, on le fait.\u00a0\u00bb<\/p>\n<p>Vid\u00e9os : en ce moment sur ActuUne attention renforc\u00e9e au quotidien<\/p>\n<p class=\" wall-content\">En p\u00e9riode de froid, la vigilance augmente pour les animaux les plus fragiles. Ils sont install\u00e9s dans des espaces chauff\u00e9s et surveill\u00e9s de pr\u00e8s. L\u2019alimentation suit la m\u00eame logique. \u00ab\u00a0On les nourrit plus que pas assez\u00a0\u00bb, assume la directrice. M\u00eame l\u2019entretien des boxes \u00e9volue. Quand les temp\u00e9ratures baissent, l\u2019eau est utilis\u00e9e avec parcimonie : les soigneurs privil\u00e9gient le ramassage \u00e0 sec. \u00ab\u00a0On \u00e9vite de mouiller les boxes pour prot\u00e9ger les pattes des chiens.\u00a0\u00bb Contrairement \u00e0 certaines id\u00e9es re\u00e7ues, le froid ne signifie pas l\u2019arr\u00eat des promenades. \u00ab\u00a0Il faut continuer \u00e0 les sortir, au contraire.\u00a0\u00bb L\u2019activit\u00e9 physique reste essentielle, y compris en hiver. Les b\u00e9n\u00e9voles jouent ici un r\u00f4le cl\u00e9 pour \u00e9viter toute rupture de lien. Les animaux les plus sensibles font l\u2019objet d\u2019une attention particuli\u00e8re. Apr\u00e8s chaque sortie, un rituel s\u2019impose : essuyer les pattes, s\u00e9cher le pelage et \u00e9viter toute humidit\u00e9 prolong\u00e9e.<\/p>\n<p class=\" wall-content\">La vraie difficult\u00e9 r\u00e9side dans l\u2019\u00e9quilibre \u00e0 maintenir : sortir les animaux sans les exposer trop longtemps, pr\u00e9server leur activit\u00e9 tout en les prot\u00e9geant, et garantir un retour syst\u00e9matique au chaud pour la nuit.<\/p>\n<p>Comment prot\u00e9ger son chien du froid ? \ud83d\udc36<\/p>\n<p>Quand les temp\u00e9ratures baissent, quelques gestes simples aident \u00e0 prot\u00e9ger son chien. En hiver, il vaut mieux \u00e9viter la tonte afin de conserver le poil et le sous-poil, qui jouent un r\u00f4le essentiel contre le froid, sans renoncer au brossage. Pour les chiens vivant souvent dehors, une l\u00e9g\u00e8re augmentation de la ration alimentaire permet de compenser la d\u00e9pense \u00e9nerg\u00e9tique li\u00e9e aux basses temp\u00e9ratures. <\/p>\n<p>Un chien qui passe du temps \u00e0 l\u2019ext\u00e9rieur doit disposer d\u2019une niche adapt\u00e9e, de pr\u00e9f\u00e9rence en bois, sur\u00e9lev\u00e9e et plac\u00e9e \u00e0 l\u2019abri du vent et de l\u2019humidit\u00e9. Lors des sorties, un manteau chaud ou imperm\u00e9able prot\u00e8ge efficacement du froid, tandis que des chaussons ou un baume peuvent pr\u00e9server les coussinets en cas de neige ou de verglas. Enfin, m\u00eame par grand froid, les promenades restent n\u00e9cessaires : mieux vaut les raccourcir, marcher d\u2019un bon pas et bien s\u00e9cher son chien au retour.<\/p>\n<p class=\" wall-content\">Personnalisez votre actualit\u00e9 en ajoutant vos villes et m\u00e9dias en favori avec <a href=\"https:\/\/moncompte.actu.fr\" title=\"D\u00e9couvez Mon Actu\" rel=\"nofollow noopener\" data-trk=\"{&quot;cta&quot;:{&quot;action&quot;:&quot;https:\\\/\\\/moncompte.actu.fr&quot;,&quot;category&quot;:&quot;mon compte&quot;,&quot;from&quot;:&quot;article footer&quot;,&quot;name&quot;:&quot;Mon actu&quot;,&quot;type&quot;:&quot;cta&quot;}}\" target=\"_blank\">Mon Actu<\/a>.<\/p>\n","protected":false},"excerpt":{"rendered":"Par L\u00e9a Pippinato Publi\u00e9 le 14 janv. 2026 \u00e0 17h05 \u00c0 Villeneuve-l\u00e8s-Maguelone, la SPA de Montpellier adapte chaque&hellip;\n","protected":false},"author":2,"featured_media":663332,"comment_status":"","ping_status":"","sticky":false,"template":"","format":"standard","meta":{"footnotes":""},"categories":[9599],"tags":[1111,11,1867,1777,674,1011,27,3447,2208,12,2680,25,71,104],"class_list":{"0":"post-663331","1":"post","2":"type-post","3":"status-publish","4":"format-standard","5":"has-post-thumbnail","7":"category-montpellier","8":"tag-actu","9":"tag-actualites","10":"tag-animaux","11":"tag-eu","12":"tag-europe","13":"tag-fr","14":"tag-france","15":"tag-froid","16":"tag-montpellier","17":"tag-news","18":"tag-occitanie","19":"tag-republique-francaise","20":"tag-sante","21":"tag-societe"},"share_on_mastodon":{"url":"https:\/\/pubeurope.com\/@fr\/115894435435287588","error":""},"_links":{"self":[{"href":"https:\/\/www.europesays.com\/fr\/wp-json\/wp\/v2\/posts\/663331","targetHints":{"allow":["GET"]}}],"collection":[{"href":"https:\/\/www.europesays.com\/fr\/wp-json\/wp\/v2\/posts"}],"about":[{"href":"https:\/\/www.europesays.com\/fr\/wp-json\/wp\/v2\/types\/post"}],"author":[{"embeddable":true,"href":"https:\/\/www.europesays.com\/fr\/wp-json\/wp\/v2\/users\/2"}],"replies":[{"embeddable":true,"href":"https:\/\/www.europesays.com\/fr\/wp-json\/wp\/v2\/comments?post=663331"}],"version-history":[{"count":0,"href":"https:\/\/www.europesays.com\/fr\/wp-json\/wp\/v2\/posts\/663331\/revisions"}],"wp:featuredmedia":[{"embeddable":true,"href":"https:\/\/www.europesays.com\/fr\/wp-json\/wp\/v2\/media\/663332"}],"wp:attachment":[{"href":"https:\/\/www.europesays.com\/fr\/wp-json\/wp\/v2\/media?parent=663331"}],"wp:term":[{"taxonomy":"category","embeddable":true,"href":"https:\/\/www.europesays.com\/fr\/wp-json\/wp\/v2\/categories?post=663331"},{"taxonomy":"post_tag","embeddable":true,"href":"https:\/\/www.europesays.com\/fr\/wp-json\/wp\/v2\/tags?post=663331"}],"curies":[{"name":"wp","href":"https:\/\/api.w.org\/{rel}","templated":true}]}}