{"id":663333,"date":"2026-01-14T16:38:16","date_gmt":"2026-01-14T16:38:16","guid":{"rendered":"https:\/\/www.europesays.com\/fr\/663333\/"},"modified":"2026-01-14T16:38:16","modified_gmt":"2026-01-14T16:38:16","slug":"municipales-2026-a-montpellier-neuf-partis-ecologistes-et-de-gauche-appellent-michael-delafosse-a-se-presenter","status":"publish","type":"post","link":"https:\/\/www.europesays.com\/fr\/663333\/","title":{"rendered":"Municipales 2026 \u00e0 Montpellier\u00a0: neuf partis \u00e9cologistes et de gauche appellent Micha\u00ebl Delafosse \u00e0 se pr\u00e9senter"},"content":{"rendered":"<p>Neuf partis \u00e9cologistes et de gauche se sont r\u00e9unis ce mercredi 14 janvier pour appeler Micha\u00ebl Delafosse \u00e0 se pr\u00e9senter aux \u00e9lections municipales de Montpellier en 2026. L&rsquo;actuel maire de la ville ne s&rsquo;est pas encore prononc\u00e9 sur sa candidature.<\/p>\n<p>Devant une banni\u00e8re o\u00f9 l&rsquo;on peut lire \u00ab\u00a0Gauche et \u00e9cologistes rassembl\u00e9s fi\u00e8rement\u00a0\u00bb, les soutiens de\u00a0<a class=\"IciLink ici-link IciArticleLink g-ici-body-regular-1 underline brand svelte-1chfe2s\" href=\"https:\/\/www.francebleu.fr\/emissions\/l-invite-d-ici-matin-ici-herault\/michael-delafosse-maire-de-montpellier-et-president-de-la-metropole-2709803\" target=\"_blank\" rel=\"noopener\">Micha\u00ebl Delafosse<\/a>\u00a0se serrent pour la photo,\u00a0tout sourire. Ils se sont r\u00e9unis au club de la presse \u00e0 Montpellier, ce mercredi 14 janvier, pour \u00ab\u00a0appeler de leurs v\u0153ux\u00a0\u00bb l&rsquo;actuel maire de Montpellier \u00e0 se d\u00e9clarer candidat \u00e0 sa r\u00e9\u00e9lection aux <strong>municipales des 15 et 22 mars 2026<\/strong>. Pour l&rsquo;heure, Micha\u00ebl Delafosse ne s&rsquo;est pas prononc\u00e9 sur le sujet.<\/p>\n<p>\u00ab\u00a0On a r\u00e9ussi le <strong>plus grand p\u00e9rim\u00e8tre de rassemblement de la gauche et des \u00e9cologistes qu&rsquo;il y a dans ce pays<\/strong>\u00ab\u00a0, se f\u00e9licite\u00a0Manu Reynaud, adjoint au maire et pr\u00e9sident des \u00e9lus \u00e9cologistes pour Montpellier. \u00ab\u00a0\u00c7a va d&rsquo;une ancienne d&rsquo;une d\u00e9put\u00e9e de la France insoumise au parti radical de gauche en passant par tout ce que peut compter la gauche et l&rsquo;\u00e9cologie, y compris Les \u00e9cologistes. \u00c0 un moment donn\u00e9, on voit bien qu&rsquo;il y a quelque chose qui se passe.\u00a0\u00bb<\/p>\n<p>Depuis septembre 2025, les membres de ces diff\u00e9rents partis se rencontrent et discutent du programme indique Julie Fr\u00eache, pr\u00e9sidente du groupe socialiste\u00a0: \u00ab\u00a0Il faut amplifier les politiques sociales pour suivre, intensifier, augmenter les r\u00e9ponses aux enjeux climatiques et la n\u00e9cessaire transition \u00e9nerg\u00e9tique.\u00a0\u00bb Le ou la futur(e) candidat(e) de cette alliance pr\u00e9cisera les contours du programme.<\/p>\n<p>\u00ab\u00a0Il est irresponsable de fracturer la gauche\u00a0\u00bb<\/p>\n<p>Cette union \u00ab\u00a0garde la porte ouverte\u00a0\u00bb jusqu&rsquo;au d\u00e9p\u00f4t des listes mais\u00a0<strong>deux candidats de gauche se sont d\u00e9j\u00e0 d\u00e9clar\u00e9s candidat<\/strong>\u00a0:\u00a0Nathalie Oziol, d\u00e9put\u00e9e insoumise de la 2e circonscription du d\u00e9partement et\u00a0Jean-Louis Roum\u00e9gas, d\u00e9put\u00e9 du groupe \u00e9cologiste et social de la 1e circonscription de l&rsquo;H\u00e9rault.<\/p>\n<p>\u00ab\u00a0Les diviseurs aujourd&rsquo;hui sont La France insoumise\u00a0\u00bb, ass\u00e8ne S\u00e9bastien Cote, directeur de campagne du ou de la futur(e) candidat(e). \u00ab\u00a0Partout en France, LFI part contre des majorit\u00e9s de gauche \u00e9cologiste et sociale.\u00a0\u00bb<\/p>\n<p>Il poursuit\u00a0: \u00ab\u00a0Jean-Louis Roum\u00e9gas, \u00e9lu avec l&rsquo;union de la gauche a d\u00e9cid\u00e9 aujourd&rsquo;hui de faire cavalier seul.\u00a0\u00bb S\u00e9bastien Cote estime que ces deux candidatures sont \u00ab\u00a0irresponsables\u00a0\u00bb. \u00ab\u00a0La situation est grave pour la France, les droites sont en train de se rapprocher voire de fusionner,\u00a0 il est\u00a0irresponsable de fracturer la gauche. Nous appelons au rassemblement et \u00e0 la prise de conscience.\u00a0\u00bb<\/p>\n","protected":false},"excerpt":{"rendered":"Neuf partis \u00e9cologistes et de gauche se sont r\u00e9unis ce mercredi 14 janvier pour appeler Micha\u00ebl Delafosse \u00e0&hellip;\n","protected":false},"author":2,"featured_media":663334,"comment_status":"","ping_status":"","sticky":false,"template":"","format":"standard","meta":{"footnotes":""},"categories":[9599],"tags":[1111,11,1777,674,1011,27,2208,12,2680,25],"class_list":{"0":"post-663333","1":"post","2":"type-post","3":"status-publish","4":"format-standard","5":"has-post-thumbnail","7":"category-montpellier","8":"tag-actu","9":"tag-actualites","10":"tag-eu","11":"tag-europe","12":"tag-fr","13":"tag-france","14":"tag-montpellier","15":"tag-news","16":"tag-occitanie","17":"tag-republique-francaise"},"share_on_mastodon":{"url":"https:\/\/pubeurope.com\/@fr\/115894439503950922","error":""},"_links":{"self":[{"href":"https:\/\/www.europesays.com\/fr\/wp-json\/wp\/v2\/posts\/663333","targetHints":{"allow":["GET"]}}],"collection":[{"href":"https:\/\/www.europesays.com\/fr\/wp-json\/wp\/v2\/posts"}],"about":[{"href":"https:\/\/www.europesays.com\/fr\/wp-json\/wp\/v2\/types\/post"}],"author":[{"embeddable":true,"href":"https:\/\/www.europesays.com\/fr\/wp-json\/wp\/v2\/users\/2"}],"replies":[{"embeddable":true,"href":"https:\/\/www.europesays.com\/fr\/wp-json\/wp\/v2\/comments?post=663333"}],"version-history":[{"count":0,"href":"https:\/\/www.europesays.com\/fr\/wp-json\/wp\/v2\/posts\/663333\/revisions"}],"wp:featuredmedia":[{"embeddable":true,"href":"https:\/\/www.europesays.com\/fr\/wp-json\/wp\/v2\/media\/663334"}],"wp:attachment":[{"href":"https:\/\/www.europesays.com\/fr\/wp-json\/wp\/v2\/media?parent=663333"}],"wp:term":[{"taxonomy":"category","embeddable":true,"href":"https:\/\/www.europesays.com\/fr\/wp-json\/wp\/v2\/categories?post=663333"},{"taxonomy":"post_tag","embeddable":true,"href":"https:\/\/www.europesays.com\/fr\/wp-json\/wp\/v2\/tags?post=663333"}],"curies":[{"name":"wp","href":"https:\/\/api.w.org\/{rel}","templated":true}]}}