{"id":663335,"date":"2026-01-14T16:39:14","date_gmt":"2026-01-14T16:39:14","guid":{"rendered":"https:\/\/www.europesays.com\/fr\/663335\/"},"modified":"2026-01-14T16:39:14","modified_gmt":"2026-01-14T16:39:14","slug":"on-a-visite-palomano-en-avant-premiere-ce-parc-de-loisir-insolite-qui-ouvre-pres-de-rouen","status":"publish","type":"post","link":"https:\/\/www.europesays.com\/fr\/663335\/","title":{"rendered":"On a visit\u00e9 Palomano en avant-premi\u00e8re, ce parc de loisir insolite qui ouvre pr\u00e8s de Rouen"},"content":{"rendered":"<p>                    Par<br \/>\n        <strong><br \/>\n            <a href=\"https:\/\/actu.fr\/auteur\/jessie-leclerc\" title=\"Consulter tous les articles de Jessie Leclerc\" target=\"_blank\" rel=\"noopener\">Jessie Leclerc<\/a><br \/>\n                    <\/strong><\/p>\n<p>        Publi\u00e9 le<\/p>\n<p>            14 janv. 2026 \u00e0 17h28        <\/p>\n<p>Casques de pompiers pr\u00eats \u00e0 \u00eatre enfil\u00e9s, avion sur le tarmac, fruits et l\u00e9gumes bien rang\u00e9s dans les rayons\u2026 \u00c0 Maromme, <a href=\"https:\/\/actu.fr\/normandie\/rouen_76540\" target=\"_blank\" rel=\"noopener\">pr\u00e8s de Rouen<\/a>, une dr\u00f4le d\u2019effervescence r\u00e8gne derri\u00e8re les portes encore ferm\u00e9es d\u2019un tout nouveau parc de loisirs. Son nom\u2009: <strong>Palomano City<\/strong>. Un concept enti\u00e8rement pour les enfants, <strong>in\u00e9dit en Seine-Maritime<\/strong>, que la r\u00e9daction de 76actu a pu <strong>d\u00e9couvrir en avant-premi\u00e8re<\/strong>, quelques jours avant l\u2019ouverture officielle pr\u00e9vue le 17\u00a0janvier 2026.<\/p>\n<p>Une ville o\u00f9 les petits font comme les grands<\/p>\n<p class=\" wall-content\">Nous annoncions son ouverture en octobre dernier, Palomano City sort enfin de terre. Install\u00e9 dans <a href=\"https:\/\/actu.fr\/normandie\/maromme_76410\/boulangerie-creche-bar-un-nouveau-centre-de-commerces-et-de-services-pres-de-rouen_46186014.html\" target=\"_blank\" rel=\"noopener\">la Poudrerie Royale de Maromme<\/a>, dans un <strong>espace de 550 m\u00b2<\/strong>, ce parc de loisir immersif est consacr\u00e9 aux enfants.<\/p>\n<p>    <img   decoding=\"async\" loading=\"lazy\" src=\"https:\/\/www.europesays.com\/fr\/wp-content\/uploads\/2026\/01\/palomano-maromme-mini-ville-geante-960x640.jpg\" alt=\"Une ville miniature pour les enfants ouvre pr\u00e8s de Rouen (Seine-Maritime).\" width=\"960\" height=\"640\"\/><br \/>\n    Une ville miniature pour les enfants ouvre pr\u00e8s de Rouen (Seine-Maritime). (\u00a9JL\/76actu)<\/p>\n<p class=\" wall-content\">Ici, pas de structures gonflables ou de gros man\u00e8ges, mais <strong>une v\u00e9ritable ville miniature<\/strong> o\u00f9 les petits font tout comme les grands.<\/p>\n<p class=\" wall-content\"><strong>Cette \u00ab\u2009mini-ville g\u00e9ante\u2009\u00bb<\/strong> comme d\u00e9crite par Marion Br\u00e9ard, responsable du site, cherche \u00e0 \u00ab\u2009remettre l\u2019imaginaire au c\u0153ur du jeu, loin des \u00e9crans\u2009\u00bb.<\/p>\n<p class=\" wall-content\">Travailler, faire les courses, <a href=\"https:\/\/actu.fr\/loisirs-culture\/ou-partent-en-vacances-les-rouennais-et-les-havrais-en-cet-ete-2025_62916041.html\" target=\"_blank\" rel=\"noopener\">partir en voyage<\/a>\u2026 \u00c0 Palomano,<strong> les enfants se glissent dans la peau des adultes<\/strong>, le stress en moins, mais la cr\u00e9ativit\u00e9 en plus. Ils peuvent m\u00eame soigner un animal ou encore \u00e9teindre un incendie\u2009!<\/p>\n<p class=\" wall-content\">Le site de Maromme devient le premier Palomano de Seine-Maritime et le huiti\u00e8me de France, les plus proches \u00e9tant \u00e0 Caen ou Paris.<\/p>\n<p>Votre r\u00e9gion, votre actu !<\/p>\n<p>Recevez chaque jour les infos qui comptent pour vous.<\/p>\n<p>\t<a href=\"https:\/\/actu.fr\/newsletter\" class=\"ac-btn ac-btn--corner ac-btn--medium ac-btn--blue800\" target=\"_blank\" rel=\"noopener\">S&rsquo;incrire<\/a><br \/>\nImmersion totale<\/p>\n<p class=\" wall-content\">Chaque espace est un univers \u00e0 part enti\u00e8re\u2009: <a href=\"https:\/\/actu.fr\/normandie\/rouen_76540\/mugs-t-shirts-personnalises-ecussons-les-pompiers-de-rouen-proposent-des-goodies-en-ligne_63163200.html\" target=\"_blank\" rel=\"noopener\">caserne de pompier<\/a>, cabinet m\u00e9dical, restaurant, supermarch\u00e9, salon de beaut\u00e9, espace propret\u00e9 ou encore un poste de police avec prison int\u00e9gr\u00e9e (gare aux parents pas sages\u2009!).<\/p>\n<p class=\" wall-content\">Les <strong>costumes sont fournis<\/strong>,<a href=\"https:\/\/actu.fr\/normandie\/rouen_76540\/il-a-mis-de-la-couleur-au-pied-du-pont-jeanne-d-arc-a-rouen-rencontre-avec-le-graffeur-cosmoh_63370384.html\" target=\"_blank\" rel=\"noopener\"> les fresques aux murs<\/a> et les objets sont tout neuf. L\u2019illusion fonctionne imm\u00e9diatement. \u00ab\u2009M\u00eame les parents peuvent se d\u00e9guiser, on esp\u00e8re qu\u2019ils joueront le jeu\u2009\u00bb, sourit Marion.<\/p>\n<p>    <img   decoding=\"async\" loading=\"lazy\" src=\"https:\/\/www.europesays.com\/fr\/wp-content\/uploads\/2026\/01\/palomano-maromme-mini-ville-geante12-960x640.jpg\" alt=\"Les costumes sont fournis pour les enfants comme les adultes.\" width=\"960\" height=\"640\"\/><br \/>\n    Les costumes sont fournis pour les enfants comme les adultes. (\u00a9JL\/76actu)<\/p>\n<p class=\" wall-content\">Dans le supermarch\u00e9, les fausses cartes bleues sont pr\u00eates \u00e0 chauffer, <a href=\"https:\/\/actu.fr\/normandie\/rouen_76540\/ce-restaurant-de-rouen-veut-mettre-en-valeur-les-produits-normands-dans-une-ambiance-cosy_63680339.html\" target=\"_blank\" rel=\"noopener\">en cuisine<\/a>, les fourneaux attendent les chefs en herbe et les tables n\u2019attendent que leurs clients, souvent les parents\u2009!<\/p>\n<p class=\" wall-content\">\n    <img   decoding=\"async\" loading=\"lazy\" src=\"https:\/\/www.europesays.com\/fr\/wp-content\/uploads\/2026\/01\/palomano-maromme-mini-ville-geante4-960x640.jpg\" alt=\"Une salle a \u00e9t\u00e9 am\u00e9nag\u00e9e pour les plus jeunes enfants.\" width=\"960\" height=\"640\"\/><br \/>\n    Une salle a \u00e9t\u00e9 am\u00e9nag\u00e9e pour les plus jeunes enfants. (\u00a9JL\/76actu)<br \/>\n    <img   decoding=\"async\" loading=\"lazy\" src=\"https:\/\/www.europesays.com\/fr\/wp-content\/uploads\/2026\/01\/palomano-maromme-mini-ville-geante5-960x640.jpg\" alt=\"Il s'agit de la salle pr\u00e9f\u00e9r\u00e9e de Marion, la responsable.\" width=\"960\" height=\"640\"\/><br \/>\n    Il s\u2019agit de la salle pr\u00e9f\u00e9r\u00e9e de Marion, la responsable. (\u00a9JL\/76actu)<\/p>\n<p class=\" wall-content\">Pour les plus petits, un <strong>espace biblioth\u00e8que<\/strong> a \u00e9t\u00e9 pens\u00e9 pour s\u2019amuser au calme et se reposer.<\/p>\n<p>Derniers r\u00e9glages<\/p>\n<p class=\" wall-content\">Lors de notre visite, tout n\u2019est pas encore finalis\u00e9, mais presque. Marion et ses proches collent les derni\u00e8res affiches, trient les faux <a href=\"https:\/\/actu.fr\/normandie\/le-petit-quevilly_76498\/pres-de-rouen-en-redressement-judiciaire-cette-enseigne-historique-du-bio-a-trouve-une-idee-pour-s-en-sortir_63077019.html\" target=\"_blank\" rel=\"noopener\">fruits et l\u00e9gumes<\/a> et passent les derniers coups de fil.<\/p>\n<p>    <img   decoding=\"async\" loading=\"lazy\" src=\"https:\/\/www.europesays.com\/fr\/wp-content\/uploads\/2026\/01\/palomano-maromme-mini-ville-geante10-960x640.jpg\" alt=\"M\u00eame des toilettes sont pens\u00e9es pour les plus petits.\" width=\"960\" height=\"640\"\/><br \/>\n    M\u00eame des toilettes sont pens\u00e9es pour les plus petits. (\u00a9JL\/76actu)<\/p>\n<p class=\" wall-content\">Les casiers \u00e0 l\u2019entr\u00e9e attendent les manteaux et les sacs et les chaussons rigolos sont pr\u00eats \u00e0 \u00eatre enfil\u00e9s sur les petits petons.<\/p>\n<p>D\u00e9j\u00e0 des r\u00e9servations<\/p>\n<p class=\" wall-content\">Avant m\u00eame l\u2019ouverture,<strong> les r\u00e9servations affluent<\/strong>. \u00ab\u2009On a d\u00e9j\u00e0 beaucoup de r\u00e9servations pour les vacances de f\u00e9vrier, les<strong> centres de loisirs<\/strong> ont r\u00e9pondu pr\u00e9sents\u2009\u00bb, se r\u00e9jouit Marion. Elle qui travaille sur le projet depuis plusieurs mois a h\u00e2te de voir d\u00e9filer les premiers clients.<\/p>\n<p class=\" wall-content\">\u00ab\u2009Pour le moment, \u00e7a devrait \u00eatre plut\u00f4t calme le premier week-end, mais on est d\u00e9j\u00e0 bien rempli le week-end suivant\u2009\u00bb, confie la g\u00e9rante.<\/p>\n<blockquote class=\"ac-article-quote wall-content\">\n<p>Quand on fait les travaux ici avec les copains et que les enfants viennent, ils adorent. Les gosses sont trop fan. On a h\u00e2te de voir tout le monde arriver avec les yeux pleins d&rsquo;\u00e9toiles.<\/p>\n<p>    <strong>Marion Br\u00e9ard<\/strong><br \/>\n        G\u00e9rante du parc Palomano City de Maromme    <\/p><\/blockquote>\n<p class=\" wall-content\">Les grosses journ\u00e9es, <strong>une dizaine d\u2019animateurs<\/strong> seront pr\u00e9sents pour encadrer, ranger et nettoyer. \u00ab\u2009On veut que \u00e7a reste ultrapropre\u2009\u00bb, insiste Marion.<\/p>\n<p class=\" wall-content\">Palomano ouvre ses portes <strong>le samedi 17\u00a0janvier 2026<\/strong>. L\u2019entr\u00e9e co\u00fbte entre 13 et 15\u00a0euros pour les enfants et 6\u00a0euros pour les adultes.<\/p>\n<p>94A rue des Martyrs-de la-R\u00e9sistance, 76\u2009150 \u00e0 Maromme. Plus d\u2019informations sur <a href=\"https:\/\/parcs.palomano.com\/palomano-rouen-76150\" target=\"_blank\" rel=\"noopener\">le site web de Palomano<\/a>.Suivez l\u2019actualit\u00e9 de Rouen <a href=\"https:\/\/www.whatsapp.com\/channel\/0029VaKfnf99hXF2ddApFB1D\" target=\"_blank\" rel=\"noopener\">sur notre cha\u00eene WhatsApp<\/a> et <a href=\"https:\/\/www.tiktok.com\/@76actu.fr?lang=fr\" target=\"_blank\" rel=\"noopener\">sur notre compte TikTok<\/a><\/p>\n<p class=\" wall-content\">Personnalisez votre actualit\u00e9 en ajoutant vos villes et m\u00e9dias en favori avec <a href=\"https:\/\/moncompte.actu.fr\" title=\"D\u00e9couvez Mon Actu\" rel=\"nofollow noopener\" data-trk=\"{&quot;cta&quot;:{&quot;action&quot;:&quot;https:\\\/\\\/moncompte.actu.fr&quot;,&quot;category&quot;:&quot;mon compte&quot;,&quot;from&quot;:&quot;article footer&quot;,&quot;name&quot;:&quot;Mon actu&quot;,&quot;type&quot;:&quot;cta&quot;}}\" target=\"_blank\">Mon Actu<\/a>.<\/p>\n<p>                    <script async src=\"\/\/www.tiktok.com\/embed.js\"><\/script><\/p>\n","protected":false},"excerpt":{"rendered":"Par Jessie Leclerc Publi\u00e9 le 14 janv. 2026 \u00e0 17h28 Casques de pompiers pr\u00eats \u00e0 \u00eatre enfil\u00e9s, avion&hellip;\n","protected":false},"author":2,"featured_media":663336,"comment_status":"","ping_status":"","sticky":false,"template":"","format":"standard","meta":{"footnotes":""},"categories":[9587],"tags":[1111,11,9086,1777,674,652,1011,27,1757,1652,12,5161,25,9590],"class_list":{"0":"post-663335","1":"post","2":"type-post","3":"status-publish","4":"format-standard","5":"has-post-thumbnail","7":"category-rouen","8":"tag-actu","9":"tag-actualites","10":"tag-bon-plan-a-rouen","11":"tag-eu","12":"tag-europe","13":"tag-famille","14":"tag-fr","15":"tag-france","16":"tag-insolite","17":"tag-loisirs-culture","18":"tag-news","19":"tag-normandie","20":"tag-republique-francaise","21":"tag-rouen"},"share_on_mastodon":{"url":"https:\/\/pubeurope.com\/@fr\/115894443590543084","error":""},"_links":{"self":[{"href":"https:\/\/www.europesays.com\/fr\/wp-json\/wp\/v2\/posts\/663335","targetHints":{"allow":["GET"]}}],"collection":[{"href":"https:\/\/www.europesays.com\/fr\/wp-json\/wp\/v2\/posts"}],"about":[{"href":"https:\/\/www.europesays.com\/fr\/wp-json\/wp\/v2\/types\/post"}],"author":[{"embeddable":true,"href":"https:\/\/www.europesays.com\/fr\/wp-json\/wp\/v2\/users\/2"}],"replies":[{"embeddable":true,"href":"https:\/\/www.europesays.com\/fr\/wp-json\/wp\/v2\/comments?post=663335"}],"version-history":[{"count":0,"href":"https:\/\/www.europesays.com\/fr\/wp-json\/wp\/v2\/posts\/663335\/revisions"}],"wp:featuredmedia":[{"embeddable":true,"href":"https:\/\/www.europesays.com\/fr\/wp-json\/wp\/v2\/media\/663336"}],"wp:attachment":[{"href":"https:\/\/www.europesays.com\/fr\/wp-json\/wp\/v2\/media?parent=663335"}],"wp:term":[{"taxonomy":"category","embeddable":true,"href":"https:\/\/www.europesays.com\/fr\/wp-json\/wp\/v2\/categories?post=663335"},{"taxonomy":"post_tag","embeddable":true,"href":"https:\/\/www.europesays.com\/fr\/wp-json\/wp\/v2\/tags?post=663335"}],"curies":[{"name":"wp","href":"https:\/\/api.w.org\/{rel}","templated":true}]}}