{"id":663337,"date":"2026-01-14T16:40:09","date_gmt":"2026-01-14T16:40:09","guid":{"rendered":"https:\/\/www.europesays.com\/fr\/663337\/"},"modified":"2026-01-14T16:40:09","modified_gmt":"2026-01-14T16:40:09","slug":"conferences-ateliers-le-salon-des-parentalites-est-de-retour-a-rouen-ce-week-end","status":"publish","type":"post","link":"https:\/\/www.europesays.com\/fr\/663337\/","title":{"rendered":"Conf\u00e9rences, ateliers&#8230; Le salon des parentalit\u00e9s est de retour \u00e0 Rouen ce week-end"},"content":{"rendered":"<p>                    Par<br \/>\n        <strong><br \/>\n            <a href=\"https:\/\/actu.fr\/auteur\/laredaction\" title=\"Consulter tous les articles de R\u00e9daction Normandie\" target=\"_blank\" rel=\"noopener\">R\u00e9daction Normandie<\/a><br \/>\n                    <\/strong><\/p>\n<p>        Publi\u00e9 le<\/p>\n<p>            14 janv. 2026 \u00e0 17h04        <\/p>\n<p>Le<strong> salon des parentalit\u00e9s<\/strong> est devenu un \u00e9v\u00e9nement contournable. Organis\u00e9 par l\u2019association pour la promotion et l\u2019accompagnement de la parentalit\u00e9 en Normandie (APAPN), il est destin\u00e9 au grand public et aux professionnels. D\u00e9di\u00e9 aux <strong>enjeux de la parentalit\u00e9 et de la petite enfance<\/strong>, il se tiendra samedi 17 et dimanche 18 janvier 2026, \u00e0 la Halle aux Toiles, \u00e0 <a href=\"https:\/\/actu.fr\/normandie\/rouen_76540\" target=\"_blank\" rel=\"noopener\">Rouen<\/a>. Nouveaut\u00e9 pour cette sixi\u00e8me \u00e9dition : le salon abordera \u00e9galement <strong>l\u2019adolescence et les enfants<\/strong> \u00e0 besoins sp\u00e9cifiques.<\/p>\n<p>Des intervenants reconnus<\/p>\n<p class=\" wall-content\">Marraine de l\u2019\u00e9v\u00e9nement, <strong>H\u00e9lo\u00efse Junier<\/strong>, psychologue et \u00e9crivaine, est reconnue comme une figure incontournable de la vulgarisation scientifique relative \u00e0 la petite enfance et la parentalit\u00e9, en incarnant les valeurs fondatrices du salon : bienveillance, accessibilit\u00e9 et transmission.<\/p>\n<p class=\" wall-content\">Conf\u00e9rences, ateliers et temps d\u2019\u00e9changes sont au programme, avec la participation d\u2019intervenants reconnus issus de la psychiatrie (C\u00e9cile Feltin) et la p\u00e9diatrie (Arnault Pfersdorff et C\u00e9lia Levavasseur), ainsi que d\u2019autres invit\u00e9s surprises autour de l\u2019\u00e9ducation, la psychologie, la recherche et les neurosciences.<\/p>\n<p class=\" wall-content\">Au sein des espaces de la Halle aux toiles, ce sont plus de<strong> 70 stands et animations<\/strong> qui cadenceront cette fin de semaine : ateliers sensoriels, motricit\u00e9, portage, yoga, lecture partag\u00e9e, etc. ; espaces de restauration, zone pour les nourrissons, coins d\u00e9tente et change, etc. ; village des associations, librairie, espace de jeux libres et rencontres avec les acteurs locaux de la parentalit\u00e9, l\u2019adolescence et du handicap.<\/p>\n<p>Sixi\u00e8me salon des parentalit\u00e9s, samedi\u00a017 et dimanche 18\u00a0janvier, \u00e0 la Halle aux toiles, \u00e0 Rouen, de 9 h 30 \u00e0 18 h. Entr\u00e9e libre et gratuite.<\/p>\n<p>Vid\u00e9os : en ce moment sur ActuSuivez l\u2019actualit\u00e9 de Rouen sur notre <a href=\"https:\/\/www.whatsapp.com\/channel\/0029VaKfnf99hXF2ddApFB1D\" target=\"_blank\" rel=\"noopener\">cha\u00eene WhatsApp<\/a> et sur notre <a href=\"https:\/\/www.tiktok.com\/@76actu.fr?lang=fr\" target=\"_blank\" rel=\"noopener\">compte TikTok<\/a><\/p>\n<p class=\" wall-content\">Personnalisez votre actualit\u00e9 en ajoutant vos villes et m\u00e9dias en favori avec <a href=\"https:\/\/moncompte.actu.fr\" title=\"D\u00e9couvez Mon Actu\" rel=\"nofollow noopener\" data-trk=\"{&quot;cta&quot;:{&quot;action&quot;:&quot;https:\\\/\\\/moncompte.actu.fr&quot;,&quot;category&quot;:&quot;mon compte&quot;,&quot;from&quot;:&quot;article footer&quot;,&quot;name&quot;:&quot;Mon actu&quot;,&quot;type&quot;:&quot;cta&quot;}}\" target=\"_blank\">Mon Actu<\/a>.<\/p>\n<p>                    <script async src=\"\/\/www.tiktok.com\/embed.js\"><\/script><\/p>\n","protected":false},"excerpt":{"rendered":"Par R\u00e9daction Normandie Publi\u00e9 le 14 janv. 2026 \u00e0 17h04 Le salon des parentalit\u00e9s est devenu un \u00e9v\u00e9nement&hellip;\n","protected":false},"author":2,"featured_media":663338,"comment_status":"","ping_status":"","sticky":false,"template":"","format":"standard","meta":{"footnotes":""},"categories":[9587],"tags":[1111,11,1777,674,1011,27,12,5161,25,9590,104],"class_list":{"0":"post-663337","1":"post","2":"type-post","3":"status-publish","4":"format-standard","5":"has-post-thumbnail","7":"category-rouen","8":"tag-actu","9":"tag-actualites","10":"tag-eu","11":"tag-europe","12":"tag-fr","13":"tag-france","14":"tag-news","15":"tag-normandie","16":"tag-republique-francaise","17":"tag-rouen","18":"tag-societe"},"share_on_mastodon":{"url":"https:\/\/pubeurope.com\/@fr\/115894447289699482","error":""},"_links":{"self":[{"href":"https:\/\/www.europesays.com\/fr\/wp-json\/wp\/v2\/posts\/663337","targetHints":{"allow":["GET"]}}],"collection":[{"href":"https:\/\/www.europesays.com\/fr\/wp-json\/wp\/v2\/posts"}],"about":[{"href":"https:\/\/www.europesays.com\/fr\/wp-json\/wp\/v2\/types\/post"}],"author":[{"embeddable":true,"href":"https:\/\/www.europesays.com\/fr\/wp-json\/wp\/v2\/users\/2"}],"replies":[{"embeddable":true,"href":"https:\/\/www.europesays.com\/fr\/wp-json\/wp\/v2\/comments?post=663337"}],"version-history":[{"count":0,"href":"https:\/\/www.europesays.com\/fr\/wp-json\/wp\/v2\/posts\/663337\/revisions"}],"wp:featuredmedia":[{"embeddable":true,"href":"https:\/\/www.europesays.com\/fr\/wp-json\/wp\/v2\/media\/663338"}],"wp:attachment":[{"href":"https:\/\/www.europesays.com\/fr\/wp-json\/wp\/v2\/media?parent=663337"}],"wp:term":[{"taxonomy":"category","embeddable":true,"href":"https:\/\/www.europesays.com\/fr\/wp-json\/wp\/v2\/categories?post=663337"},{"taxonomy":"post_tag","embeddable":true,"href":"https:\/\/www.europesays.com\/fr\/wp-json\/wp\/v2\/tags?post=663337"}],"curies":[{"name":"wp","href":"https:\/\/api.w.org\/{rel}","templated":true}]}}