{"id":663339,"date":"2026-01-14T16:41:09","date_gmt":"2026-01-14T16:41:09","guid":{"rendered":"https:\/\/www.europesays.com\/fr\/663339\/"},"modified":"2026-01-14T16:41:09","modified_gmt":"2026-01-14T16:41:09","slug":"grenoble-apres-un-report-larrivee-du-magasin-shein-confirmee-au-bhv-voici-quand","status":"publish","type":"post","link":"https:\/\/www.europesays.com\/fr\/663339\/","title":{"rendered":"Grenoble. Apr\u00e8s un report, l&rsquo;arriv\u00e9e du magasin Shein confirm\u00e9e au BHV : voici quand"},"content":{"rendered":"<p>                    Par<br \/>\n        <strong><br \/>\n            <a href=\"https:\/\/actu.fr\/auteur\/lisa-rodrigues\" title=\"Consulter tous les articles de Lisa Rodrigues\" target=\"_blank\" rel=\"noopener\">Lisa Rodrigues<\/a><br \/>\n                    <\/strong><\/p>\n<p>        Publi\u00e9 le<\/p>\n<p>            14 janv. 2026 \u00e0 17h35        <\/p>\n<p>D\u00e9j\u00e0 trois mois que le g\u00e9ant de l\u2019ultra fast-fashion <strong>Shein<\/strong> a pos\u00e9 ses valises au BHV de Paris. En octobre 2025, la SGM (Soci\u00e9t\u00e9 des grands magasins), propri\u00e9taire de l\u2019\u00e9tablissement parisien et de cinq ex-Galeries Lafayette en r\u00e9gion (aujourd\u2019hui devenues des BHV) dont celui de <a href=\"https:\/\/actu.fr\/auvergne-rhone-alpes\/grenoble_38185\" target=\"_blank\" rel=\"noopener\">Grenoble<\/a>, a annonc\u00e9 <a href=\"https:\/\/actu.fr\/economie\/shein-s-installe-dans-plusieurs-villes-de-france-la-liste-de-tous-les-magasins-attendus-des-cette-annee_63241248.html\" target=\"_blank\" rel=\"noopener\">sa collaboration avec l\u2019entreprise chinoise<\/a>.<br \/>Une arriv\u00e9e (tr\u00e8s) comment\u00e9e, puis finalement <a href=\"https:\/\/actu.fr\/auvergne-rhone-alpes\/grenoble_38185\/grenoble-encore-un-couac-pour-shein-aux-galeries-lafayette-la-date-d-ouverture-decalee_63438303.html\" target=\"_blank\" rel=\"noopener\">report\u00e9e<\/a> par <a href=\"https:\/\/actu.fr\/auvergne-rhone-alpes\/lyon_69123\/lyon-face-au-scandale-des-poupees-sexuelles-shein-le-patron-lyonnais-frederic-merlin-persiste_63390194.html\" target=\"_blank\" rel=\"noopener\">Fr\u00e9d\u00e9ric Merlin<\/a>, patron de la SGM, en novembre dernier. Deux mois plus tard, un nouveau calendrier est annonc\u00e9 pour l\u2019ouverture du corner Shein \u00e0 Grenoble.<\/p>\n<p>Ouverture annonc\u00e9e au printemps<\/p>\n<p class=\" wall-content\">Si aucune date pr\u00e9cise n\u2019est encore donn\u00e9e, les espaces de vente Shein en r\u00e9gion \u00ab\u00a0devraient ouvrir <strong>dans 2 \u00e0 3 mois<\/strong>\u00ab\u00a0, soit au printemps 2026, confirme la communication du groupe \u00e0 actu Grenoble.\u00a0<\/p>\n<p class=\" wall-content\">Le temps de r\u00e9aliser les derniers r\u00e9glages pour \u00ab\u00a0une ouverture optimale\u00a0\u00bb, notamment en termes d\u2019offre et d\u2019exp\u00e9rience client. \u00ab\u00a0L\u2019attente est forte en r\u00e9gion\u00a0\u00bb, insiste la SGM, qui met en avant les bons chiffres de fr\u00e9quentation du corner Shein \u00e0 Paris, avec 300 000 personnes annonc\u00e9es pour le premier mois d\u2019ouverture.<\/p>\n<p class=\" wall-content\">Aucun chiffre n\u2019a, depuis, \u00e9t\u00e9 communiqu\u00e9 sur l\u2019affluence dans le magasin parisien, o\u00f9 Shein disposerait d\u2019environ 1 000 m\u00b2 d\u2019espace de vente.<\/p>\n<p>Des couacs \u00e0 r\u00e9gler<\/p>\n<p class=\" wall-content\">Dans la capitale des Alpes, Shein va disposer d\u2019une large partie du 3e \u00e9tage du magasin de la place Grenette, <strong>entre 300 et 400 m\u00b2<\/strong>. Mais des adaptations seraient encore possibles, notamment en termes de surface et d\u2019offre propos\u00e9e, aux vues des <a href=\"https:\/\/actu.fr\/ile-de-france\/paris_75056\/paris-je-n-acheterai-rien-au-bhv-les-clients-pas-emballes-par-les-soldes-d-hiver-de-shein_63681215.html\" target=\"_blank\" rel=\"noopener\">premiers retours du corner sur Paris<\/a>.\u00a0<\/p>\n<p class=\" wall-content\">En effet, des clients ont fait remonter des produits plus chers qu\u2019en ligne, des v\u00eatements en majorit\u00e9 pour les femmes et peu pour les enfants ou les hommes, avec une qualit\u00e9 loin du niveau attendu.<\/p>\n<p class=\" wall-content\">Et c\u2019est sans parler des <strong>effets annexes<\/strong> de l\u2019arriv\u00e9e de Shein dans les all\u00e9es du grand magasin parisien : <a href=\"https:\/\/actu.fr\/ile-de-france\/paris_75056\/shein-au-bhv-dior-guerlain-sandro-et-d-autres-marques-desertent-le-grand-magasin-parisien_63435577.html\" target=\"_blank\" rel=\"noopener\">plusieurs marques<\/a> ont d\u2019ores et d\u00e9j\u00e0 quitt\u00e9 l\u2019enseigne, <a href=\"https:\/\/actu.fr\/ile-de-france\/paris_75056\/un-champ-de-ruines-au-bhv-a-paris-un-climat-morose-depuis-l-arrivee-controversee-de-shein_63442322.html\" target=\"_blank\" rel=\"noopener\">laissant des espaces entiers compl\u00e8tement vides<\/a>.<\/p>\n<p>Votre r\u00e9gion, votre actu !<\/p>\n<p>Recevez chaque jour les infos qui comptent pour vous.<\/p>\n<p>\t<a href=\"https:\/\/actu.fr\/newsletter\" class=\"ac-btn ac-btn--corner ac-btn--medium ac-btn--blue800\" target=\"_blank\" rel=\"noopener\">S&rsquo;incrire<\/a><\/p>\n<p class=\" wall-content\">\u00c0 Grenoble, de <a href=\"https:\/\/actu.fr\/auvergne-rhone-alpes\/grenoble_38185\/grenoble-shein-aux-galeries-lafayette-derange-ces-commercants-il-n-y-a-rien-qui-va_63403771.html\" target=\"_blank\" rel=\"noopener\">nombreux commer\u00e7ants du centre-ville<\/a> restent sceptiques quant \u00e0 l\u2019ouverture du g\u00e9ant chinois aux ex-Galeries Lafayette. C\u00f4t\u00e9 politique, le tapis rouge n\u2019est pas vraiment de sortie non plus, \u00e0 l\u2019image du maire \u00e9cologiste, \u00c9ric Piolle, qui a demand\u00e9 \u00e0\u00a0<a href=\"https:\/\/actu.fr\/auvergne-rhone-alpes\/grenoble_38185\/grenoble-shein-aux-galeries-lafayette-eric-piolle-demande-la-suspension-de-son-arrivee_63405730.html\" target=\"_blank\" rel=\"noopener\">\u00ab\u00a0suspendre\u00a0\u00bb l\u2019arriv\u00e9e de Shein<\/a>.<\/p>\n<p>Les f\u00e9d\u00e9rations de commerce unies contre Shein<\/p>\n<p class=\" wall-content\">Au niveau national, Shein a aussi connu des turbulences ces derni\u00e8res semaines. Apr\u00e8s le <a href=\"https:\/\/actu.fr\/societe\/shein-vend-des-poupees-sexuelles-pedopornographiques-le-procureur-de-la-republique-saisi_63382998.html\" target=\"_blank\" rel=\"noopener\">scandale des poup\u00e9es sexuelles p\u00e9dopornographiques<\/a>, l\u2019entreprise est \u00e0 nouveau devant la justice.<\/p>\n<p class=\" wall-content\">Un ensemble de f\u00e9d\u00e9rations de commerces et d\u2019industries poursuit devant les tribunaux la marque chinoise pour concurrence et pratiques commerciales d\u00e9loyales. Une premi\u00e8re audience a eu lieu le 12 janvier \u00e0 Aix-en-Provence \u00e0 ce sujet. Un calendrier plus pr\u00e9cis est attendu pour f\u00e9vrier.<\/p>\n<p class=\" wall-content\">Personnalisez votre actualit\u00e9 en ajoutant vos villes et m\u00e9dias en favori avec <a href=\"https:\/\/moncompte.actu.fr\" title=\"D\u00e9couvez Mon Actu\" rel=\"nofollow noopener\" data-trk=\"{&quot;cta&quot;:{&quot;action&quot;:&quot;https:\\\/\\\/moncompte.actu.fr&quot;,&quot;category&quot;:&quot;mon compte&quot;,&quot;from&quot;:&quot;article footer&quot;,&quot;name&quot;:&quot;Mon actu&quot;,&quot;type&quot;:&quot;cta&quot;}}\" target=\"_blank\">Mon Actu<\/a>.<\/p>\n","protected":false},"excerpt":{"rendered":"Par Lisa Rodrigues Publi\u00e9 le 14 janv. 2026 \u00e0 17h35 D\u00e9j\u00e0 trois mois que le g\u00e9ant de l\u2019ultra&hellip;\n","protected":false},"author":2,"featured_media":663340,"comment_status":"","ping_status":"","sticky":false,"template":"","format":"standard","meta":{"footnotes":""},"categories":[9566],"tags":[1111,11,2430,4753,215,33,1777,674,1011,27,2731,12,25],"class_list":{"0":"post-663339","1":"post","2":"type-post","3":"status-publish","4":"format-standard","5":"has-post-thumbnail","7":"category-grenoble","8":"tag-actu","9":"tag-actualites","10":"tag-auvergne-rhone-alpes","11":"tag-bhv","12":"tag-commerce","13":"tag-economie","14":"tag-eu","15":"tag-europe","16":"tag-fr","17":"tag-france","18":"tag-grenoble","19":"tag-news","20":"tag-republique-francaise"},"share_on_mastodon":{"url":"https:\/\/pubeurope.com\/@fr\/115894451234663314","error":""},"_links":{"self":[{"href":"https:\/\/www.europesays.com\/fr\/wp-json\/wp\/v2\/posts\/663339","targetHints":{"allow":["GET"]}}],"collection":[{"href":"https:\/\/www.europesays.com\/fr\/wp-json\/wp\/v2\/posts"}],"about":[{"href":"https:\/\/www.europesays.com\/fr\/wp-json\/wp\/v2\/types\/post"}],"author":[{"embeddable":true,"href":"https:\/\/www.europesays.com\/fr\/wp-json\/wp\/v2\/users\/2"}],"replies":[{"embeddable":true,"href":"https:\/\/www.europesays.com\/fr\/wp-json\/wp\/v2\/comments?post=663339"}],"version-history":[{"count":0,"href":"https:\/\/www.europesays.com\/fr\/wp-json\/wp\/v2\/posts\/663339\/revisions"}],"wp:featuredmedia":[{"embeddable":true,"href":"https:\/\/www.europesays.com\/fr\/wp-json\/wp\/v2\/media\/663340"}],"wp:attachment":[{"href":"https:\/\/www.europesays.com\/fr\/wp-json\/wp\/v2\/media?parent=663339"}],"wp:term":[{"taxonomy":"category","embeddable":true,"href":"https:\/\/www.europesays.com\/fr\/wp-json\/wp\/v2\/categories?post=663339"},{"taxonomy":"post_tag","embeddable":true,"href":"https:\/\/www.europesays.com\/fr\/wp-json\/wp\/v2\/tags?post=663339"}],"curies":[{"name":"wp","href":"https:\/\/api.w.org\/{rel}","templated":true}]}}