{"id":663341,"date":"2026-01-14T16:42:13","date_gmt":"2026-01-14T16:42:13","guid":{"rendered":"https:\/\/www.europesays.com\/fr\/663341\/"},"modified":"2026-01-14T16:42:13","modified_gmt":"2026-01-14T16:42:13","slug":"le-deplacement-a-grenoble-deja-programme","status":"publish","type":"post","link":"https:\/\/www.europesays.com\/fr\/663341\/","title":{"rendered":"le d\u00e9placement \u00e0 Grenoble d\u00e9j\u00e0 programm\u00e9"},"content":{"rendered":"<p>Force est de constater que depuis cette ann\u00e9e, la Ligue de football professionnel tient ses engagements. Au moins en mati\u00e8re de programmation des rencontres pour faciliter les d\u00e9placements, pas toujours autoris\u00e9s, des supporters \u00e0 l\u2019ext\u00e9rieur.<\/p>\n<p>Si l\u2019horaire de la r\u00e9ception de Montpellier d\u00e9but f\u00e9vrier se fait attendre \u00e0 cause du programme de la Coupe de France \u00e0 confirmer, il est possible de savoir ce que l\u2019on compte faire \u00e0 la mi-mars si l\u2019on supporte l&rsquo;ASSE.<\/p>\n<p>  Des chances de mont\u00e9e qui se r\u00e9duisent<\/p>\n<p>Alors que leurs chances de monter s\u2019amenuisent, les hommes d\u2019<a href=\"https:\/\/www.leprogres.fr\/p\/eirik-horneland\" target=\"_blank\" rel=\"noopener\">Eirik Horneland<\/a> ont toujours les faveurs de beIN Sports. Le diffuseur qatarien, qui poss\u00e8de l\u2019exclusivit\u00e9 de la Ligue 2, va miser une fois de plus sur les Verts pour tenir la case du prime time du samedi soir lors de la 27e journ\u00e9e de championnat. Ainsi, le d\u00e9placement \u00e0 Grenoble sera visible sur beIN Sports 1 d\u00e8s 20 heures le 14 mars.<\/p>\n","protected":false},"excerpt":{"rendered":"Force est de constater que depuis cette ann\u00e9e, la Ligue de football professionnel tient ses engagements. Au moins&hellip;\n","protected":false},"author":2,"featured_media":663342,"comment_status":"","ping_status":"","sticky":false,"template":"","format":"standard","meta":{"footnotes":""},"categories":[9566],"tags":[1111,11,4000,2430,7539,1777,674,63,1011,27,2731,4002,3367,12,25,4001],"class_list":{"0":"post-663341","1":"post","2":"type-post","3":"status-publish","4":"format-standard","5":"has-post-thumbnail","7":"category-grenoble","8":"tag-actu","9":"tag-actualites","10":"tag-asse-as-saint-etienne-football","11":"tag-auvergne-rhone-alpes","12":"tag-edition-loire-sud","13":"tag-eu","14":"tag-europe","15":"tag-football","16":"tag-fr","17":"tag-france","18":"tag-grenoble","19":"tag-haute-loire","20":"tag-loire","21":"tag-news","22":"tag-republique-francaise","23":"tag-saint-etienne"},"share_on_mastodon":{"url":"https:\/\/pubeurope.com\/@fr\/115894455069986032","error":""},"_links":{"self":[{"href":"https:\/\/www.europesays.com\/fr\/wp-json\/wp\/v2\/posts\/663341","targetHints":{"allow":["GET"]}}],"collection":[{"href":"https:\/\/www.europesays.com\/fr\/wp-json\/wp\/v2\/posts"}],"about":[{"href":"https:\/\/www.europesays.com\/fr\/wp-json\/wp\/v2\/types\/post"}],"author":[{"embeddable":true,"href":"https:\/\/www.europesays.com\/fr\/wp-json\/wp\/v2\/users\/2"}],"replies":[{"embeddable":true,"href":"https:\/\/www.europesays.com\/fr\/wp-json\/wp\/v2\/comments?post=663341"}],"version-history":[{"count":0,"href":"https:\/\/www.europesays.com\/fr\/wp-json\/wp\/v2\/posts\/663341\/revisions"}],"wp:featuredmedia":[{"embeddable":true,"href":"https:\/\/www.europesays.com\/fr\/wp-json\/wp\/v2\/media\/663342"}],"wp:attachment":[{"href":"https:\/\/www.europesays.com\/fr\/wp-json\/wp\/v2\/media?parent=663341"}],"wp:term":[{"taxonomy":"category","embeddable":true,"href":"https:\/\/www.europesays.com\/fr\/wp-json\/wp\/v2\/categories?post=663341"},{"taxonomy":"post_tag","embeddable":true,"href":"https:\/\/www.europesays.com\/fr\/wp-json\/wp\/v2\/tags?post=663341"}],"curies":[{"name":"wp","href":"https:\/\/api.w.org\/{rel}","templated":true}]}}