{"id":663343,"date":"2026-01-14T16:43:10","date_gmt":"2026-01-14T16:43:10","guid":{"rendered":"https:\/\/www.europesays.com\/fr\/663343\/"},"modified":"2026-01-14T16:43:10","modified_gmt":"2026-01-14T16:43:10","slug":"portes-mordelaises-la-derniere-passerelle-est-posee-ici-rennes-metropole-actualites","status":"publish","type":"post","link":"https:\/\/www.europesays.com\/fr\/663343\/","title":{"rendered":"Portes mordelaises\u202f: la derni\u00e8re passerelle est pos\u00e9e | ICI RENNES M\u00c9TROPOLE Actualit\u00e9s"},"content":{"rendered":"<p>L&rsquo;exercice se d\u00e9roule sous les yeux des responsables du chantier de la Ville de Rennes, des \u00e9lus et de la presse car il marque une \u00e9tape symbolique\u202f: le trait d&rsquo;union entre le parvis des Portes mordelaises et le square Hyacinthe-Lorette en contrebas, domin\u00e9 par la tour Duchesne. Soit une nouvelle promenade entre la place des Lices et le mail Fran\u00e7ois-Mitterrand. Bient\u00f4t, les terrasses des restaurants de la rue Nantaise y prendront place. Les espaces verts restent encore \u00e0 am\u00e9nager, tout comme le mobilier, les garde-corps le long des douves&#8230; L&rsquo;ouverture au public est pr\u00e9vue au printemps.\u00a0<\/p>\n<p>Pour rappel\u202f: le site des Portes mordelaises constitue l\u2019ensemble le plus cons\u00e9quent de vestiges antiques et m\u00e9di\u00e9vaux encore visibles \u00e0 Rennes. Son chantier de restauration a \u00e9t\u00e9 lanc\u00e9 par la Ville de Rennes en 2018 pour un budget de 5 millions.\u00a0<\/p>\n","protected":false},"excerpt":{"rendered":"L&rsquo;exercice se d\u00e9roule sous les yeux des responsables du chantier de la Ville de Rennes, des \u00e9lus et&hellip;\n","protected":false},"author":2,"featured_media":663344,"comment_status":"","ping_status":"","sticky":false,"template":"","format":"standard","meta":{"footnotes":""},"categories":[2821],"tags":[1111,11,829,1777,674,1011,27,12,584,25],"class_list":{"0":"post-663343","1":"post","2":"type-post","3":"status-publish","4":"format-standard","5":"has-post-thumbnail","7":"category-rennes","8":"tag-actu","9":"tag-actualites","10":"tag-bretagne","11":"tag-eu","12":"tag-europe","13":"tag-fr","14":"tag-france","15":"tag-news","16":"tag-rennes","17":"tag-republique-francaise"},"share_on_mastodon":{"url":"https:\/\/pubeurope.com\/@fr\/115894459053366327","error":""},"_links":{"self":[{"href":"https:\/\/www.europesays.com\/fr\/wp-json\/wp\/v2\/posts\/663343","targetHints":{"allow":["GET"]}}],"collection":[{"href":"https:\/\/www.europesays.com\/fr\/wp-json\/wp\/v2\/posts"}],"about":[{"href":"https:\/\/www.europesays.com\/fr\/wp-json\/wp\/v2\/types\/post"}],"author":[{"embeddable":true,"href":"https:\/\/www.europesays.com\/fr\/wp-json\/wp\/v2\/users\/2"}],"replies":[{"embeddable":true,"href":"https:\/\/www.europesays.com\/fr\/wp-json\/wp\/v2\/comments?post=663343"}],"version-history":[{"count":0,"href":"https:\/\/www.europesays.com\/fr\/wp-json\/wp\/v2\/posts\/663343\/revisions"}],"wp:featuredmedia":[{"embeddable":true,"href":"https:\/\/www.europesays.com\/fr\/wp-json\/wp\/v2\/media\/663344"}],"wp:attachment":[{"href":"https:\/\/www.europesays.com\/fr\/wp-json\/wp\/v2\/media?parent=663343"}],"wp:term":[{"taxonomy":"category","embeddable":true,"href":"https:\/\/www.europesays.com\/fr\/wp-json\/wp\/v2\/categories?post=663343"},{"taxonomy":"post_tag","embeddable":true,"href":"https:\/\/www.europesays.com\/fr\/wp-json\/wp\/v2\/tags?post=663343"}],"curies":[{"name":"wp","href":"https:\/\/api.w.org\/{rel}","templated":true}]}}