{"id":663345,"date":"2026-01-14T16:44:10","date_gmt":"2026-01-14T16:44:10","guid":{"rendered":"https:\/\/www.europesays.com\/fr\/663345\/"},"modified":"2026-01-14T16:44:10","modified_gmt":"2026-01-14T16:44:10","slug":"trois-minutes-par-patient-cest-de-labattage-tension-inedite-aux-urgences-du-chu-de-rennes-les-soignants-crient-leur-detresse","status":"publish","type":"post","link":"https:\/\/www.europesays.com\/fr\/663345\/","title":{"rendered":"\u00ab\u00a0Trois minutes par patient, c\u2019est de l\u2019abattage\u00a0\u00bb\u00a0: tension in\u00e9dite aux urgences du CHU de Rennes, les soignants crient leur d\u00e9tresse"},"content":{"rendered":"<p>\u00ab Je suis \u00e9puis\u00e9e, je viens au boulot avec la peur de faire une erreur. \u00bb Face \u00e0 la d\u00e9gradation alarmante des conditions de soins aux urgences li\u00e9e \u00e0 un afflux massif de patients, Karen, infirmi\u00e8re aux urgences du CHU de Rennes, et une trentaine de ses coll\u00e8gues infirmiers et aides-soignants, a d\u00e9bray\u00e9 pendant dix minutes et fait un sit-in devant l\u2019entr\u00e9e du service, ce mercredi 14 janvier 2026.<\/p>\n<p>\u00ab Entre le 13 d\u00e9cembre 2025 et le 13 janvier 2026, on a eu en moyenne 220 \u00e0 230 passages par jour, alors que le service est dimensionn\u00e9 pour accueillir 150 patients, explique Olivier, infirmier depuis une quinzaine d\u2019ann\u00e9es aux urgences du CHU de Rennes. Et lundi, on a eu un pic \u00e0 280. On n\u2019a jamais vu \u00e7a. \u00bb<\/p>\n<p>\u00ab Des doubles rang\u00e9es de brancards dans les couloirs \u00bb<\/p>\n<p>En cause : un pic \u00e9pid\u00e9mique de maladies hivernales, notamment la grippe, conjugu\u00e9 \u00e0 la gr\u00e8ve des m\u00e9decins lib\u00e9raux. Lundi, les syndicats avaient d\u00e9j\u00e0 tir\u00e9 la sonnette d\u2019alarme et <a href=\"https:\/\/www.letelegramme.fr\/ille-et-vilaine\/rennes-35000\/bienvenue-en-enfer-deux-patients-decedent-sur-des-brancards-aux-urgences-du-chu-de-rennes-un-syndicat-tire-la-sonnette-dalarme-6962351.php\" target=\"_blank\" rel=\"noopener\">d\u00e9nonc\u00e9 le d\u00e9c\u00e8s de deux patients<\/a> install\u00e9s sur des brancards durant la nuit du dimanche 11 au lundi 12 janvier \u00ab par manque de surveillance \u00bb, estimaient-ils. Une version d\u00e9mentie par la direction du CHU, qui r\u00e9fute tout lien avec la situation de tension au sein du service.<\/p>\n<p>\u00ab Au moins un de ces patients est arriv\u00e9 en soins palliatifs, mais ce que l\u2019on regrette, ce sont les conditions dans lesquelles il est d\u00e9c\u00e9d\u00e9, sur un brancard dans un box des urgences au milieu de 30 patients, d\u00e9nonce Olivier. Les urgences aujourd\u2019hui, ce sont des doubles rang\u00e9es de brancards dans les couloirs et des patients qui y passent des nuits. On n\u2019est parfois dans l\u2019incapacit\u00e9 de r\u00e9pondre \u00e0 leurs besoins \u00bb.<\/p>\n<p>\u00ab On joue avec notre dipl\u00f4me tous les jours \u00bb<\/p>\n<p>Tous d\u00e9noncent un \u00e9tat d\u2019\u00e9puisement et de stress. \u00ab On joue avec notre dipl\u00f4me tous les jours, estime un autre infirmier. 280 patients par jour, cela fait environ 20 par heure. L\u2019infirmier d\u2019accueil, qui doit estimer le d\u00e9lai dans lequel le patient doit \u00eatre pris en charge par le m\u00e9decin, a donc trois minutes pour \u00e9valuer chaque patient. C\u2019est de l\u2019abattage. La prise en charge ne peut qu\u2019\u00eatre mauvaise et certains coll\u00e8gues arrivent avec la boule au ventre, avec la peur de faire une erreur \u00bb.<\/p>\n<p>Face \u00e0 cette crise, la direction du CHU de Rennes a, ce mercredi matin, d\u00e9cid\u00e9 de mettre en place la <a href=\"https:\/\/www.letelegramme.fr\/ille-et-vilaine\/rennes-35000\/deux-morts-aux-urgences-du-chu-de-rennes-la-mise-au-point-de-la-direction-de-letablissement-6963017.php\" target=\"_blank\" rel=\"noopener\">r\u00e9gulation 24 h\/24 des urgences<\/a>. Jusqu\u2019au 21 janvier, l\u2019acc\u00e8s aux urgences adultes du CHU est conditionn\u00e9 \u00e0 un appel pr\u00e9alable au 15. D\u2019autre part, dans le cadre du <a href=\"https:\/\/www.letelegramme.fr\/ille-et-vilaine\/rennes-35000\/le-chu-fait-face-a-une-situation-de-tres-forte-tension-a-rennes-le-plan-blanc-est-declenche-dans-les-hopitaux-6958051.php\" target=\"_blank\" rel=\"noopener\">plan blanc d\u00e9clench\u00e9 le 6 janvier<\/a>, quelques renforts en personnel ont \u00e9t\u00e9 d\u00e9p\u00each\u00e9s et 30 lits suppl\u00e9mentaires ont \u00e9t\u00e9 ouverts. \u00ab Ils sont d\u00e9j\u00e0 pleins, r\u00e9pondent les soignants. On reconna\u00eet les efforts de la direction, mais cela reste insuffisant et on ne sait pas combien de temps ces mesures vont durer. La premi\u00e8re demande, ce sont des lits d\u2019aval (qui permettent d\u2019accueillir les patients des urgences devant \u00eatre hospitalis\u00e9s) car aujourd\u2019hui, on craque de partout aux urgences. \u00bb<\/p>\n","protected":false},"excerpt":{"rendered":"\u00ab Je suis \u00e9puis\u00e9e, je viens au boulot avec la peur de faire une erreur. \u00bb Face \u00e0&hellip;\n","protected":false},"author":2,"featured_media":663346,"comment_status":"","ping_status":"","sticky":false,"template":"","format":"standard","meta":{"footnotes":""},"categories":[2821],"tags":[1111,11,829,1777,674,1011,27,100,848,12,50972,584,25,71],"class_list":{"0":"post-663345","1":"post","2":"type-post","3":"status-publish","4":"format-standard","5":"has-post-thumbnail","7":"category-rennes","8":"tag-actu","9":"tag-actualites","10":"tag-bretagne","11":"tag-eu","12":"tag-europe","13":"tag-fr","14":"tag-france","15":"tag-hopital","16":"tag-ille-et-vilaine","17":"tag-news","18":"tag-newsletter-la-rennes-quotidienne","19":"tag-rennes","20":"tag-republique-francaise","21":"tag-sante"},"share_on_mastodon":{"url":"https:\/\/pubeurope.com\/@fr\/115894462948510227","error":""},"_links":{"self":[{"href":"https:\/\/www.europesays.com\/fr\/wp-json\/wp\/v2\/posts\/663345","targetHints":{"allow":["GET"]}}],"collection":[{"href":"https:\/\/www.europesays.com\/fr\/wp-json\/wp\/v2\/posts"}],"about":[{"href":"https:\/\/www.europesays.com\/fr\/wp-json\/wp\/v2\/types\/post"}],"author":[{"embeddable":true,"href":"https:\/\/www.europesays.com\/fr\/wp-json\/wp\/v2\/users\/2"}],"replies":[{"embeddable":true,"href":"https:\/\/www.europesays.com\/fr\/wp-json\/wp\/v2\/comments?post=663345"}],"version-history":[{"count":0,"href":"https:\/\/www.europesays.com\/fr\/wp-json\/wp\/v2\/posts\/663345\/revisions"}],"wp:featuredmedia":[{"embeddable":true,"href":"https:\/\/www.europesays.com\/fr\/wp-json\/wp\/v2\/media\/663346"}],"wp:attachment":[{"href":"https:\/\/www.europesays.com\/fr\/wp-json\/wp\/v2\/media?parent=663345"}],"wp:term":[{"taxonomy":"category","embeddable":true,"href":"https:\/\/www.europesays.com\/fr\/wp-json\/wp\/v2\/categories?post=663345"},{"taxonomy":"post_tag","embeddable":true,"href":"https:\/\/www.europesays.com\/fr\/wp-json\/wp\/v2\/tags?post=663345"}],"curies":[{"name":"wp","href":"https:\/\/api.w.org\/{rel}","templated":true}]}}