{"id":663347,"date":"2026-01-14T16:45:09","date_gmt":"2026-01-14T16:45:09","guid":{"rendered":"https:\/\/www.europesays.com\/fr\/663347\/"},"modified":"2026-01-14T16:45:09","modified_gmt":"2026-01-14T16:45:09","slug":"la-librairie-kleber-rouvre-dans-ses-locaux-ephemeres-ce-jeudi","status":"publish","type":"post","link":"https:\/\/www.europesays.com\/fr\/663347\/","title":{"rendered":"la librairie Kl\u00e9ber rouvre dans ses locaux \u00e9ph\u00e9m\u00e8res ce jeudi"},"content":{"rendered":"<p>                    Par<br \/>\n        <strong><br \/>\n            <a href=\"https:\/\/actu.fr\/auteur\/ivan-capecchi\" title=\"Consulter tous les articles de Ivan CAPECCHI\" target=\"_blank\" rel=\"noopener\">Ivan CAPECCHI<\/a><br \/>\n                    <\/strong><\/p>\n<p>        Publi\u00e9 le<\/p>\n<p>            14 janv. 2026 \u00e0 16h29        <\/p>\n<p>Apr\u00e8s un <a href=\"https:\/\/actu.fr\/grand-est\/strasbourg_67482\/on-a-assiste-au-demenagement-xxl-de-la-librairie-kleber-a-strasbourg-decouvrez-nos-images_63658792.html\" target=\"_blank\" rel=\"noopener\">d\u00e9m\u00e9nagement XXL<\/a>, la <strong>librairie Kl\u00e9ber<\/strong> rouvre dans ses locaux \u00e9ph\u00e9m\u00e8res, ceux de <a href=\"https:\/\/actu.fr\/grand-est\/strasbourg_67482\/un-commerce-bien-connu-des-strasbourgeois-va-ouvrir-dans-l-ancienne-cellule-du-magasin-boulanger_63403360.html\" target=\"_blank\" rel=\"noopener\">l\u2019ancien magasin Boulanger<\/a> 30 Rue du 22\u00a0Novembre \u00e0 <strong>Strasbourg<\/strong>, ce <strong>jeudi 15\u00a0janvier 2026<\/strong>.<\/p>\n<p class=\" wall-content\">La librairie ouvrira aux horaires habituels, en l\u2019occurrence <strong>d\u00e8s 9h ce jeudi<\/strong>.<\/p>\n<p>\u00ab\u2009La librairie est magnifique, c\u2019est super\u2009\u00bb<\/p>\n<p class=\" wall-content\"><a href=\"https:\/\/actu.fr\/grand-est\/strasbourg_67482\/strasbourg-la-librairie-kleber-demenage-cette-semaine-ce-qu-il-faut-savoir_63641171.html\" target=\"_blank\" rel=\"noopener\">Du 6 au 14\u00a0janvier<\/a>, les \u00e9quipes de la librairie Kl\u00e9ber ont d\u00e9m\u00e9nag\u00e9 les quelque <strong>100\u2009000 r\u00e9f\u00e9rences<\/strong> afin de permettre de lancer le <strong>grand chantier de r\u00e9novation des locaux historiques<\/strong>.<\/p>\n<p class=\" wall-content\">\u00ab\u2009Le plan s\u2019est d\u00e9roul\u00e9 sans accroc, <strong>on n\u2019a eu aucun probl\u00e8me<\/strong>\u2009\u00bb, commente Mathilde Guiraud, la directrice. \u00ab\u2009L\u00e0, on est en train d\u2019accrocher les derni\u00e8res affiches. La <a href=\"https:\/\/actu.fr\/grand-est\/strasbourg_67482\/l-une-des-plus-grandes-librairies-de-france-va-demenager-a-strasbourg-voici-les-coulisses-d-un-defi-xxl_63403639.html\" target=\"_blank\" rel=\"noopener\">librairie<\/a> est magnifique, <strong>tout le monde est ravi, c\u2019est super<\/strong>\u2009\u00bb, ajoute-t-elle.<\/p>\n<p class=\" wall-content\">Personnalisez votre actualit\u00e9 en ajoutant vos villes et m\u00e9dias en favori avec <a href=\"https:\/\/moncompte.actu.fr\" title=\"D\u00e9couvez Mon Actu\" rel=\"nofollow noopener\" data-trk=\"{&quot;cta&quot;:{&quot;action&quot;:&quot;https:\\\/\\\/moncompte.actu.fr&quot;,&quot;category&quot;:&quot;mon compte&quot;,&quot;from&quot;:&quot;article footer&quot;,&quot;name&quot;:&quot;Mon actu&quot;,&quot;type&quot;:&quot;cta&quot;}}\" target=\"_blank\">Mon Actu<\/a>.<\/p>\n","protected":false},"excerpt":{"rendered":"Par Ivan CAPECCHI Publi\u00e9 le 14 janv. 2026 \u00e0 16h29 Apr\u00e8s un d\u00e9m\u00e9nagement XXL, la librairie Kl\u00e9ber rouvre&hellip;\n","protected":false},"author":2,"featured_media":663348,"comment_status":"","ping_status":"","sticky":false,"template":"","format":"standard","meta":{"footnotes":""},"categories":[2820],"tags":[1111,11,215,1777,674,1011,27,775,1380,12,25,104,640],"class_list":{"0":"post-663347","1":"post","2":"type-post","3":"status-publish","4":"format-standard","5":"has-post-thumbnail","7":"category-strasbourg","8":"tag-actu","9":"tag-actualites","10":"tag-commerce","11":"tag-eu","12":"tag-europe","13":"tag-fr","14":"tag-france","15":"tag-grand-est","16":"tag-livres","17":"tag-news","18":"tag-republique-francaise","19":"tag-societe","20":"tag-strasbourg"},"share_on_mastodon":{"url":"https:\/\/pubeurope.com\/@fr\/115894466818827878","error":""},"_links":{"self":[{"href":"https:\/\/www.europesays.com\/fr\/wp-json\/wp\/v2\/posts\/663347","targetHints":{"allow":["GET"]}}],"collection":[{"href":"https:\/\/www.europesays.com\/fr\/wp-json\/wp\/v2\/posts"}],"about":[{"href":"https:\/\/www.europesays.com\/fr\/wp-json\/wp\/v2\/types\/post"}],"author":[{"embeddable":true,"href":"https:\/\/www.europesays.com\/fr\/wp-json\/wp\/v2\/users\/2"}],"replies":[{"embeddable":true,"href":"https:\/\/www.europesays.com\/fr\/wp-json\/wp\/v2\/comments?post=663347"}],"version-history":[{"count":0,"href":"https:\/\/www.europesays.com\/fr\/wp-json\/wp\/v2\/posts\/663347\/revisions"}],"wp:featuredmedia":[{"embeddable":true,"href":"https:\/\/www.europesays.com\/fr\/wp-json\/wp\/v2\/media\/663348"}],"wp:attachment":[{"href":"https:\/\/www.europesays.com\/fr\/wp-json\/wp\/v2\/media?parent=663347"}],"wp:term":[{"taxonomy":"category","embeddable":true,"href":"https:\/\/www.europesays.com\/fr\/wp-json\/wp\/v2\/categories?post=663347"},{"taxonomy":"post_tag","embeddable":true,"href":"https:\/\/www.europesays.com\/fr\/wp-json\/wp\/v2\/tags?post=663347"}],"curies":[{"name":"wp","href":"https:\/\/api.w.org\/{rel}","templated":true}]}}