{"id":663349,"date":"2026-01-14T16:46:13","date_gmt":"2026-01-14T16:46:13","guid":{"rendered":"https:\/\/www.europesays.com\/fr\/663349\/"},"modified":"2026-01-14T16:46:13","modified_gmt":"2026-01-14T16:46:13","slug":"premieres-visites-de-magasins-de-lannee-2026-a-strasbourg","status":"publish","type":"post","link":"https:\/\/www.europesays.com\/fr\/663349\/","title":{"rendered":"Premi\u00e8res visites de magasins de l\u2019ann\u00e9e 2026&#8230; \u00e0 Strasbourg !"},"content":{"rendered":"<p class=\"text-align-justify\">\u00ab\u00a0Deux pour le prix d\u2019un\u00a0\u00bb : j\u2019ai retrouv\u00e9 cette semaine \u00e0 Strasbourg notre adh\u00e9rent Said Bindou, fier de me pr\u00e9senter son hyper et son super.<\/p>\n<p class=\"text-align-justify\">Said, c\u2019est un bosseur dans l\u2019\u00e2me, extr\u00eamement rigoureux et qui a gravi toutes les \u00e9tapes pour aboutir \u00e0 une belle r\u00e9ussite professionnelle. N\u00e9 dans les montagnes berb\u00e8res en 1968, il est arriv\u00e9 \u00e0 Strasbourg apr\u00e8s son bac. Son parcours de vie l\u2019a amen\u00e9 \u00e0 faire une pr\u00e9pa, puis m\u00e9decine, puis une \u00e9cole de commerce, tout en travaillant les nuits pour payer son loyer.<\/p>\n<p class=\"text-align-justify\">Apr\u00e8s 15 ann\u00e9es pass\u00e9es dans des brasseries puis \u00eatre devenu directeur supply chain dans le groupe Heineken, il a dirig\u00e9 la coop\u00e9rative ScapAlsace, outil tr\u00e8s modernis\u00e9 d\u2019approvisionnement d\u2019une quarantaine de Leclerc.<\/p>\n<p class=\"text-align-justify\">Il a accompagn\u00e9 avec talent la reprise par Leclerc des magasins Coop Alsace, ce qui lui a valu de devenir en 2014 l\u2019exploitant de deux magasins strasbourgeois.<\/p>\n<p class=\"text-align-justify\">Le Leclerc Strasbourg-Rivetoile, nich\u00e9 au c\u0153ur du centre commercial, est un hyper de 4500m\u00b2. Il a fallu \u00e0 Said une grosse capacit\u00e9 de r\u00e9sistance et d\u2019abn\u00e9gation pour faire \u00e9voluer la conception des promoteurs et s\u2019adapter \u00e0 des exigences assez loufoques (j\u2019y \u00e9tais \ud83d\ude0a) des am\u00e9nageurs.<\/p>\n<p class=\"text-align-justify\">Aujourd\u2019hui, son \u00e9quipe compte 150 collaborateurs, et embauche r\u00e9guli\u00e8rement de nombreux \u00e9tudiants, dans une ville profond\u00e9ment europ\u00e9enne et vivante.<\/p>\n<p class=\"text-align-justify\">Situ\u00e9 \u00e0 15 minutes de cath\u00e9drale (joyau de la ville !), il int\u00e8gre deux grands concepts (une parapharmacie et une agence de voyages), une importante offre alimentaire (primeur, boucherie, fromagerie), et collabore avec une dizaine d\u2019Alliances Locales, qui m\u2019ont fait go\u00fbteur leurs savoureux produits du coin : flammekueche de la ferme Adam de Wahlenheim, oeufs Riestahl, foie gras de la maison Georges Bruck, vins bio du domaine Edelweiss&#8230;<\/p>\n<p class=\"text-align-justify\">A quelques kilom\u00e8tres de l\u00e0, le super du Neuhof-Stockfeld (2 500m\u00b2 et 50 emplois) vise \u00e0 maintenir attractivit\u00e9 et accessibilit\u00e9 dans un quartier populaire en d\u00e9veloppement.<\/p>\n<p class=\"text-align-justify\">Ici, on trouve 33% de produits \u00e0 marque distributeur, et de nombreux produits agricoles \u00ab\u00a0Origine France\u00a0\u00bb, comme des kiwis, des pommes, des patates douces, du chou, du c\u00e9leri rave, des courges butternut ou encore des champignons blancs !\ud83d\ude0b\u200b\ud83d\ude0b\u200b Un magasin qui est aussi bien ancr\u00e9 dans son territoire (Said Bindou r\u00e9unit r\u00e9guli\u00e8rement les associations du coin).<\/p>\n<p class=\"text-align-justify\">J\u2019ai vraiment eu beaucoup de plaisir \u00e0 rencontrer nos collaborateurs strasbourgeois. Une fois n\u2019est pas coutume, je ne dirais pas \u00ab\u00a0Kenavo !\u00a0\u00bb mais \u00ab\u00a0Bis b\u00e0ll\u00a0\u00bb ! \ud83d\ude0a<\/p>\n","protected":false},"excerpt":{"rendered":"\u00ab\u00a0Deux pour le prix d\u2019un\u00a0\u00bb : j\u2019ai retrouv\u00e9 cette semaine \u00e0 Strasbourg notre adh\u00e9rent Said Bindou, fier de&hellip;\n","protected":false},"author":2,"featured_media":663350,"comment_status":"","ping_status":"","sticky":false,"template":"","format":"standard","meta":{"footnotes":""},"categories":[2820],"tags":[1111,11,76450,25337,5991,1777,674,1011,27,775,14883,12,76449,11562,5486,25,640,510],"class_list":{"0":"post-663349","1":"post","2":"type-post","3":"status-publish","4":"format-standard","5":"has-post-thumbnail","7":"category-strasbourg","8":"tag-actu","9":"tag-actualites","10":"tag-alliances-locales","11":"tag-centre-commercial","12":"tag-e-leclerc","13":"tag-eu","14":"tag-europe","15":"tag-fr","16":"tag-france","17":"tag-grand-est","18":"tag-made-in-france","19":"tag-news","20":"tag-origine-france","21":"tag-rayons","22":"tag-rencontre","23":"tag-republique-francaise","24":"tag-strasbourg","25":"tag-visite"},"share_on_mastodon":{"url":"https:\/\/pubeurope.com\/@fr\/115894470794919109","error":""},"_links":{"self":[{"href":"https:\/\/www.europesays.com\/fr\/wp-json\/wp\/v2\/posts\/663349","targetHints":{"allow":["GET"]}}],"collection":[{"href":"https:\/\/www.europesays.com\/fr\/wp-json\/wp\/v2\/posts"}],"about":[{"href":"https:\/\/www.europesays.com\/fr\/wp-json\/wp\/v2\/types\/post"}],"author":[{"embeddable":true,"href":"https:\/\/www.europesays.com\/fr\/wp-json\/wp\/v2\/users\/2"}],"replies":[{"embeddable":true,"href":"https:\/\/www.europesays.com\/fr\/wp-json\/wp\/v2\/comments?post=663349"}],"version-history":[{"count":0,"href":"https:\/\/www.europesays.com\/fr\/wp-json\/wp\/v2\/posts\/663349\/revisions"}],"wp:featuredmedia":[{"embeddable":true,"href":"https:\/\/www.europesays.com\/fr\/wp-json\/wp\/v2\/media\/663350"}],"wp:attachment":[{"href":"https:\/\/www.europesays.com\/fr\/wp-json\/wp\/v2\/media?parent=663349"}],"wp:term":[{"taxonomy":"category","embeddable":true,"href":"https:\/\/www.europesays.com\/fr\/wp-json\/wp\/v2\/categories?post=663349"},{"taxonomy":"post_tag","embeddable":true,"href":"https:\/\/www.europesays.com\/fr\/wp-json\/wp\/v2\/tags?post=663349"}],"curies":[{"name":"wp","href":"https:\/\/api.w.org\/{rel}","templated":true}]}}