{"id":663357,"date":"2026-01-14T16:50:11","date_gmt":"2026-01-14T16:50:11","guid":{"rendered":"https:\/\/www.europesays.com\/fr\/663357\/"},"modified":"2026-01-14T16:50:11","modified_gmt":"2026-01-14T16:50:11","slug":"un-pedocriminel-remis-en-liberte-a-quelques-jours-de-son-proces-en-appel-en-raison-dune-erreur-de-procedure","status":"publish","type":"post","link":"https:\/\/www.europesays.com\/fr\/663357\/","title":{"rendered":"un p\u00e9docriminel remis en libert\u00e9 \u00e0 quelques jours de son proc\u00e8s en appel en raison d\u2019une erreur de proc\u00e9dure"},"content":{"rendered":"<p>\n    Condamn\u00e9 pour des viols incestueux sur son nourrisson et la d\u00e9tention d\u2019images p\u00e9dopornographiques, cet homme doit \u00eatre jug\u00e9 devant la cour d\u2019assises d\u2019appel de Rennes le 21 janvier. La sortie de prison fin d\u00e9cembre de ce multir\u00e9cidiviste inqui\u00e8te la partie civile.<\/p>\n<p class=\"fig-paragraph\">Quand un oubli de la justice&#8230; conduit \u00e0 la remise en libert\u00e9 d\u2019un multir\u00e9cidiviste p\u00e9docriminel. Samedi 27 d\u00e9cembre, un prisonnier incarc\u00e9r\u00e9 \u00e0 la\u00a0<a href=\"http:\/\/www.lefigaro.fr\/nantes\/prison-de-nantes-les-soignants-denoncent-l-accumulation-des-mesures-securitaires-20260112\" target=\"_blank\" data-fig-type=\"NewsFlash\" rel=\"noopener\" data-gtm-custom-categorie=\"navigation\" data-gtm-custom-action=\"crossclick\" data-gtm-custom-label=\"Contextuel\" data-gtm-event=\"customEventSPE\" data-fig-domain=\"LEFIGARO\">maison d\u2019arr\u00eat de Nantes<\/a>\u00a0a \u00e9t\u00e9 lib\u00e9r\u00e9, trois semaines avant son proc\u00e8s en appel. Comme r\u00e9v\u00e9l\u00e9 par\u00a0<a href=\"https:\/\/www.mediapart.fr\/journal\/france\/120126\/un-pedocriminel-remis-en-liberte-par-erreur-trois-semaines-de-son-proces-en-appel\" target=\"_blank\" rel=\"noopener\" data-gtm-custom-categorie=\"navigation\" data-gtm-custom-action=\"crossclick\" data-gtm-custom-label=\"Contextuel\" data-gtm-event=\"customEventSPE\">Mediapart<\/a>, le p\u00e8re de famille a \u00e9t\u00e9 condamn\u00e9 fin 2024 par la\u00a0<a href=\"http:\/\/www.lefigaro.fr\/nantes\/mort-d-aboubacar-fofana-pres-de-8-ans-plus-tard-le-crs-auteur-du-coup-de-feu-mortel-juge-a-nantes-20260112\" target=\"_blank\" data-fig-type=\"NewsFlash\" rel=\"noopener\" data-gtm-custom-categorie=\"navigation\" data-gtm-custom-action=\"crossclick\" data-gtm-custom-label=\"Contextuel\" data-gtm-event=\"customEventSPE\" data-fig-domain=\"LEFIGARO\">cour criminelle de Loire-Atlantique<\/a>\u00a0\u00e0 18 ans de r\u00e9clusion pour des viols et atteintes sexuelles sur son b\u00e9b\u00e9 de neuf mois. Il a fait appel de sa condamnation. Des infractions li\u00e9es \u00e0 la d\u00e9tention, consultation et diffusion d\u2019image p\u00e9dopornographiques lui sont aussi reproch\u00e9es.<\/p>\n<p class=\"fig-paragraph\">En d\u00e9tention provisoire depuis son interpellation en 2022, l\u2019int\u00e9ress\u00e9 aurait logiquement d\u00fb y rester jusqu\u2019\u00e0 son nouveau jugement devant la cour d\u2019assises d\u2019appel de Rennes le 21 janvier prochain. Sauf qu\u2019au vu du d\u00e9lai, une demande aurait d\u00fb \u00eatre formul\u00e9e en ce sens. \u00abLe parquet g\u00e9n\u00e9ral a effectivement omis de saisir la chambre de l\u2019instruction d\u2019une requ\u00eate en prolongation exceptionnelle de d\u00e9tention provisoire de l\u2019int\u00e9ress\u00e9\u00bb, confirme au Figaro Ronan Le Clerc, secr\u00e9taire g\u00e9n\u00e9ral du parquet g\u00e9n\u00e9ral de Rennes. Deux jours apr\u00e8s \u00eatre sorti de prison, le trentenaire a finalement \u00e9t\u00e9 plac\u00e9 sous contr\u00f4le judiciaire, sur d\u00e9cision du juge des libert\u00e9s et de la d\u00e9tention de Nantes alors saisi dans la foul\u00e9e.<\/p>\n<p>                                            <a class=\"fig-a11y-skip\" href=\"#fig-a11y-skip-main-inarticle\" data-module=\"a11y-skip\" data-context=\"was @visible\"><br \/>\n    Passer la publicit\u00e9<br \/>\n<\/a>            <\/p>\n<p>                                            Des pr\u00e9c\u00e9dents<\/p>\n<p class=\"fig-paragraph\">Interdit de quitter le territoire national, de se rendre au domicile des victimes et d\u2019entrer en contact avec eux, l\u2019accus\u00e9 doit se rendre une fois par semaine \u00e0 la gendarmerie. S\u2019il venait \u00e0 enfreindre ces r\u00e8gles, cet habitant de Loire-Atlantique pourrait retourner derri\u00e8re les barreaux. \u00abC\u2019est incompr\u00e9hensible et irresponsable de laisser un p\u00e9docriminel multir\u00e9cidiviste dans la nature trois semaines avant son audience\u00bb, s\u2019indigne Me Mathias Darmon, qui repr\u00e9sente la partie civile \u00e0 travers Enfance en Danger, une association pr\u00eatant assistance aux enfants victimes de violences sexuelles. Lorsqu\u2019il a \u00e9t\u00e9 averti fin d\u00e9cembre de la remise en libert\u00e9 du coupable pr\u00e9sum\u00e9, il a d\u2019abord cru \u00e0 une erreur au vu des \u00abfaits extr\u00eamement graves\u00bb de l\u2019accus\u00e9 et d\u2019un risque de r\u00e9it\u00e9ration.<\/p>\n<p class=\"fig-paragraph\">D\u2019autant que l\u2019accus\u00e9 \u00e2g\u00e9 de 36 ans se trouve en \u00e9tat de r\u00e9cidive, avec trois condamnations pass\u00e9es pour des consultations de sites \u00e0 caract\u00e8re p\u00e9dopornographique. Cet informaticien, rattrap\u00e9 par la police apr\u00e8s avoir \u00e9chang\u00e9 du contenu pornographique sur le darknet et oubli\u00e9 d\u2019effacer des m\u00e9tadonn\u00e9es, compara\u00eetra donc libre. \u00abSe pr\u00e9senter libre n\u2019est pas vu de la m\u00eame mani\u00e8re que dans un box\u00bb, observe Me Darmon, redoutant l\u2019image renvoy\u00e9e aux jur\u00e9s.<\/p>\n<p class=\"fig-paragraph\">Apr\u00e8s cette erreur, le procureur g\u00e9n\u00e9ral pr\u00e8s la cour d\u2019appel de Rennes a \u00abdonn\u00e9 mission \u00e0 un magistrat du parquet g\u00e9n\u00e9ral afin d\u2019analyser les causes de cette omission et de proposer rapidement toute mesure visant \u00e0 en \u00e9viter le renouvellement\u00bb, souligne Ronan Le Clerc. \u00abCe dysfonctionnement, pleinement pris en compte, doit \u00eatre mis en perspective avec l\u2019accroissement tr\u00e8s important de la charge pesant sur les juridictions criminelles et leur minist\u00e8re public, notamment \u00e0 l\u2019\u00e9gard de ces prolongations de d\u00e9tention provisoire \u00e0 titre exceptionnel qui, nagu\u00e8re tr\u00e8s rares, ont augment\u00e9 de mani\u00e8re consid\u00e9rable avec l\u2019allongement des d\u00e9lais d\u2019audiencement\u00bb, termine le substitut g\u00e9n\u00e9ral. Cette situation s\u2019\u00e9tait ainsi d\u00e9j\u00e0 produite\u00a0<a href=\"http:\/\/www.lefigaro.fr\/faits-divers\/condamne-pour-meurtre-un-detenu-remis-en-liberte-a-la-suite-d-une-erreur-de-procedure-20230602\" target=\"_blank\" data-fig-type=\"NewsFlash\" rel=\"noopener\" data-gtm-custom-categorie=\"navigation\" data-gtm-custom-action=\"crossclick\" data-gtm-custom-label=\"Contextuel\" data-gtm-event=\"customEventSPE\" data-fig-domain=\"LEFIGARO\">en 2023<\/a>, o\u00f9 un d\u00e9tenu condamn\u00e9 pour meurtre par la cour d\u2019assises de Loire-Atlantique avait \u00e9t\u00e9 remis en libert\u00e9 pour les m\u00eames raisons. L\u2019appel n\u2019avait pas \u00e9t\u00e9 examin\u00e9 dans le d\u00e9lai imparti d\u2019un an et la prolongation exceptionnelle de d\u00e9tention provisoire avait \u00e9t\u00e9 oubli\u00e9e.<\/p>\n","protected":false},"excerpt":{"rendered":"Condamn\u00e9 pour des viols incestueux sur son nourrisson et la d\u00e9tention d\u2019images p\u00e9dopornographiques, cet homme doit \u00eatre jug\u00e9&hellip;\n","protected":false},"author":2,"featured_media":663358,"comment_status":"","ping_status":"","sticky":false,"template":"","format":"standard","meta":{"footnotes":""},"categories":[2818],"tags":[1111,11,1777,674,1011,27,303,766,12,2636,1974,25],"class_list":{"0":"post-663357","1":"post","2":"type-post","3":"status-publish","4":"format-standard","5":"has-post-thumbnail","7":"category-nantes","8":"tag-actu","9":"tag-actualites","10":"tag-eu","11":"tag-europe","12":"tag-fr","13":"tag-france","14":"tag-justice","15":"tag-nantes","16":"tag-news","17":"tag-pays-de-la-loire","18":"tag-pedocriminalite","19":"tag-republique-francaise"},"share_on_mastodon":{"url":"https:\/\/pubeurope.com\/@fr\/115894486596431406","error":""},"_links":{"self":[{"href":"https:\/\/www.europesays.com\/fr\/wp-json\/wp\/v2\/posts\/663357","targetHints":{"allow":["GET"]}}],"collection":[{"href":"https:\/\/www.europesays.com\/fr\/wp-json\/wp\/v2\/posts"}],"about":[{"href":"https:\/\/www.europesays.com\/fr\/wp-json\/wp\/v2\/types\/post"}],"author":[{"embeddable":true,"href":"https:\/\/www.europesays.com\/fr\/wp-json\/wp\/v2\/users\/2"}],"replies":[{"embeddable":true,"href":"https:\/\/www.europesays.com\/fr\/wp-json\/wp\/v2\/comments?post=663357"}],"version-history":[{"count":0,"href":"https:\/\/www.europesays.com\/fr\/wp-json\/wp\/v2\/posts\/663357\/revisions"}],"wp:featuredmedia":[{"embeddable":true,"href":"https:\/\/www.europesays.com\/fr\/wp-json\/wp\/v2\/media\/663358"}],"wp:attachment":[{"href":"https:\/\/www.europesays.com\/fr\/wp-json\/wp\/v2\/media?parent=663357"}],"wp:term":[{"taxonomy":"category","embeddable":true,"href":"https:\/\/www.europesays.com\/fr\/wp-json\/wp\/v2\/categories?post=663357"},{"taxonomy":"post_tag","embeddable":true,"href":"https:\/\/www.europesays.com\/fr\/wp-json\/wp\/v2\/tags?post=663357"}],"curies":[{"name":"wp","href":"https:\/\/api.w.org\/{rel}","templated":true}]}}