{"id":663359,"date":"2026-01-14T16:51:10","date_gmt":"2026-01-14T16:51:10","guid":{"rendered":"https:\/\/www.europesays.com\/fr\/663359\/"},"modified":"2026-01-14T16:51:10","modified_gmt":"2026-01-14T16:51:10","slug":"seminaire-de-sante-publique-comprendre-detecter-et-prevenir-les-conduites-suicidaires-chez-les-etudiants","status":"publish","type":"post","link":"https:\/\/www.europesays.com\/fr\/663359\/","title":{"rendered":"S\u00e9minaire de Sant\u00e9 publique &#8211; Comprendre, d\u00e9tecter et pr\u00e9venir les conduites suicidaires chez les \u00e9tudiants"},"content":{"rendered":"<ol class=\"list-unstyled\" itemscope=\"\" itemtype=\"https:\/\/schema.org\/BreadcrumbList\">\n<li itemprop=\"itemListElement\" itemscope=\"\" itemtype=\"https:\/\/schema.org\/ListItem\">\n\t\t\t\t\t\t\t\t\t\t<a itemtype=\"https:\/\/schema.org\/Thing\" itemprop=\"item\" href=\"https:\/\/www.u-bordeaux.fr\/\" target=\"_blank\" rel=\"noopener\">Accueil <\/a><\/p>\n<\/li>\n<li itemprop=\"itemListElement\" itemscope=\"\" itemtype=\"https:\/\/schema.org\/ListItem\">\n                                        \u00a0\/<br \/>\n\t\t\t\t\t\t\t\t\t\t<a itemtype=\"https:\/\/schema.org\/Thing\" itemprop=\"item\" href=\"https:\/\/www.u-bordeaux.fr\/evenements\" target=\"_blank\" rel=\"noopener\">Ev\u00e8nements <\/a><\/p>\n<\/li>\n<li itemprop=\"itemListElement\" itemscope=\"\" itemtype=\"https:\/\/schema.org\/ListItem\">\n\t\t\t\t\t\t\t\t\t\t\u00a0\/<br \/>\n\t\t\t\t\t\t\t\t\t\tS\u00e9minaire de Sant\u00e9 publique &#8211; Comprendre, d\u00e9tecter et pr\u00e9venir les conduites suicidaires chez les \u00e9tudiants <\/p>\n<\/li>\n<\/ol>\n<p class=\"content-info-line\">\n<p>                                    Du 16 janvier 2026 \u00e0 12h15 au 16 janvier 2026 \u00e0 13h15<\/p>\n<p class=\"content-info-line locationOsm\" style=\"display:none;\">\n<p>                                Voir le lieu de l&rsquo;\u00e9v\u00e9nement\n                            <\/p>\n<p>                        <img loading=\"lazy\" decoding=\"async\" src=\"https:\/\/www.europesays.com\/fr\/wp-content\/uploads\/2026\/01\/isped-c-lionel-lizet-02c7803fb33746ef57648bd4f532b54a.jpg\"   width=\"600\" height=\"429\" alt=\"Photo : Institut de sant\u00e9 publique, d'\u00e9pid\u00e9miologie et de d\u00e9veloppement de l'universit\u00e9 de Bordeaux, campus Carreire \u00a9 Lionel Lizet\"\/><\/p>\n<p>                                    Institut de sant\u00e9 publique, d&rsquo;\u00e9pid\u00e9miologie et de d\u00e9veloppement de l&rsquo;universit\u00e9 de Bordeaux, campus Carreire \u00a9 Lionel Lizet                    <\/p>\n<p>Les s\u00e9minaires de sant\u00e9 publique, propos\u00e9s par le D\u00e9partement sant\u00e9 publique, le Bordeaux Population Health et l&rsquo;Institut de Sant\u00e9 Publique, d\u2019\u00e9pid\u00e9miologie et de d\u00e9veloppement, sont ouverts \u00e0 tous.<\/p>\n<p>Le suicide est la seconde cause de d\u00e9c\u00e8s chez les 18-25 ans dans le monde et pr\u00e8s d\u2019un tiers des \u00e9tudiants d\u00e9clare un trouble psychiatrique. L\u2019identification des facteurs de risque et de pr\u00e9diction des conduites suicidaires et de leurs interactions constitue un pr\u00e9alable \u00e0 toute intervention de d\u00e9tection et de pr\u00e9vention, mais cet exercice est rendu complexe en raison de leur aspect \u00e9tiologiquement h\u00e9t\u00e9rog\u00e8ne.\u00a0 Les applications possibles de l\u2019approche \u00e9pid\u00e9miologique des conduites suicidaires chez les \u00e9tudiants sont pourtant larges, tant dans la pratique clinique, que dans la d\u00e9finition des strat\u00e9gies de pr\u00e9vention. Cette pr\u00e9sentation propose une synth\u00e8se de mes travaux de recherche sur les conduites suicidaires chez les \u00e9tudiants, men\u00e9s dans plusieurs cohortes d\u00e9velopp\u00e9es dans l&rsquo;\u00e9quipe (i-Share, CONFINS, Prisme), selon trois axes : \u00e9tiologie, pr\u00e9diction, pr\u00e9vention.\u00a0<\/p>\n<p>Intervenante<\/p>\n<p>M\u00e9lissa Macalli est \u00e9pid\u00e9miologiste, chercheuse INSERM au sein de l&rsquo;\u00e9quipe Healthy du Bordeaux Population Health, \u00e0 l\u2019universit\u00e9 de Bordeaux. Ses travaux de recherche portent sur la sant\u00e9 mentale des jeunes adultes. Elle s&rsquo;int\u00e9resse en particulier \u00e0 la compr\u00e9hension, la d\u00e9tection et la pr\u00e9vention des conduites suicidaires chez les \u00e9tudiants.<\/p>\n<p>Localisation associ\u00e9e :<\/p>\n<p>Amphith\u00e9\u00e2tre Pierre-Alexandre Louis &#8211; ISPED &#8211; campus Carreire, 146 rue L\u00e9o Saignat &#8211; 33076 Bordeaux<\/p>\n","protected":false},"excerpt":{"rendered":"Accueil \u00a0\/ Ev\u00e8nements \u00a0\/ S\u00e9minaire de Sant\u00e9 publique &#8211; Comprendre, d\u00e9tecter et pr\u00e9venir les conduites suicidaires chez les&hellip;\n","protected":false},"author":2,"featured_media":663360,"comment_status":"","ping_status":"","sticky":false,"template":"","format":"standard","meta":{"footnotes":""},"categories":[2817],"tags":[1111,11,1997,1777,674,1011,27,12,2219,25],"class_list":{"0":"post-663359","1":"post","2":"type-post","3":"status-publish","4":"format-standard","5":"has-post-thumbnail","7":"category-bordeaux","8":"tag-actu","9":"tag-actualites","10":"tag-bordeaux","11":"tag-eu","12":"tag-europe","13":"tag-fr","14":"tag-france","15":"tag-news","16":"tag-nouvelle-aquitaine","17":"tag-republique-francaise"},"share_on_mastodon":{"url":"https:\/\/pubeurope.com\/@fr\/115894490567626192","error":""},"_links":{"self":[{"href":"https:\/\/www.europesays.com\/fr\/wp-json\/wp\/v2\/posts\/663359","targetHints":{"allow":["GET"]}}],"collection":[{"href":"https:\/\/www.europesays.com\/fr\/wp-json\/wp\/v2\/posts"}],"about":[{"href":"https:\/\/www.europesays.com\/fr\/wp-json\/wp\/v2\/types\/post"}],"author":[{"embeddable":true,"href":"https:\/\/www.europesays.com\/fr\/wp-json\/wp\/v2\/users\/2"}],"replies":[{"embeddable":true,"href":"https:\/\/www.europesays.com\/fr\/wp-json\/wp\/v2\/comments?post=663359"}],"version-history":[{"count":0,"href":"https:\/\/www.europesays.com\/fr\/wp-json\/wp\/v2\/posts\/663359\/revisions"}],"wp:featuredmedia":[{"embeddable":true,"href":"https:\/\/www.europesays.com\/fr\/wp-json\/wp\/v2\/media\/663360"}],"wp:attachment":[{"href":"https:\/\/www.europesays.com\/fr\/wp-json\/wp\/v2\/media?parent=663359"}],"wp:term":[{"taxonomy":"category","embeddable":true,"href":"https:\/\/www.europesays.com\/fr\/wp-json\/wp\/v2\/categories?post=663359"},{"taxonomy":"post_tag","embeddable":true,"href":"https:\/\/www.europesays.com\/fr\/wp-json\/wp\/v2\/tags?post=663359"}],"curies":[{"name":"wp","href":"https:\/\/api.w.org\/{rel}","templated":true}]}}