{"id":663365,"date":"2026-01-14T16:54:10","date_gmt":"2026-01-14T16:54:10","guid":{"rendered":"https:\/\/www.europesays.com\/fr\/663365\/"},"modified":"2026-01-14T16:54:10","modified_gmt":"2026-01-14T16:54:10","slug":"municipales-2026-a-toulouse-la-mairie-cherche-des-benevoles-pour-tenir-les-bureaux-de-vote","status":"publish","type":"post","link":"https:\/\/www.europesays.com\/fr\/663365\/","title":{"rendered":"Municipales 2026 \u00e0 Toulouse\u00a0: la mairie cherche des b\u00e9n\u00e9voles pour tenir les bureaux de vote"},"content":{"rendered":"<p>\n                                                                    l&rsquo;essentiel<br \/>\n                                                                En vue des \u00e9lections municipales qui se d\u00e9rouleront les 15 et 22\u00a0mars, la mairie de Toulouse cherche des assesseurs pour la tenue des 285 bureaux de vote de la ville.\n                            <\/p>\n<p>Comme avant chaque \u00e9lection, la mairie de Toulouse lance un appel \u00e0 b\u00e9n\u00e9voles pour tenir les bureaux de vote de la ville en vue des municipales des 15 et 22\u00a0mars prochains. Il y a 283 bureaux de vote exactement, soit huit de plus que lors du dernier scrutin, les l\u00e9gislatives de juin\u00a02024, mais toujours dans le m\u00eame nombre de sites, soit 54.<\/p>\n<p>La mairie poss\u00e8de d\u00e9j\u00e0 un fichier de volontaires mais celui-ci doit sans cesse \u00eatre r\u00e9actualis\u00e9. Les partis politiques, qui \u00e9taient jusqu\u2019\u00e0 peu les gros pourvoyeurs de b\u00e9n\u00e9voles, ne sont plus en mesure de fournir autant de bras que par le pass\u00e9.<\/p>\n<p>Jusqu\u2019au d\u00e9pouillement<\/p>\n<p>Les assesseurs recherch\u00e9s aident le pr\u00e9sident \u00e0 la tenue des op\u00e9rations \u00e9lectorales tout au long de la journ\u00e9e\u00a0: contr\u00f4ler, faire signer la liste d\u2019\u00e9margement, apposer sur la carte \u00e9lectorale le timbre portant la date du scrutin\u2026 Ils peuvent \u00e9galement \u00eatre amen\u00e9s \u00e0 suppl\u00e9er ou assister le pr\u00e9sident et ainsi proc\u00e9der au contr\u00f4le d\u2019identit\u00e9 des \u00e9lecteurs et tenir l\u2019urne. Enfin, les assesseurs titulaires doivent participer \u00e0 la cl\u00f4ture du scrutin et au d\u00e9pouillement des votes.<\/p>\n<p>Les assesseurs ne sont pas r\u00e9mun\u00e9r\u00e9s. Il faut \u00eatre inscrit sur la liste \u00e9lectorale de Toulouse. La d\u00e9marche se fait en ligne sur le site <a href=\"https:\/\/demarches-montoulouse.eservices.toulouse-metropole.fr\/elections\/devenez-assesseur-d-un-bureau-de-vote\/\" target=\"_self\" rel=\"noopener\">metropole.toulouse.fr<\/a><\/p>\n","protected":false},"excerpt":{"rendered":"l&rsquo;essentiel En vue des \u00e9lections municipales qui se d\u00e9rouleront les 15 et 22\u00a0mars, la mairie de Toulouse cherche&hellip;\n","protected":false},"author":2,"featured_media":663366,"comment_status":"","ping_status":"","sticky":false,"template":"","format":"standard","meta":{"footnotes":""},"categories":[2816],"tags":[1111,11,1777,674,1011,27,329,2722,3434,12,2680,316,25,2312,37919],"class_list":{"0":"post-663365","1":"post","2":"type-post","3":"status-publish","4":"format-standard","5":"has-post-thumbnail","7":"category-toulouse","8":"tag-actu","9":"tag-actualites","10":"tag-eu","11":"tag-europe","12":"tag-fr","13":"tag-france","14":"tag-france-monde","15":"tag-haute-garonne","16":"tag-municipales-2026","17":"tag-news","18":"tag-occitanie","19":"tag-politique","20":"tag-republique-francaise","21":"tag-toulouse","22":"tag-u00c9lections"},"share_on_mastodon":{"url":"https:\/\/pubeurope.com\/@fr\/115894502378527744","error":""},"_links":{"self":[{"href":"https:\/\/www.europesays.com\/fr\/wp-json\/wp\/v2\/posts\/663365","targetHints":{"allow":["GET"]}}],"collection":[{"href":"https:\/\/www.europesays.com\/fr\/wp-json\/wp\/v2\/posts"}],"about":[{"href":"https:\/\/www.europesays.com\/fr\/wp-json\/wp\/v2\/types\/post"}],"author":[{"embeddable":true,"href":"https:\/\/www.europesays.com\/fr\/wp-json\/wp\/v2\/users\/2"}],"replies":[{"embeddable":true,"href":"https:\/\/www.europesays.com\/fr\/wp-json\/wp\/v2\/comments?post=663365"}],"version-history":[{"count":0,"href":"https:\/\/www.europesays.com\/fr\/wp-json\/wp\/v2\/posts\/663365\/revisions"}],"wp:featuredmedia":[{"embeddable":true,"href":"https:\/\/www.europesays.com\/fr\/wp-json\/wp\/v2\/media\/663366"}],"wp:attachment":[{"href":"https:\/\/www.europesays.com\/fr\/wp-json\/wp\/v2\/media?parent=663365"}],"wp:term":[{"taxonomy":"category","embeddable":true,"href":"https:\/\/www.europesays.com\/fr\/wp-json\/wp\/v2\/categories?post=663365"},{"taxonomy":"post_tag","embeddable":true,"href":"https:\/\/www.europesays.com\/fr\/wp-json\/wp\/v2\/tags?post=663365"}],"curies":[{"name":"wp","href":"https:\/\/api.w.org\/{rel}","templated":true}]}}