{"id":663367,"date":"2026-01-14T16:55:18","date_gmt":"2026-01-14T16:55:18","guid":{"rendered":"https:\/\/www.europesays.com\/fr\/663367\/"},"modified":"2026-01-14T16:55:18","modified_gmt":"2026-01-14T16:55:18","slug":"stationnement-wambrechies-etend-la-zone-bleue-a-ce-grand-parking-du-centre-ville","status":"publish","type":"post","link":"https:\/\/www.europesays.com\/fr\/663367\/","title":{"rendered":"Stationnement. Wambrechies \u00e9tend la zone bleue \u00e0 ce grand parking du centre-ville"},"content":{"rendered":"<p>                    Par<br \/>\n        <strong><br \/>\n            <a href=\"https:\/\/actu.fr\/auteur\/nicolas-demollien\" title=\"Consulter tous les articles de Nicolas Demollien\" target=\"_blank\" rel=\"noopener\">Nicolas Demollien<\/a><br \/>\n                    <\/strong><\/p>\n<p>        Publi\u00e9 le<\/p>\n<p>            14 janv. 2026 \u00e0 16h36        <\/p>\n<p>Attention, la <b>zone bleue<\/b> a \u00e9t\u00e9 <b>\u00e9tendue<\/b> dans le <b>centre-ville<\/b> de <a href=\"https:\/\/actu.fr\/hauts-de-france\/wambrechies_59636\" target=\"_blank\" rel=\"noopener\">Wambrechies<\/a>, pr\u00e8s de <a href=\"https:\/\/actu.fr\/hauts-de-france\/lille_59350\" target=\"_blank\" rel=\"noopener\">Lille<\/a> (Nord), depuis d\u00e9but 2026. D\u00e9sormais, en effet, vous ne pouvez plus <a href=\"https:\/\/actu.fr\/tag\/stationnement\" target=\"_blank\" rel=\"noopener\">stationner<\/a> que durant <b>trois heures maximum<\/b> dans <b>un des grands parkings de la commune<\/b> avec votre <b>disque<\/b>.<\/p>\n<p>Wambrechies \u00e9tend sa zone bleue dans le centre-ville<\/p>\n<p class=\" wall-content\">Ce parking est bien connu puisqu\u2019il s\u2019agit d\u2019un des plus pratiques\u2009: <b>celui du ch\u00e2teau de Robersart<\/b>. Notons toutefois que vous pourrez y stationner plus longtemps que dans les autres zones bleues de la ville qui sont, elles, limit\u00e9es \u00e0 1h30 maximum. Cette d\u00e9cision a \u00e9t\u00e9 prise par la municipalit\u00e9 \u00ab\u2009afin de r\u00e9pondre aux enjeux de stationnement et <b>permettre une plus grande rotation des v\u00e9hicules<\/b>\u2009\u00bb, souffle-t-on du c\u00f4t\u00e9 de la Ville.<\/p>\n<p class=\" wall-content\">Jusqu\u2019ici, la zone bleue du centre-ville s\u2019\u00e9tendait aux <b>rue du 11\u00a0Novembre, place du G\u00e9n\u00e9ral de Gaulle et avenue de Robersart<\/b>. Toujours avec pour objectif d\u2019\u00e9viter le syndrome des voitures tampons stationn\u00e9es toute la journ\u00e9e, la Ville a \u00e9galement <b>cr\u00e9\u00e9 des places \u00ab\u200910\u00a0minutes\u2009\u00bb<\/b> rue du Pont-Levis et place du G\u00e9n\u00e9ral de Gaulle afin de permettre un acc\u00e8s rapide aux commerces. Vous l\u2019aurez compris, mieux vaut ne pas oublier votre disque \u00e0 Wambrechies\u2009!<\/p>\n<p>    <a href=\"https:\/\/www.facebook.com\/plugins\/post.php?href=https%3A%2F%2Fwww.facebook.com%2Fvilledewambrechies%2Fposts%2Fpfbid0n3gGoYvzFFvzD9dhQaDJAWCCkvE71dV9W36nm14xrcctfvLfGpbspBphoEBrgdNql&amp;show_text=true&amp;width=350\" title=\"Ouvrie le lien\" target=\"_blank\" rel=\"noopener\">Cliquez ici pour visualiser le contenu<\/a><\/p>\n<p class=\" wall-content\">Plus d\u2019infos sur le site <a href=\"https:\/\/www.wambrechies.fr\/extension-de-la-zone-bleue-en-centre-ville\" target=\"_blank\" rel=\"noopener\">wambrechies.fr<\/a><\/p>\n<p class=\" wall-content\">Personnalisez votre actualit\u00e9 en ajoutant vos villes et m\u00e9dias en favori avec <a href=\"https:\/\/moncompte.actu.fr\" title=\"D\u00e9couvez Mon Actu\" rel=\"nofollow noopener\" data-trk=\"{&quot;cta&quot;:{&quot;action&quot;:&quot;https:\\\/\\\/moncompte.actu.fr&quot;,&quot;category&quot;:&quot;mon compte&quot;,&quot;from&quot;:&quot;article footer&quot;,&quot;name&quot;:&quot;Mon actu&quot;,&quot;type&quot;:&quot;cta&quot;}}\" target=\"_blank\">Mon Actu<\/a>.<\/p>\n","protected":false},"excerpt":{"rendered":"Par Nicolas Demollien Publi\u00e9 le 14 janv. 2026 \u00e0 16h36 Attention, la zone bleue a \u00e9t\u00e9 \u00e9tendue dans&hellip;\n","protected":false},"author":2,"featured_media":663368,"comment_status":"","ping_status":"","sticky":false,"template":"","format":"standard","meta":{"footnotes":""},"categories":[2815],"tags":[1111,11,1777,674,1011,27,811,1307,12,25,104,6173],"class_list":{"0":"post-663367","1":"post","2":"type-post","3":"status-publish","4":"format-standard","5":"has-post-thumbnail","7":"category-lille","8":"tag-actu","9":"tag-actualites","10":"tag-eu","11":"tag-europe","12":"tag-fr","13":"tag-france","14":"tag-hauts-de-france","15":"tag-lille","16":"tag-news","17":"tag-republique-francaise","18":"tag-societe","19":"tag-stationnement"},"share_on_mastodon":{"url":"https:\/\/pubeurope.com\/@fr\/115894506266034788","error":""},"_links":{"self":[{"href":"https:\/\/www.europesays.com\/fr\/wp-json\/wp\/v2\/posts\/663367","targetHints":{"allow":["GET"]}}],"collection":[{"href":"https:\/\/www.europesays.com\/fr\/wp-json\/wp\/v2\/posts"}],"about":[{"href":"https:\/\/www.europesays.com\/fr\/wp-json\/wp\/v2\/types\/post"}],"author":[{"embeddable":true,"href":"https:\/\/www.europesays.com\/fr\/wp-json\/wp\/v2\/users\/2"}],"replies":[{"embeddable":true,"href":"https:\/\/www.europesays.com\/fr\/wp-json\/wp\/v2\/comments?post=663367"}],"version-history":[{"count":0,"href":"https:\/\/www.europesays.com\/fr\/wp-json\/wp\/v2\/posts\/663367\/revisions"}],"wp:featuredmedia":[{"embeddable":true,"href":"https:\/\/www.europesays.com\/fr\/wp-json\/wp\/v2\/media\/663368"}],"wp:attachment":[{"href":"https:\/\/www.europesays.com\/fr\/wp-json\/wp\/v2\/media?parent=663367"}],"wp:term":[{"taxonomy":"category","embeddable":true,"href":"https:\/\/www.europesays.com\/fr\/wp-json\/wp\/v2\/categories?post=663367"},{"taxonomy":"post_tag","embeddable":true,"href":"https:\/\/www.europesays.com\/fr\/wp-json\/wp\/v2\/tags?post=663367"}],"curies":[{"name":"wp","href":"https:\/\/api.w.org\/{rel}","templated":true}]}}