{"id":663369,"date":"2026-01-14T16:56:17","date_gmt":"2026-01-14T16:56:17","guid":{"rendered":"https:\/\/www.europesays.com\/fr\/663369\/"},"modified":"2026-01-14T16:56:17","modified_gmt":"2026-01-14T16:56:17","slug":"un-homme-condamne-a-six-mois-de-prison-avec-sursis","status":"publish","type":"post","link":"https:\/\/www.europesays.com\/fr\/663369\/","title":{"rendered":"un homme condamn\u00e9 \u00e0 six mois de prison avec sursis"},"content":{"rendered":"<p class=\"article__intro\">Le mercredi 7 janvier dernier, un passager a agress\u00e9 sexuellement sa voisine de si\u00e8ge lors d&rsquo;un vol Nice-Lille. Il a \u00e9t\u00e9 condamn\u00e9 \u00e0 six mois de prison avec sursis par le parquet de Lille, informe la gendarmerie des transports a\u00e9riens.<\/p>\n<p>\n      La Quotidienne Soci\u00e9t\u00e9\n    <\/p>\n<p>\n      De la vie quotidienne aux grands enjeux, recevez tous les jours les sujets qui font la soci\u00e9t\u00e9 locale, comme la justice, l\u2019\u00e9ducation, la sant\u00e9 et la famille.\n    <\/p>\n<p>    France T\u00e9l\u00e9visions utilise votre adresse e-mail afin de vous envoyer la newsletter \u00ab\u00a0La Quotidienne Soci\u00e9t\u00e9\u00a0\u00bb. Vous pouvez vous d\u00e9sinscrire \u00e0 tout moment via le lien en bas de cette newsletter. <a target=\"_blank\" href=\"https:\/\/www.francetelevisions.fr\/groupe\/confidentialite\/politique-de-confidentialite\/politique-de-confidentialite-de-france-televisions-6503\" rel=\"noopener\">Notre politique de confidentialit\u00e9<\/a><\/p>\n<p>Il a agress\u00e9 sexuellement sa voisine de si\u00e8ge lors d&rsquo;un voyage en avion. Les faits se sont d\u00e9roul\u00e9s le mercredi 7 janvier 2026, dans un vol au d\u00e9part de Nice et en direction de Lille.<\/p>\n<p>Dans un post publi\u00e9 sur X (anciennement Twitter), la gendarmerie des transports a\u00e9riens pr\u00e9cise que l&rsquo;homme \u00e9tait alors alcoolis\u00e9. Il avait \u00e9t\u00e9 plac\u00e9 en garde \u00e0 vue par les militaires d\u00e8s son arriv\u00e9e \u00e0 l&rsquo;a\u00e9roport de Lille-Lesquin.<\/p>\n<p>Les gendarmes indiquent \u00e9galement que l&rsquo;homme a \u00e9t\u00e9 jug\u00e9 par le tribunal judiciaire de Lille et que le verdict a \u00e9t\u00e9 rendu.<\/p>\n<p>L&rsquo;homme a ainsi \u00e9t\u00e9 condamn\u00e9 \u00e0 six mois de prison avec sursis, interdiction d\u2019approcher la victime durant cinq ans, inscription au fichier judiciaire automatis\u00e9 des auteurs d&rsquo;infractions sexuelles ou violentes, une amende de 2 000 euros et une prise en charge des frais de suivis psychologiques de la victime.<\/p>\n<p>Ce type d&rsquo;histoire n&rsquo;est malheureusement pas si in\u00e9dite que \u00e7a. En <a href=\"https:\/\/www.midilibre.fr\/2025\/08\/21\/viol-dans-un-avion-en-plein-vol-il-attend-que-ladolescente-de-15-ans-assise-a-cote-de-lui-sendorme-pour-abuser-delle-12886254.php\" target=\"_blank\" rel=\"noopener noreferrer nofollow\" data-tooltip-url=\"https:\/\/www.midilibre.fr\/2025\/08\/21\/viol-dans-un-avion-en-plein-vol-il-attend-que-ladolescente-de-15-ans-assise-a-cote-de-lui-sendorme-pour-abuser-delle-12886254.php\">mars dernier<\/a>, un homme d\u2019affaire de 44 ans a \u00e9t\u00e9 arr\u00eat\u00e9 en Suisse pour viol sur une jeune fille de 15 ans en plein vol. Il a \u00e9t\u00e9 condamn\u00e9 \u00e0 18 mois de prison avec sursis.<\/p>\n","protected":false},"excerpt":{"rendered":"Le mercredi 7 janvier dernier, un passager a agress\u00e9 sexuellement sa voisine de si\u00e8ge lors d&rsquo;un vol Nice-Lille.&hellip;\n","protected":false},"author":2,"featured_media":663370,"comment_status":"","ping_status":"","sticky":false,"template":"","format":"standard","meta":{"footnotes":""},"categories":[2815],"tags":[1111,11,1777,674,1011,27,811,1307,12,25],"class_list":{"0":"post-663369","1":"post","2":"type-post","3":"status-publish","4":"format-standard","5":"has-post-thumbnail","7":"category-lille","8":"tag-actu","9":"tag-actualites","10":"tag-eu","11":"tag-europe","12":"tag-fr","13":"tag-france","14":"tag-hauts-de-france","15":"tag-lille","16":"tag-news","17":"tag-republique-francaise"},"share_on_mastodon":{"url":"https:\/\/pubeurope.com\/@fr\/115894510293671234","error":""},"_links":{"self":[{"href":"https:\/\/www.europesays.com\/fr\/wp-json\/wp\/v2\/posts\/663369","targetHints":{"allow":["GET"]}}],"collection":[{"href":"https:\/\/www.europesays.com\/fr\/wp-json\/wp\/v2\/posts"}],"about":[{"href":"https:\/\/www.europesays.com\/fr\/wp-json\/wp\/v2\/types\/post"}],"author":[{"embeddable":true,"href":"https:\/\/www.europesays.com\/fr\/wp-json\/wp\/v2\/users\/2"}],"replies":[{"embeddable":true,"href":"https:\/\/www.europesays.com\/fr\/wp-json\/wp\/v2\/comments?post=663369"}],"version-history":[{"count":0,"href":"https:\/\/www.europesays.com\/fr\/wp-json\/wp\/v2\/posts\/663369\/revisions"}],"wp:featuredmedia":[{"embeddable":true,"href":"https:\/\/www.europesays.com\/fr\/wp-json\/wp\/v2\/media\/663370"}],"wp:attachment":[{"href":"https:\/\/www.europesays.com\/fr\/wp-json\/wp\/v2\/media?parent=663369"}],"wp:term":[{"taxonomy":"category","embeddable":true,"href":"https:\/\/www.europesays.com\/fr\/wp-json\/wp\/v2\/categories?post=663369"},{"taxonomy":"post_tag","embeddable":true,"href":"https:\/\/www.europesays.com\/fr\/wp-json\/wp\/v2\/tags?post=663369"}],"curies":[{"name":"wp","href":"https:\/\/api.w.org\/{rel}","templated":true}]}}