{"id":663371,"date":"2026-01-14T16:57:10","date_gmt":"2026-01-14T16:57:10","guid":{"rendered":"https:\/\/www.europesays.com\/fr\/663371\/"},"modified":"2026-01-14T16:57:10","modified_gmt":"2026-01-14T16:57:10","slug":"son-chien-acho-est-interdit-sur-le-reseau-rtm-sa-maitresse-veut-que-ca-change","status":"publish","type":"post","link":"https:\/\/www.europesays.com\/fr\/663371\/","title":{"rendered":"Son chien Acho est interdit sur le r\u00e9seau RTM, sa ma\u00eetresse veut que \u00e7a change"},"content":{"rendered":"<p>                    Par<br \/>\n        <strong><br \/>\n            <a href=\"https:\/\/actu.fr\/auteur\/fabien-binacchi\" title=\"Consulter tous les articles de Fabien Binacchi\" target=\"_blank\" rel=\"noopener\">Fabien Binacchi<\/a><br \/>\n                    <\/strong><\/p>\n<p>        Publi\u00e9 le<\/p>\n<p>            14 janv. 2026 \u00e0 17h22        <\/p>\n<p>Lucille Fabrigoule et Acho sont venus \u00e0 la rencontre d\u2019<a href=\"https:\/\/actu.fr\/marseille\/\" target=\"_blank\" rel=\"noopener\">actu Marseille<\/a> apr\u00e8s \u00ab\u200940\u00a0minutes de marche\u2009\u00bb. Oblig\u00e9, le chien de 9\u00a0ans et demi, comme tous <a href=\"https:\/\/actu.fr\/provence-alpes-cote-d-azur\/marseille_13055\/marseille-son-chien-vole-sa-cagnotte-videe-la-terrible-histoire-de-remi-mobilise_62366674.html\" target=\"_blank\" rel=\"noopener\">ses cong\u00e9n\u00e8res \u00e0 quatre pattes,<\/a> n\u2019est <strong>pas autoris\u00e9 \u00e0 bord des transports en commun<\/strong> de la <a href=\"https:\/\/actu.fr\/tag\/rtm\" target=\"_blank\" rel=\"noopener\">RTM.<\/a> Une r\u00e8gle qui \u00ab\u2009p\u00e9nalise de nombreuses personnes, notamment \u00e2g\u00e9es\u2009\u00bb et que cette jeune femme de 32\u00a0ans voudrait voir changer. \u00ab\u2009C\u2019est possible dans d\u2019autres grandes villes\u2009\u00bb, souffle-t-elle.<\/p>\n<p>Les animaux \u00ab\u2009interdits\u2009\u00bb sauf \u00ab\u2009exceptions\u2009\u00bb<\/p>\n<p class=\" wall-content\">Il y a un mois, en quittant la campagne <a href=\"https:\/\/actu.fr\/provence-alpes-cote-d-azur\/aubagne_13005\" target=\"_blank\" rel=\"noopener\">d\u2019Aubagne<\/a> pour s\u2019installer dans le 4e arrondissement de Marseille, Lucille Fabrigoule esp\u00e9rait enfin pouvoir laisser sa voiture au garage. <strong>Elle a vite d\u00e9chant\u00e9.<\/strong> Acho, \u00ab\u2009un crois\u00e9 chien de chasse et Border collie\u2009\u00bb, ne peut pas la suivre dans les bus, les trams et les m\u00e9tros de la deuxi\u00e8me ville de France. \u00ab\u2009L\u2019info n\u2019a pas \u00e9t\u00e9 simple \u00e0 trouver, mais c\u2019est bien le cas\u2009\u00bb, dit-elle.<\/p>\n<p>    <img   decoding=\"async\" loading=\"lazy\" src=\"https:\/\/www.europesays.com\/fr\/wp-content\/uploads\/2026\/01\/chiens-transports-marseille-2-960x640.jpg\" alt=\"chiens transports marseille 2\" width=\"960\" height=\"640\"\/><br \/>\n    Un logo discret rappelle l\u2019interdiction en vigueur aux arr\u00eats de bus. (\u00a9Fabien Binacchi \/ actu Marseille)<\/p>\n<p class=\" wall-content\">Il faut avoir l\u2019\u0153il pour le savoir\u2009: aux arr\u00eats, un \u00ab\u2009tout petit\u2009\u00bb logo montre un chien barr\u00e9 de jaune dans un cercle rouge. Et c\u2019est finalement en consultant le tr\u00e8s dense \u00ab\u2009R\u00e8glement public d\u2019exploitation de la RTM\u2009\u00bb, disponible<a href=\"https:\/\/www.rtm.fr\/reglement-public-exploitation\" target=\"_blank\" rel=\"noopener\"> en ligne,<\/a> que les choses se formalisent\u2009: \u00ab\u2009les animaux sont interdits <strong>sur l\u2019ensemble des r\u00e9seaux<\/strong>\u2009\u00bb, sauf \u00ab\u2009exceptions\u2009\u00bb.<\/p>\n<p class=\" wall-content\">\u00c0 part <strong>les chiens guides d\u2019aveugle, d\u2019assistance<\/strong> ou \u00ab\u2009concourant aux actions de secours et s\u00e9curit\u00e9 publique\u2009\u00bb (avec une museli\u00e8re) et <strong>ceux \u00ab\u2009de petite taille<\/strong> ne figurant pas au classement officiel des animaux dangereux\u2009\u00bb si et seulement \u00ab\u2009s\u2019ils sont transport\u00e9s dans des paniers, sacs ou cages convenablement ferm\u00e9s\u2009\u00bb, c\u2019est niet.<\/p>\n<p>D\u00e9j\u00e0 possible \u00e0 Paris, Lyon ou Strasbourg<\/p>\n<p class=\" wall-content\">\u00ab\u2009Sauf que c\u2019est bien possible ailleurs, plaide Lucille, qui a fait ses recherches. Paris <strong>d\u00e8s 2016,<\/strong> Lyon <strong>en 2021<\/strong> et <a href=\"https:\/\/actu.fr\/grand-est\/strasbourg_67482\/depuis-deux-ans-les-chiens-voyagent-dans-le-tram-a-strasbourg-c-est-comme-se-deplacer-avec-sa-poussette_62938210.html\" target=\"_blank\" rel=\"noopener\">Strasbourg<\/a> <strong>depuis 2023<\/strong> l\u2019ont autoris\u00e9 [avec ou sans surco\u00fbt] apr\u00e8s six mois de test. \u00c7a montre qu\u2019on pourrait tout \u00e0 fait le mettre en place ici aussi.\u2009\u00bb<\/p>\n<p class=\" wall-content\">Bien s\u00fbr \u00ab\u2009avec des r\u00e8gles\u2009\u00bb, compl\u00e8te la trentenaire. \u00ab\u2009Ils monteraient \u00e0 bord <strong>tenus en laisse et avec une museli\u00e8re<\/strong> et on pourrait aussi imaginer l\u2019autoriser uniquement en dehors des heures de pointe. L\u2019id\u00e9e, ce n\u2019est pas de g\u00eaner les autres usagers.\u2009\u00bb<\/p>\n<p>Votre r\u00e9gion, votre actu !<\/p>\n<p>Recevez chaque jour les infos qui comptent pour vous.<\/p>\n<p>\t<a href=\"https:\/\/actu.fr\/newsletter\" class=\"ac-btn ac-btn--corner ac-btn--medium ac-btn--blue800\" target=\"_blank\" rel=\"noopener\">S&rsquo;incrire<\/a><\/p>\n<p class=\" wall-content\">En tout cas, ceux qui ont des chiens, eux, sont p\u00e9nalis\u00e9s. Et ils sont potentiellement nombreux. Selon des \u00e9tudes, <strong>19000 toutous vivent \u00e0 Marseille<\/strong> avec leurs ma\u00eetres.<\/p>\n<blockquote class=\"ac-article-quote wall-content\">\n<p>Il y a toujours la possibilit\u00e9 d&rsquo;utiliser la voiture pour ceux qui ont les moyens mais vivre en ville, normalement, \u00e7a doit permettre de se lib\u00e9rer de \u00e7a. Moi, j&rsquo;essaie de faire le maximum de choses \u00e0 pied. J&rsquo;ai la chance d&rsquo;habiter pas trop loin du centre-ville, d&rsquo;\u00eatre jeune et en bonne sant\u00e9. Mais pour les personnes \u00e2g\u00e9es et m\u00eame pour celles qui ont des chiens \u00e2g\u00e9s, c&rsquo;est un vrai probl\u00e8me.<\/p>\n<p>    <strong>Lucille Fabrigoule<\/strong>\n            <\/p><\/blockquote>\n<p>\u00ab\u2009Pas d\u2019exp\u00e9rimentation pr\u00e9vue\u2009\u00bb<\/p>\n<p class=\" wall-content\">Elle \u00e9voque les probl\u00e8mes que pose, selon, elle, cette interdiction\u2009: \u00ab\u2009Cela peut notamment accentuer l\u2019isolement de certaines personnes ou encore poser de r\u00e9elles difficult\u00e9s en cas d\u2019urgence <strong>s\u2019il y a besoin de se rendre chez un v\u00e9t\u00e9rinaire<\/strong>\u2009\u00bb.<\/p>\n<p class=\" wall-content\">La jeune femme, qui a lanc\u00e9 <a href=\"https:\/\/www.change.org\/p\/autorisation-pour-les-chiens-de-toutes-tailles-dans-les-transports-publics-de-marseille?source_location=search\" target=\"_blank\" rel=\"noopener\">une p\u00e9tition<\/a> pour essayer de faire bouger les lignes, r\u00e9clame \u00ab\u2009l\u2019ouverture d\u2019un dialogue avec les usagers concern\u00e9s et, a minima, <strong>la mise en place d\u2019une phase de test encadr\u00e9e<\/strong>\u2009\u00bb. Elle fait pour le moment face \u00e0 un mur.<\/p>\n<p class=\" wall-content\">Sollicit\u00e9e par actu Marseille, la RTM explique sans d\u00e9tour que Lucille, Acho, les autres propri\u00e9taires de chiens et leurs compagnons \u00e0 quatre pattes devront continuer \u00e0 faire sans. \u00c0 date, il n\u2019y a \u00ab\u2009pas d\u2019exp\u00e9rimentation pr\u00e9vue sur le sujet\u2009\u00bb, r\u00e9sume la r\u00e9gie.<\/p>\n<p class=\" wall-content\">Personnalisez votre actualit\u00e9 en ajoutant vos villes et m\u00e9dias en favori avec <a href=\"https:\/\/moncompte.actu.fr\" title=\"D\u00e9couvez Mon Actu\" rel=\"nofollow noopener\" data-trk=\"{&quot;cta&quot;:{&quot;action&quot;:&quot;https:\\\/\\\/moncompte.actu.fr&quot;,&quot;category&quot;:&quot;mon compte&quot;,&quot;from&quot;:&quot;article footer&quot;,&quot;name&quot;:&quot;Mon actu&quot;,&quot;type&quot;:&quot;cta&quot;}}\" target=\"_blank\">Mon Actu<\/a>.<\/p>\n","protected":false},"excerpt":{"rendered":"Par Fabien Binacchi Publi\u00e9 le 14 janv. 2026 \u00e0 17h22 Lucille Fabrigoule et Acho sont venus \u00e0 la&hellip;\n","protected":false},"author":2,"featured_media":663372,"comment_status":"","ping_status":"","sticky":false,"template":"","format":"standard","meta":{"footnotes":""},"categories":[2814],"tags":[1111,11,4850,1777,674,1011,27,884,12,882,25,10783,104,2803],"class_list":{"0":"post-663371","1":"post","2":"type-post","3":"status-publish","4":"format-standard","5":"has-post-thumbnail","7":"category-marseille","8":"tag-actu","9":"tag-actualites","10":"tag-chien","11":"tag-eu","12":"tag-europe","13":"tag-fr","14":"tag-france","15":"tag-marseille","16":"tag-news","17":"tag-provence-alpes-cote-dazur","18":"tag-republique-francaise","19":"tag-rtm","20":"tag-societe","21":"tag-transport"},"share_on_mastodon":{"url":"https:\/\/pubeurope.com\/@fr\/115894514242835993","error":""},"_links":{"self":[{"href":"https:\/\/www.europesays.com\/fr\/wp-json\/wp\/v2\/posts\/663371","targetHints":{"allow":["GET"]}}],"collection":[{"href":"https:\/\/www.europesays.com\/fr\/wp-json\/wp\/v2\/posts"}],"about":[{"href":"https:\/\/www.europesays.com\/fr\/wp-json\/wp\/v2\/types\/post"}],"author":[{"embeddable":true,"href":"https:\/\/www.europesays.com\/fr\/wp-json\/wp\/v2\/users\/2"}],"replies":[{"embeddable":true,"href":"https:\/\/www.europesays.com\/fr\/wp-json\/wp\/v2\/comments?post=663371"}],"version-history":[{"count":0,"href":"https:\/\/www.europesays.com\/fr\/wp-json\/wp\/v2\/posts\/663371\/revisions"}],"wp:featuredmedia":[{"embeddable":true,"href":"https:\/\/www.europesays.com\/fr\/wp-json\/wp\/v2\/media\/663372"}],"wp:attachment":[{"href":"https:\/\/www.europesays.com\/fr\/wp-json\/wp\/v2\/media?parent=663371"}],"wp:term":[{"taxonomy":"category","embeddable":true,"href":"https:\/\/www.europesays.com\/fr\/wp-json\/wp\/v2\/categories?post=663371"},{"taxonomy":"post_tag","embeddable":true,"href":"https:\/\/www.europesays.com\/fr\/wp-json\/wp\/v2\/tags?post=663371"}],"curies":[{"name":"wp","href":"https:\/\/api.w.org\/{rel}","templated":true}]}}