{"id":663373,"date":"2026-01-14T16:58:10","date_gmt":"2026-01-14T16:58:10","guid":{"rendered":"https:\/\/www.europesays.com\/fr\/663373\/"},"modified":"2026-01-14T16:58:10","modified_gmt":"2026-01-14T16:58:10","slug":"ces-lignes-sncf-totalement-a-larret-pendant-24h-voici-comment-se-deplacer","status":"publish","type":"post","link":"https:\/\/www.europesays.com\/fr\/663373\/","title":{"rendered":"ces lignes SNCF totalement \u00e0 l&rsquo;arr\u00eat pendant 24h, voici comment se d\u00e9placer"},"content":{"rendered":"<p>                    Par<br \/>\n        <strong><br \/>\n            <a href=\"https:\/\/actu.fr\/auteur\/fabien-binacchi\" title=\"Consulter tous les articles de Fabien Binacchi\" target=\"_blank\" rel=\"noopener\">Fabien Binacchi<\/a><br \/>\n                    <\/strong><\/p>\n<p>        Publi\u00e9 le<\/p>\n<p>            14 janv. 2026 \u00e0 17h46        <\/p>\n<p>Il va falloir s\u2019organiser autrement. Pendant <strong>environ 24\u00a0heures,<\/strong> ce week-end des samedi\u00a017 et dimanche 18\u00a0janvier 2026, deux lignes ferroviaires du d\u00e9partement des <a href=\"https:\/\/actu.fr\/provence-alpes-cote-d-azur\/bouches-du-rhone_13\" target=\"_blank\" rel=\"noopener\">Bouches-du-Rh\u00f4ne<\/a> seront totalement coup\u00e9es \u00e0 la circulation, en raison de travaux, annonce <a href=\"https:\/\/actu.fr\/tag\/sncf\" target=\"_blank\" rel=\"noopener\">SNCF R\u00e9seau<\/a>. Les axes <a href=\"https:\/\/actu.fr\/marseille\/\" target=\"_blank\" rel=\"noopener\">Marseille<\/a>-Arles et Miramas-Cavaillon-Martigues sont concern\u00e9s. Des transports de substitution sont mis en place. Voici ce qu\u2019il faut savoir.<\/p>\n<p>De gros travaux \u00e0 Miramas<\/p>\n<p class=\" wall-content\">De samedi \u00e0 dimanche, a priori de 15h45 \u00e0 15h45, plus rien. Le trafic sera \u00e0 l\u2019arr\u00eat. Une interruption rendue obligatoire par les \u00ab\u2009travaux de <strong>mise en accessibilit\u00e9 des quais<\/strong> et la <strong>cr\u00e9ation d\u2019une passerelle<\/strong> en gare de Miramas\u2009\u00bb, pr\u00e9cise SNCF R\u00e9seau.<\/p>\n<blockquote class=\"ac-article-quote wall-content\">\n<p>D\u00e9marr\u00e9 en janvier 2025 et pr\u00e9vu de s\u2019achever d\u2019ici l\u2019\u00e9t\u00e9 2026, ce projet a pour objectif de rendre accessibles les 3 quais de la gare \u00e0 tous les voyageurs, de cr\u00e9er une nouvelle liaison urbaine pi\u00e9tonne et d\u2019am\u00e9liorer les services ainsi que les espaces aux abords de la gare.<\/p>\n<p>    <strong>SNCF R\u00e9seau<\/strong>\n            <\/p><\/blockquote>\n<p class=\" wall-content\">Dans le d\u00e9tail, c\u2019est <strong>une op\u00e9ration de \u00ab\u2009grutage<\/strong> d\u2019une premi\u00e8re partie de la passerelle\u2009\u00bb qui rend n\u00e9cessaire cette coupure de toutes les circulations pendant ce laps de temps.<\/p>\n<p>    <a href=\"https:\/\/www.google.com\/maps\/embed?pb=!1m18!1m12!1m3!1d3116.038815441139!2d4.996979711978213!3d43.5807399709852!2m3!1f0!2f0!3f0!3m2!1i1024!2i768!4f13.1!3m3!1m2!1s0x12b603bdd1a67d87%3A0x8ea6518badbf45c2!2sGare%20de%20Miramas!5e1!3m2!1sfr!2sfr!4v1768407951294!5m2!1sfr!2sfr\" title=\"Ouvrie le lien\" target=\"_blank\" rel=\"noopener\">Cliquez ici pour visualiser le contenu<\/a><\/p>\n<p>Des substitutions routi\u00e8res<\/p>\n<p class=\" wall-content\">Au total, <strong>cinq lignes sont impact\u00e9es\u2009:<\/strong> la 7B (Marseille-Miramas via la C\u00f4te bleue), la 8 (Marseille-Avignon par Arles), la 9 (Marseille-Avignon par Cavaillon), la 10 (Marseille-Avignon-Valence-Lyon) et la 11 (Marseille-N\u00eemes-Montpellier)<\/p>\n<p class=\" wall-content\">Au cours de ces 24\u00a0heures, pour ne pas laisser les usagers du rail sans solution, des substitutions routi\u00e8res sont mises en place, fait savoir la SNCF.<\/p>\n<p>Votre r\u00e9gion, votre actu !<\/p>\n<p>Recevez chaque jour les infos qui comptent pour vous.<\/p>\n<p>\t<a href=\"https:\/\/actu.fr\/newsletter\" class=\"ac-btn ac-btn--corner ac-btn--medium ac-btn--blue800\" target=\"_blank\" rel=\"noopener\">S&rsquo;incrire<\/a><\/p>\n<p class=\" wall-content\">Les programmes de ces cars, disponibles <a href=\"https:\/\/www.ter.sncf.com\/sud-provence-alpes-cote-d-azur\/lignes-7b-8-9-10-11-travaux-miramas\" target=\"_blank\" rel=\"noopener\">en ligne,<\/a> suivent les m\u00eames trac\u00e9s mais, attention, ils ne desservent pas forc\u00e9ment tous les arr\u00eats des lignes ferroviaires.<\/p>\n<p class=\" wall-content\">La SNCF conseille aux \u00ab\u2009voyageurs de s\u2019informer sur les moyens de substitution \u00e0 leur disposition\u2009\u00bb avant d\u2019entreprendre de se d\u00e9placer.<\/p>\n<p class=\" wall-content\">Personnalisez votre actualit\u00e9 en ajoutant vos villes et m\u00e9dias en favori avec <a href=\"https:\/\/moncompte.actu.fr\" title=\"D\u00e9couvez Mon Actu\" rel=\"nofollow noopener\" data-trk=\"{&quot;cta&quot;:{&quot;action&quot;:&quot;https:\\\/\\\/moncompte.actu.fr&quot;,&quot;category&quot;:&quot;mon compte&quot;,&quot;from&quot;:&quot;article footer&quot;,&quot;name&quot;:&quot;Mon actu&quot;,&quot;type&quot;:&quot;cta&quot;}}\" target=\"_blank\">Mon Actu<\/a>.<\/p>\n","protected":false},"excerpt":{"rendered":"Par Fabien Binacchi Publi\u00e9 le 14 janv. 2026 \u00e0 17h46 Il va falloir s\u2019organiser autrement. Pendant environ 24\u00a0heures,&hellip;\n","protected":false},"author":2,"featured_media":663374,"comment_status":"","ping_status":"","sticky":false,"template":"","format":"standard","meta":{"footnotes":""},"categories":[2814],"tags":[1111,11,1777,674,1011,27,6305,884,12,882,25,2215,104,2803],"class_list":{"0":"post-663373","1":"post","2":"type-post","3":"status-publish","4":"format-standard","5":"has-post-thumbnail","7":"category-marseille","8":"tag-actu","9":"tag-actualites","10":"tag-eu","11":"tag-europe","12":"tag-fr","13":"tag-france","14":"tag-gare-saint-charles","15":"tag-marseille","16":"tag-news","17":"tag-provence-alpes-cote-dazur","18":"tag-republique-francaise","19":"tag-sncf","20":"tag-societe","21":"tag-transport"},"share_on_mastodon":{"url":"https:\/\/pubeurope.com\/@fr\/115894521993405584","error":""},"_links":{"self":[{"href":"https:\/\/www.europesays.com\/fr\/wp-json\/wp\/v2\/posts\/663373","targetHints":{"allow":["GET"]}}],"collection":[{"href":"https:\/\/www.europesays.com\/fr\/wp-json\/wp\/v2\/posts"}],"about":[{"href":"https:\/\/www.europesays.com\/fr\/wp-json\/wp\/v2\/types\/post"}],"author":[{"embeddable":true,"href":"https:\/\/www.europesays.com\/fr\/wp-json\/wp\/v2\/users\/2"}],"replies":[{"embeddable":true,"href":"https:\/\/www.europesays.com\/fr\/wp-json\/wp\/v2\/comments?post=663373"}],"version-history":[{"count":0,"href":"https:\/\/www.europesays.com\/fr\/wp-json\/wp\/v2\/posts\/663373\/revisions"}],"wp:featuredmedia":[{"embeddable":true,"href":"https:\/\/www.europesays.com\/fr\/wp-json\/wp\/v2\/media\/663374"}],"wp:attachment":[{"href":"https:\/\/www.europesays.com\/fr\/wp-json\/wp\/v2\/media?parent=663373"}],"wp:term":[{"taxonomy":"category","embeddable":true,"href":"https:\/\/www.europesays.com\/fr\/wp-json\/wp\/v2\/categories?post=663373"},{"taxonomy":"post_tag","embeddable":true,"href":"https:\/\/www.europesays.com\/fr\/wp-json\/wp\/v2\/tags?post=663373"}],"curies":[{"name":"wp","href":"https:\/\/api.w.org\/{rel}","templated":true}]}}