{"id":663375,"date":"2026-01-14T16:59:10","date_gmt":"2026-01-14T16:59:10","guid":{"rendered":"https:\/\/www.europesays.com\/fr\/663375\/"},"modified":"2026-01-14T16:59:10","modified_gmt":"2026-01-14T16:59:10","slug":"un-medecin-mis-en-examen-pour-des-infractions-sexuelles-son-cabinet-sous-scelles","status":"publish","type":"post","link":"https:\/\/www.europesays.com\/fr\/663375\/","title":{"rendered":"un m\u00e9decin mis en examen\u00a0pour des infractions sexuelles, son cabinet sous scell\u00e9s"},"content":{"rendered":"<p itemprop=\"description\"><strong>La fermeture discr\u00e8te d\u2019un cabinet m\u00e9dical lyonnais cachait une proc\u00e9dure bien plus lourde.<\/strong><\/p>\n<p>Derri\u00e8re une affichette \u00e9voquant une fermeture pour \u00ab\u00a0raisons familiales\u00a0\u00bb, un cabinet m\u00e9dical du quartier du Parc, dans le 6e arrondissement de Lyon, \u00e9tait en r\u00e9alit\u00e9 au c\u0153ur d\u2019une proc\u00e9dure judiciaire.\u00a0<\/p>\n<p>Situ\u00e9 au 102 rue Crillon, le cabinet a \u00e9t\u00e9 plac\u00e9 sous scell\u00e9s par la police nationale le 18 d\u00e9cembre, dans le cadre d\u2019une commission rogatoire. L\u2019information, r\u00e9v\u00e9l\u00e9e par Actu.fr, a \u00e9t\u00e9 confirm\u00e9e par le parquet de Lyon, qui a ouvert une information judiciaire visant le docteur Beno\u00eet Saint-Paul. Selon le minist\u00e8re public, le m\u00e9decin a \u00e9t\u00e9 mis en examen \u00ab\u00a0pour des infractions \u00e0 caract\u00e8re sexuel \u00e0 l\u2019encontre de plusieurs patientes.\u00a0\u00bb<\/p>\n<p>Dans le cadre de cette proc\u00e9dure, le praticien a \u00e9t\u00e9 plac\u00e9 sous contr\u00f4le judiciaire \u00e0 l&rsquo;issue de sa garde \u00e0 vue. Celui-ci comprend notamment \u00ab\u00a0une interdiction d\u2019exercer l\u2019activit\u00e9 professionnelle de m\u00e9decin\u00a0\u00bb, a pr\u00e9cis\u00e9 le parquet de Lyon \u00e0 nos confr\u00e8res.<\/p>\n<p>La fermeture du cabinet avait suscit\u00e9 des interrogations parmi certains habitants du secteur, en particulier sur un groupe Facebook d\u2019habitants de l\u2019arrondissement, apr\u00e8s l\u2019apparition de rubalises et de scell\u00e9s judiciaires. L\u2019enqu\u00eate se poursuit sous l\u2019autorit\u00e9 d\u2019un juge d\u2019instruction.<\/p>\n","protected":false},"excerpt":{"rendered":"La fermeture discr\u00e8te d\u2019un cabinet m\u00e9dical lyonnais cachait une proc\u00e9dure bien plus lourde. Derri\u00e8re une affichette \u00e9voquant une&hellip;\n","protected":false},"author":2,"featured_media":663376,"comment_status":"","ping_status":"","sticky":false,"template":"","format":"standard","meta":{"footnotes":""},"categories":[1889],"tags":[1111,11,2813,2190,2430,1109,251,1112,2811,1777,674,118,1011,27,1922,1110,1114,2428,2810,12,241,316,25,2812,517,800],"class_list":{"0":"post-663375","1":"post","2":"type-post","3":"status-publish","4":"format-standard","5":"has-post-thumbnail","7":"category-lyon","8":"tag-actu","9":"tag-actualites","10":"tag-article","11":"tag-asvel","12":"tag-auvergne-rhone-alpes","13":"tag-breves","14":"tag-culture","15":"tag-depeches","16":"tag-economique","17":"tag-eu","18":"tag-europe","19":"tag-faits-divers","20":"tag-fr","21":"tag-france","22":"tag-info","23":"tag-informations","24":"tag-infos","25":"tag-lyon","26":"tag-lyonmag","27":"tag-news","28":"tag-ol","29":"tag-politique","30":"tag-republique-francaise","31":"tag-sociale","32":"tag-sport","33":"tag-transports"},"share_on_mastodon":{"url":"https:\/\/pubeurope.com\/@fr\/115894522127211785","error":""},"_links":{"self":[{"href":"https:\/\/www.europesays.com\/fr\/wp-json\/wp\/v2\/posts\/663375","targetHints":{"allow":["GET"]}}],"collection":[{"href":"https:\/\/www.europesays.com\/fr\/wp-json\/wp\/v2\/posts"}],"about":[{"href":"https:\/\/www.europesays.com\/fr\/wp-json\/wp\/v2\/types\/post"}],"author":[{"embeddable":true,"href":"https:\/\/www.europesays.com\/fr\/wp-json\/wp\/v2\/users\/2"}],"replies":[{"embeddable":true,"href":"https:\/\/www.europesays.com\/fr\/wp-json\/wp\/v2\/comments?post=663375"}],"version-history":[{"count":0,"href":"https:\/\/www.europesays.com\/fr\/wp-json\/wp\/v2\/posts\/663375\/revisions"}],"wp:featuredmedia":[{"embeddable":true,"href":"https:\/\/www.europesays.com\/fr\/wp-json\/wp\/v2\/media\/663376"}],"wp:attachment":[{"href":"https:\/\/www.europesays.com\/fr\/wp-json\/wp\/v2\/media?parent=663375"}],"wp:term":[{"taxonomy":"category","embeddable":true,"href":"https:\/\/www.europesays.com\/fr\/wp-json\/wp\/v2\/categories?post=663375"},{"taxonomy":"post_tag","embeddable":true,"href":"https:\/\/www.europesays.com\/fr\/wp-json\/wp\/v2\/tags?post=663375"}],"curies":[{"name":"wp","href":"https:\/\/api.w.org\/{rel}","templated":true}]}}