{"id":66338,"date":"2025-05-01T07:17:08","date_gmt":"2025-05-01T07:17:08","guid":{"rendered":"https:\/\/www.europesays.com\/fr\/66338\/"},"modified":"2025-05-01T07:17:08","modified_gmt":"2025-05-01T07:17:08","slug":"un-skieur-en-randonnee-trouve-la-mort-apres-une-longue-chute","status":"publish","type":"post","link":"https:\/\/www.europesays.com\/fr\/66338\/","title":{"rendered":"un skieur en randonn\u00e9e trouve la mort apr\u00e8s une longue chute"},"content":{"rendered":"<p itemprop=\"description\"><strong>Le massif des Ecrins a fait une nouvelle victime.<\/strong><\/p>\n<p>Ce mercredi matin, un skieur en randonn\u00e9e a chut\u00e9 sur la face ouest du col du Pav\u00e9. Sous les yeux horrifi\u00e9s de t\u00e9moins, le sexag\u00e9naire a d\u00e9val\u00e9 pr\u00e8s de 200 m\u00e8tres.<\/p>\n<p>Contact\u00e9s, les secours se sont rendus sur place. Mais le PGHM 38 n&rsquo;a pu que constater le d\u00e9c\u00e8s du malheureux.<\/p>\n<p>Son corps a \u00e9t\u00e9 h\u00e9litreuill\u00e9 et conduit jusqu&rsquo;au Bourg-d&rsquo;Oisans.<\/p>\n","protected":false},"excerpt":{"rendered":"Le massif des Ecrins a fait une nouvelle victime. Ce mercredi matin, un skieur en randonn\u00e9e a chut\u00e9&hellip;\n","protected":false},"author":2,"featured_media":66339,"comment_status":"","ping_status":"","sticky":false,"template":"","format":"standard","meta":{"footnotes":""},"categories":[9566],"tags":[1111,11,7733,8279,2430,7736,650,7734,2889,2263,1777,674,1011,27,2731,8280,6417,1114,108,4662,12,3725,1825,25,7737],"class_list":{"0":"post-66338","1":"post","2":"type-post","3":"status-publish","4":"format-standard","5":"has-post-thumbnail","7":"category-grenoble","8":"tag-actu","9":"tag-actualites","10":"tag-alpes","11":"tag-alpes1","12":"tag-auvergne-rhone-alpes","13":"tag-cds","14":"tag-cinema","15":"tag-ecoute","16":"tag-emission","17":"tag-equipe","18":"tag-eu","19":"tag-europe","20":"tag-fr","21":"tag-france","22":"tag-grenoble","23":"tag-haute","24":"tag-information","25":"tag-infos","26":"tag-isere","27":"tag-journal","28":"tag-news","29":"tag-podcast","30":"tag-radio","31":"tag-republique-francaise","32":"tag-winamp"},"share_on_mastodon":{"url":"https:\/\/pubeurope.com\/@fr\/114431357333215732","error":""},"_links":{"self":[{"href":"https:\/\/www.europesays.com\/fr\/wp-json\/wp\/v2\/posts\/66338","targetHints":{"allow":["GET"]}}],"collection":[{"href":"https:\/\/www.europesays.com\/fr\/wp-json\/wp\/v2\/posts"}],"about":[{"href":"https:\/\/www.europesays.com\/fr\/wp-json\/wp\/v2\/types\/post"}],"author":[{"embeddable":true,"href":"https:\/\/www.europesays.com\/fr\/wp-json\/wp\/v2\/users\/2"}],"replies":[{"embeddable":true,"href":"https:\/\/www.europesays.com\/fr\/wp-json\/wp\/v2\/comments?post=66338"}],"version-history":[{"count":0,"href":"https:\/\/www.europesays.com\/fr\/wp-json\/wp\/v2\/posts\/66338\/revisions"}],"wp:featuredmedia":[{"embeddable":true,"href":"https:\/\/www.europesays.com\/fr\/wp-json\/wp\/v2\/media\/66339"}],"wp:attachment":[{"href":"https:\/\/www.europesays.com\/fr\/wp-json\/wp\/v2\/media?parent=66338"}],"wp:term":[{"taxonomy":"category","embeddable":true,"href":"https:\/\/www.europesays.com\/fr\/wp-json\/wp\/v2\/categories?post=66338"},{"taxonomy":"post_tag","embeddable":true,"href":"https:\/\/www.europesays.com\/fr\/wp-json\/wp\/v2\/tags?post=66338"}],"curies":[{"name":"wp","href":"https:\/\/api.w.org\/{rel}","templated":true}]}}