{"id":663383,"date":"2026-01-14T17:04:10","date_gmt":"2026-01-14T17:04:10","guid":{"rendered":"https:\/\/www.europesays.com\/fr\/663383\/"},"modified":"2026-01-14T17:04:10","modified_gmt":"2026-01-14T17:04:10","slug":"omer-adam-annonce-une-seconde-date-a-ladidas-arena-de-paris","status":"publish","type":"post","link":"https:\/\/www.europesays.com\/fr\/663383\/","title":{"rendered":"Omer Adam Annonce Une Seconde Date \u00c0 L\u2019Adidas Arena De Paris"},"content":{"rendered":"<p class=\"\" data-is=\"component-paragraph\">Neuf ans apr\u00e8s son dernier concert en France, la star de la pop isra\u00e9lienne Omer Adam s\u2019appr\u00eate finalement \u00e0 faire vibrer Paris \u00e0 deux reprises en janvier prochain. <a data-is=\"component-link\" href=\"https:\/\/www.i24news.tv\/fr\/actu\/culture\/artc-omer-adam-de-retour-a-paris-un-concert-evenement-a-l-adidas-arena-le-20-janvier\" title=\"https:\/\/www.i24news.tv\/fr\/actu\/culture\/artc-omer-adam-de-retour-a-paris-un-concert-evenement-a-l-adidas-arena-le-20-janvier\" target=\"\" class=\"link\" rel=\"noopener\">Initialement pr\u00e9vu le 20 janvier \u00e0 l\u2019Adidas Arena<\/a>, l\u2019artiste a annonc\u00e9 l\u2019ajout d\u2019une seconde date, le 19 janvier, face \u00e0 une demande de billets exceptionnelle d\u00e8s l\u2019ouverture de la billetterie.<\/p>\n<p class=\"\" data-is=\"component-paragraph\">Ic\u00f4ne de la sc\u00e8ne musicale isra\u00e9lienne contemporaine, Omer Adam s\u2019est impos\u00e9 comme l\u2019un des artistes les plus populaires de sa g\u00e9n\u00e9ration, combinant pop moderne, sonorit\u00e9s orientales et influences urbaines. Il a conquis un public international, comme en t\u00e9moignent ses concerts \u00e0 guichets ferm\u00e9s dans plusieurs grandes villes du monde et son fort impact sur les plateformes de streaming.<\/p>\n<p class=\"\" data-is=\"component-paragraph\">L\u2019annonce de cette double performance \u00e0 l\u2019Adidas Arena, salle ultra-moderne r\u00e9cemment inaugur\u00e9e dans le nord de Paris, marque un moment fort pour les fans fran\u00e7ais. Les deux concerts promettent un spectacle immersion 360\u00b0, o\u00f9 Omer Adam interpr\u00e9tera ses tubes incontournables ainsi que ses titres les plus r\u00e9cents, dans une ambiance qui s\u2019annonce d\u00e9j\u00e0 \u00e9lectrisante.<\/p>\n<p><img alt=\"Video poster\" class=\"video-poster\" data-is=\"lazy-image\" data-observed-item-id=\"https:\/\/api.i24news.tv\/fr\/brightcove\/6387621009112\/poster\"\/>Omer Adam, superstar \u00e0 Paris : toutes les places de son concert vendues en quelques minutes!<\/p>\n<p class=\"\" data-is=\"component-paragraph\">La billetterie pour ces deux dates a suscit\u00e9 un engouement rapide, indiquant l\u2019ampleur de l\u2019attente autour de son retour sur la sc\u00e8ne parisienne. Les fans ont r\u00e9pondu massivement d\u00e8s l\u2019ouverture des ventes, refl\u00e9tant l\u2019intensit\u00e9 de la popularit\u00e9 d\u2019Omer Adam en Europe, mais aussi aupr\u00e8s de la communaut\u00e9 isra\u00e9lienne et des amateurs de musique du monde.<\/p>\n<p class=\"\" data-is=\"component-paragraph\">Avec ces deux concerts les 19 et 20 janvier \u00e0 l\u2019Adidas Arena, Omer Adam confirme sa capacit\u00e9 \u00e0 remplir des grandes salles internationales et \u00e0 f\u00e9d\u00e9rer un public diversifi\u00e9 autour de son r\u00e9pertoire unique.<\/p>\n","protected":false},"excerpt":{"rendered":"Neuf ans apr\u00e8s son dernier concert en France, la star de la pop isra\u00e9lienne Omer Adam s\u2019appr\u00eate finalement&hellip;\n","protected":false},"author":2,"featured_media":663384,"comment_status":"","ping_status":"","sticky":false,"template":"","format":"standard","meta":{"footnotes":""},"categories":[1888],"tags":[1111,1928,11,1927,1777,674,1011,27,12,1926,626,1925,25],"class_list":{"0":"post-663383","1":"post","2":"type-post","3":"status-publish","4":"format-standard","5":"has-post-thumbnail","7":"category-paris","8":"tag-actu","9":"tag-actu-paris","10":"tag-actualites","11":"tag-actualites-paris","12":"tag-eu","13":"tag-europe","14":"tag-fr","15":"tag-france","16":"tag-news","17":"tag-news-paris","18":"tag-paris","19":"tag-paris-news","20":"tag-republique-francaise"},"share_on_mastodon":{"url":"https:\/\/pubeurope.com\/@fr\/115894541582608564","error":""},"_links":{"self":[{"href":"https:\/\/www.europesays.com\/fr\/wp-json\/wp\/v2\/posts\/663383","targetHints":{"allow":["GET"]}}],"collection":[{"href":"https:\/\/www.europesays.com\/fr\/wp-json\/wp\/v2\/posts"}],"about":[{"href":"https:\/\/www.europesays.com\/fr\/wp-json\/wp\/v2\/types\/post"}],"author":[{"embeddable":true,"href":"https:\/\/www.europesays.com\/fr\/wp-json\/wp\/v2\/users\/2"}],"replies":[{"embeddable":true,"href":"https:\/\/www.europesays.com\/fr\/wp-json\/wp\/v2\/comments?post=663383"}],"version-history":[{"count":0,"href":"https:\/\/www.europesays.com\/fr\/wp-json\/wp\/v2\/posts\/663383\/revisions"}],"wp:featuredmedia":[{"embeddable":true,"href":"https:\/\/www.europesays.com\/fr\/wp-json\/wp\/v2\/media\/663384"}],"wp:attachment":[{"href":"https:\/\/www.europesays.com\/fr\/wp-json\/wp\/v2\/media?parent=663383"}],"wp:term":[{"taxonomy":"category","embeddable":true,"href":"https:\/\/www.europesays.com\/fr\/wp-json\/wp\/v2\/categories?post=663383"},{"taxonomy":"post_tag","embeddable":true,"href":"https:\/\/www.europesays.com\/fr\/wp-json\/wp\/v2\/tags?post=663383"}],"curies":[{"name":"wp","href":"https:\/\/api.w.org\/{rel}","templated":true}]}}