{"id":663393,"date":"2026-01-14T17:09:12","date_gmt":"2026-01-14T17:09:12","guid":{"rendered":"https:\/\/www.europesays.com\/fr\/663393\/"},"modified":"2026-01-14T17:09:12","modified_gmt":"2026-01-14T17:09:12","slug":"ice-10-choses-a-savoir-sur-le-service-de-limmigration-et-des-douanes-des-usa-a-lorigine-de-la-mort-de-renee-good-a-minneapolis","status":"publish","type":"post","link":"https:\/\/www.europesays.com\/fr\/663393\/","title":{"rendered":"ICE: 10 choses \u00e0 savoir sur le Service de l\u2019immigration et des douanes des USA \u00e0 l\u2019origine de la mort de Renee Good \u00e0 Minneapolis"},"content":{"rendered":"<p><a href=\"https:\/\/www.moustique.be\/notre-epoque\/les-infos\/2026\/01\/07\/donald-trump-envisage-dacquerir-le-groenland-et-utiliser-larmee-fait-partie-des-options-D7HU3QP2ONAYTOYWALMF745LYI\/\" target=\"_self\" class=\"ap-StoryInterstitialLink ap-StoryElement ap-StoryElement--mb\" rel=\"noopener\">Donald Trump envisage d\u2019acqu\u00e9rir le Groenland, et \u201cutiliser l\u2019arm\u00e9e\u201d fait partie des options<\/a>1. Une police f\u00e9d\u00e9rale de l\u2019immigration<\/p>\n<p class=\"ap-StoryElement ap-StoryElement--mb ap-StoryText\">L\u2019ICE (Immigration and Customs Enforcement) est une agence f\u00e9d\u00e9rale rattach\u00e9e au Department of Homeland Security (D\u00e9partement de la S\u00e9curit\u00e9 int\u00e9rieure des \u00c9tats-Unis), charg\u00e9e d\u2019appliquer une partie des lois sur l\u2019immigration et de mener des enqu\u00eates criminelles li\u00e9es \u00e0 la s\u00e9curit\u00e9 int\u00e9rieure (trafics, fraudes, etc.). Sa mission officielle est de \u201cprot\u00e9ger la s\u00e9curit\u00e9 nationale et la s\u00e9curit\u00e9 publique\u201d en ex\u00e9cutant les lois li\u00e9es aux fronti\u00e8res, \u00e0 la contrebande et au s\u00e9jour des \u00e9trangers.<\/p>\n<p><img loading=\"lazy\" decoding=\"async\" class=\"w-full lazyload lazyload--opacity object-contain\" style=\"aspect-ratio:150 \/ 100;opacity:1\" alt=\"MINNEAPOLIS, MINNESOTA - JANUARY 12: A cyclist rides past posters of Renee Good January 12, 2026 in Minneapolis, Minnesota. Good was shot and killed by federal agents during a brief altercation with federal agents on July 7, in Minneapolis.   Scott Olson\/Getty Images\/AFP (Photo by SCOTT OLSON \/ GETTY IMAGES NORTH AMERICA \/ Getty Images via AFP)\" width=\"768\" height=\"512\" fetchpriority=\"auto\" src=\"https:\/\/www.europesays.com\/fr\/wp-content\/uploads\/2026\/01\/S5VKD3X55FFF3BW6V4SEHXNP7I.png\"  data- data-optimumx=\"1\"\/> \u00a92026 Getty Images2. N\u00e9e de l\u2019apr\u00e8s\u201111 septembre<\/p>\n<p class=\"ap-StoryElement ap-StoryElement--mb ap-StoryText\">L\u2019ICE a \u00e9t\u00e9 cr\u00e9\u00e9e en 2003, dans le cadre du Homeland Security Act adopt\u00e9 apr\u00e8s les attentats du 11 septembre, en fusionnant des fonctions de l\u2019ancienne Immigration and Naturalization Service et des douanes. Elle s\u2019inscrit dans la logique de \u201cguerre contre le terrorisme\u201d, ce qui a durablement teint\u00e9 sa culture interne, sa rh\u00e9torique s\u00e9curitaire et l\u2019ampleur de ses pouvoirs.<\/p>\n<p>3. Deux bras op\u00e9rationnels : HSI et ERO<\/p>\n<p class=\"ap-StoryElement ap-StoryElement--mb ap-StoryText\">L\u2019agence repose sur deux grandes composantes : Homeland Security Investigations (HSI), charg\u00e9e des enqu\u00eates sur la criminalit\u00e9 transnationale (drogue, traite d\u2019\u00eatres humains, exploitation d\u2019enfants, etc.), et Enforcement and Removal Operations (ERO), qui g\u00e8re les arrestations, la d\u00e9tention et les expulsions. La majorit\u00e9 des controverses publiques visent ERO, \u00e0 l\u2019origine des arrestations dans les quartiers, des transferts depuis les prisons locales et de l\u2019organisation des vols de renvoi.<\/p>\n<p><a href=\"https:\/\/www.moustique.be\/notre-epoque\/les-infos\/2026\/01\/04\/lamerique-en-2026-jusquou-ira-le-trumpisme-LGTE53DDJJDODNYLWWWBVJP5UE\/\" target=\"_self\" class=\"ap-StoryInterstitialLink ap-StoryElement ap-StoryElement--mb\" rel=\"noopener\">L&rsquo;Am\u00e9rique en 2026 : Jusqu\u2019o\u00f9 ira le trumpisme ?<\/a>4. Une sc\u00e8ne de tirs \u00e0 Minneapolis<\/p>\n<p class=\"ap-StoryElement ap-StoryElement--mb ap-StoryText\">\u00c0 Minneapolis, Renee Nicole Good, 37 ans, po\u00e8te, m\u00e8re et r\u00e9sidente locale, a \u00e9t\u00e9 tu\u00e9e d\u2019une balle dans la t\u00eate par un agent de l\u2019ICE alors qu\u2019elle se trouvait au volant de sa voiture, sur une rue r\u00e9sidentielle du sud de la ville. Selon les informations disponibles, son v\u00e9hicule bloquait la route ; un agent s\u2019est approch\u00e9 \u00e0 pied, la voiture a commenc\u00e9 \u00e0 avancer, et l\u2019agent a tir\u00e9 au moins deux fois avant que la voiture ne s\u2019\u00e9crase.<\/p>\n<p><img loading=\"lazy\" decoding=\"async\" class=\"w-full lazyload lazyload--opacity object-contain\" style=\"aspect-ratio:150 \/ 100;opacity:1\" alt=\"A woman visit a makeshift memorial honoring Renee Nicole Good and other victims of police and immigration enforcement violence outside a home along Portland Avenue South in Minneapolis, Minnesota, on January 11, 2026. A US Immigration and Customs Enforcement (ICE) agent shot and killed 37-year-old Renee Nicole Good on the streets of Minneapolis on January 7, leading to huge protests and outrage from local leaders who rejected White House claims she was a domestic terrorist. (Photo by Kerem YUCEL \/ AFP)\" width=\"768\" height=\"512\" fetchpriority=\"auto\" src=\"https:\/\/www.europesays.com\/fr\/wp-content\/uploads\/2026\/01\/S5VKD3X55FFF3BW6V4SEHXNP7I.png\"  data- data-optimumx=\"1\"\/> \u00a9AFP or licensors5. Un historique lourd d\u2019abus et d\u2019impunit\u00e9<\/p>\n<p class=\"ap-StoryElement ap-StoryElement--mb ap-StoryText\">Des ONG comme l\u2019ACLU et des cliniques juridiques documentent depuis des ann\u00e9es des arrestations agressives, des s\u00e9parations familiales, des mauvais traitements en d\u00e9tention et une pression psychologique assimil\u00e9e \u00e0 une forme de terreur d\u2019\u00c9tat<\/p>\n<p>6. Une agence de plus en plus militaris\u00e9e<\/p>\n<p class=\"ap-StoryElement ap-StoryElement--mb ap-StoryText\">Les agents ERO se d\u00e9placent souvent en tenue civile, masqu\u00e9s, dans des v\u00e9hicules banalis\u00e9s, ce qui contribue \u00e0 l\u2019image d\u2019une force quasi secr\u00e8te intervenant au c\u0153ur des communaut\u00e9s, parfois loin de la fronti\u00e8re. Les opposants d\u00e9crivent l\u2019ICE comme une police militaris\u00e9e dont les op\u00e9rations m\u00e9diatis\u00e9es, les raids \u00e0 l\u2019aube et les campagnes de communication visent \u00e0 \u201csemer la peur\u201d bien au\u2011del\u00e0 des seuls migrants vis\u00e9s.<\/p>\n<p><a href=\"https:\/\/www.moustique.be\/notre-epoque\/les-infos\/2026\/01\/05\/trump-veut-croquer-aux-richesses-du-petrole-du-venezuela-mais-quels-sont-les-pays-qui-possedent-les-plus-grandes-reserves-au-monde-IYSRDTUMN5GEND6727XTURYIA4\/\" target=\"_self\" class=\"ap-StoryInterstitialLink ap-StoryElement ap-StoryElement--mb\" rel=\"noopener\">P\u00e9trole au Venezuela : Trump veut croquer aux richesses du pays de Maduro\u2026 Mais quels sont les pays qui poss\u00e8dent les plus grandes r\u00e9serves au monde ?<\/a>7. Une institution de plus en plus contest\u00e9e<\/p>\n<p class=\"ap-StoryElement ap-StoryElement--mb ap-StoryText\">Depuis 2018, et de nouveau en 2025, des manifestations massives et des campagnes politiques demandent la r\u00e9forme radicale, voire la suppression pure et simple de l\u2019ICE, jug\u00e9e \u201cirr\u00e9parable\u201d par certains juristes et d\u00e9fenseurs des droits. L\u2019affaire Renee Good devient un symbole de cette d\u00e9rive : pour ses critiques, elle illustre comment un appareil construit au nom de la s\u00e9curit\u00e9 nationale en vient \u00e0 tuer une m\u00e8re de famille non arm\u00e9e dans une rue r\u00e9sidentielle, tout en cherchant \u00e0 contr\u00f4ler le r\u00e9cit par la peur et la stigmatisation.<\/p>\n<p>8. Une version officielle imm\u00e9diatement contest\u00e9e<\/p>\n<p class=\"ap-StoryElement ap-StoryElement--mb ap-StoryText\">L\u2019administration Trump a affirm\u00e9 que la conductrice avait \u201cviolemment\u201d roul\u00e9 sur un agent, la pr\u00e9sentant comme responsable de sa propre mort, et le secr\u00e9taire \u00e0 la S\u00e9curit\u00e9 int\u00e9rieure l\u2019a m\u00eame qualifi\u00e9e de \u201cterroriste int\u00e9rieure\u201d. Le maire de Minneapolis Jacob Frey et le gouverneur Tim Walz, qui ont vu les images, accusent Washington de mentir, parlent de \u201cpropagande\u201d et d\u00e9noncent un agent ayant \u201cutilis\u00e9 de fa\u00e7on irresponsable son pouvoir\u201d plut\u00f4t qu\u2019un tir de l\u00e9gitime d\u00e9fense.<\/p>\n<p><img loading=\"lazy\" decoding=\"async\" class=\"w-full lazyload lazyload--opacity object-contain\" style=\"aspect-ratio:150 \/ 100;opacity:1\" alt=\"NEW YORK, NEW YORK - JANUARY 11: Thousands of people participate in a \ufffdNo Kings\ufffd protest against the policies, both foreign and domestic, of the Trump administration in Manhattan on January 11, 2026 in New York City. Protests have broken out across the nation over the Trump administration\ufffds recent actions in Venezuela and the shooting death last week of Renee Good by an Immigration and Customs Enforcement (ICE) officer in Minneapolis, Minnesota.   Spencer Platt\/Getty Images\/AFP (Photo by SPENCER PLATT \/ GETTY IMAGES NORTH AMERICA \/ Getty Images via AFP)\" width=\"768\" height=\"512\" fetchpriority=\"auto\" src=\"https:\/\/www.europesays.com\/fr\/wp-content\/uploads\/2026\/01\/S5VKD3X55FFF3BW6V4SEHXNP7I.png\"  data- data-optimumx=\"1\"\/> \u00a92026 Getty Images9. Un mot d\u2019ordre : \u201cAbolish ICE\u201d<\/p>\n<p class=\"ap-StoryElement ap-StoryElement--mb ap-StoryText\">Le slogan \u201cAbolish ICE\u201d est devenu un mouvement politique structur\u00e9 \u00e0 partir de 2018, dans le sillage du scandale des s\u00e9parations familiales \u00e0 la fronti\u00e8re. Ses partisans ne se contentent pas de demander la dissolution de l\u2019agence : ils militent pour d\u00e9p\u00e9naliser une partie de la migration, r\u00e9duire la d\u00e9tention, d\u00e9manteler la logique carc\u00e9rale et refonder une politique migratoire plus humaine.<\/p>\n<p>10. Mont\u00e9e en puissance sous Trump 2.0<\/p>\n<p class=\"ap-StoryElement ap-StoryElement--mb ap-StoryText\">En 2025, les arrestations de l\u2019ICE ont d\u00e9j\u00e0 d\u00e9pass\u00e9 les 100.000 et tournent autour de 20.000 par mois, soit environ le double du rythme moyen de 2024 sous Biden. Le nombre de personnes d\u00e9tenues par l\u2019ICE est pass\u00e9 d\u2019un peu plus de 20.500 d\u00e9but 2023 \u00e0 plus de 56.000 en juin 2025, avec une acc\u00e9l\u00e9ration claire apr\u00e8s l\u2019investiture de Trump. D\u00e8s janvier 2025, la Maison-Blanche a donn\u00e9 instruction \u00e0 l\u2019ICE d\u2019augmenter drastiquement les arrestations, avec des quotas de 75 interpellations par jour et par bureau r\u00e9gional, puis des objectifs allant jusqu\u2019\u00e0 3.000 arrestations quotidiennes au niveau national.<\/p>\n<p class=\"ap-StoryElement ap-StoryElement--mb ap-StoryText\">L\u2019administration a pr\u00e9vu plus de 170 milliards de dollars jusqu\u2019en 2029 pour ICE et la Border Patrol, afin d\u2019embaucher des milliers d\u2019agents, d\u2019ouvrir plus de centres de d\u00e9tention et d\u2019intensifier les raids sur les lieux de travail et dans les prisons locales.<\/p>\n","protected":false},"excerpt":{"rendered":"Donald Trump envisage d\u2019acqu\u00e9rir le Groenland, et \u201cutiliser l\u2019arm\u00e9e\u201d fait partie des options1. Une police f\u00e9d\u00e9rale de l\u2019immigration&hellip;\n","protected":false},"author":2,"featured_media":663394,"comment_status":"","ping_status":"","sticky":false,"template":"","format":"standard","meta":{"footnotes":""},"categories":[1589],"tags":[11,9013,73,1866,14824,1227,12,1864,1865,1863,308],"class_list":{"0":"post-663393","1":"post","2":"type-post","3":"status-publish","4":"format-standard","5":"has-post-thumbnail","7":"category-etats-unis","8":"tag-actualites","9":"tag-color-image","10":"tag-etats-unis","11":"tag-etats-unis-damerique","12":"tag-gettyimagerank2","13":"tag-horizontal","14":"tag-news","15":"tag-united-states","16":"tag-united-states-of-america","17":"tag-us","18":"tag-usa"},"share_on_mastodon":{"url":"https:\/\/pubeurope.com\/@fr\/115894561480324602","error":""},"_links":{"self":[{"href":"https:\/\/www.europesays.com\/fr\/wp-json\/wp\/v2\/posts\/663393","targetHints":{"allow":["GET"]}}],"collection":[{"href":"https:\/\/www.europesays.com\/fr\/wp-json\/wp\/v2\/posts"}],"about":[{"href":"https:\/\/www.europesays.com\/fr\/wp-json\/wp\/v2\/types\/post"}],"author":[{"embeddable":true,"href":"https:\/\/www.europesays.com\/fr\/wp-json\/wp\/v2\/users\/2"}],"replies":[{"embeddable":true,"href":"https:\/\/www.europesays.com\/fr\/wp-json\/wp\/v2\/comments?post=663393"}],"version-history":[{"count":0,"href":"https:\/\/www.europesays.com\/fr\/wp-json\/wp\/v2\/posts\/663393\/revisions"}],"wp:featuredmedia":[{"embeddable":true,"href":"https:\/\/www.europesays.com\/fr\/wp-json\/wp\/v2\/media\/663394"}],"wp:attachment":[{"href":"https:\/\/www.europesays.com\/fr\/wp-json\/wp\/v2\/media?parent=663393"}],"wp:term":[{"taxonomy":"category","embeddable":true,"href":"https:\/\/www.europesays.com\/fr\/wp-json\/wp\/v2\/categories?post=663393"},{"taxonomy":"post_tag","embeddable":true,"href":"https:\/\/www.europesays.com\/fr\/wp-json\/wp\/v2\/tags?post=663393"}],"curies":[{"name":"wp","href":"https:\/\/api.w.org\/{rel}","templated":true}]}}