{"id":663397,"date":"2026-01-14T17:11:11","date_gmt":"2026-01-14T17:11:11","guid":{"rendered":"https:\/\/www.europesays.com\/fr\/663397\/"},"modified":"2026-01-14T17:11:11","modified_gmt":"2026-01-14T17:11:11","slug":"lallemagne-corrige-sa-doctrine-en-matiere-daides-au-developpement","status":"publish","type":"post","link":"https:\/\/www.europesays.com\/fr\/663397\/","title":{"rendered":"L\u2019Allemagne corrige sa doctrine en mati\u00e8re d\u2019aides au d\u00e9veloppement"},"content":{"rendered":"\n<p>Lutter contre la faim, la pauvret\u00e9 et les in\u00e9galit\u00e9s, tout en \u201crenfor\u00e7ant le r\u00f4le de l\u2019Allemagne dans le monde\u201d. Voil\u00e0 l\u2019objectif affich\u00e9 par le gouvernement allemand avec sa nouvelle strat\u00e9gie d\u2019aide au d\u00e9veloppement, pr\u00e9sent\u00e9e en d\u00e9but de semaine, <a class=\"ithalc\" data-ithal=\"lien_externe\" data-ithalc=\"[nav_article]\" target=\"_blank\" href=\"https:\/\/www.dw.com\/de\/deutsche-entwicklungshilfe-reem-alabali-radovan-lob-und-tadel-f%C3%BCr-neue-strategie-etatk%C3%BCrzung\/a-75478463\" rel=\"noopener\">affirme la <strong>Deutsche Welle<\/strong><\/a><strong>.<\/strong><\/p>\n<p>L\u2019Allemagne entend r\u00e9sister aux \u201cpressions massives\u201d contre les projets de solidarit\u00e9 internationale, \u201c\u00e0 l\u2019heure o\u00f9 les \u00c9tats-Unis, autrefois les premiers bailleurs de fonds de l\u2019aide au d\u00e9veloppement, <a href=\"https:\/\/www.courrierinternational.com\/article\/vu-de-l-etranger-fin-de-l-usaid-un-choc-planetaire_228970\" target=\"_blank\" rel=\"noopener\">se sont presque enti\u00e8rement retir\u00e9s des programmes d\u2019aide internationale<\/a>\u201d. Mais en se focalisant sur des zones g\u00e9ographiques pr\u00e9cises.<\/p>\n<p>Elle veut aider les pays en crise \u201cqui rev\u00eatent une importance strat\u00e9gique pour l\u2019Allemagne et l\u2019Europe centrale\u201d, proposer des pr\u00eats aux \u00e9conomies \u00e9mergentes, \u201cjouer un r\u00f4le de premier plan\u201d dans <a href=\"https:\/\/www.courrierinternational.com\/article\/infrastructures-reconstruire-l-ukraine-a-quel-prix\" target=\"_blank\" rel=\"noopener\">la reconstruction de l\u2019Ukraine<\/a>. Mais elle entend surtout coupler sa politique de d\u00e9veloppement \u00e0 sa diplomatie et \u00e0 sa d\u00e9fense.<\/p>\n<p>                    Un budget en baisse       <\/p>\n<p>Ces objectifs sont observ\u00e9s avec scepticisme par la cha\u00eene d\u2019outre-Rhin. \u201cLe minist\u00e8re de la Coop\u00e9ration et du D\u00e9veloppement \u00e9conomique <a href=\"https:\/\/www.courrierinternational.com\/article\/budget-pour-faire-des-economies-l-allemagne-reduit-son-aide-au-developpement_233614\" target=\"_blank\" rel=\"noopener\">dispose d\u2019un budget d\u2019un peu plus de dix milliards d\u2019euros pour 2026<\/a>, pr\u00e9cise-t-elle. Il y a quatre ans, il en avait pr\u00e8s de 14\u00a0milliards.\u201d<\/p>\n<p>La ministre sociale-d\u00e9mocrate Reem Alabali Radovan a reconnu que ses budgets ne suffiraient pas \u00e0 combler les trous laiss\u00e9s par le retrait des \u00c9tats-Unis. Et surtout, qu\u2019ils ne permettraient pas de faire concurrence \u00e0 la Chine. \u201cLa deuxi\u00e8me puissance \u00e9conomique mondiale est engag\u00e9e depuis longtemps dans les politiques de d\u00e9veloppement, notamment en Afrique. Et souvent au d\u00e9triment des pays concern\u00e9s, estime-t-on c\u00f4t\u00e9 occidental\u201d, r\u00e9sume la Deutsche Welle.<\/p>\n<p>Plusieurs organisations non gouvernementales se sont f\u00e9licit\u00e9es de voir l\u2019Allemagne renforcer ses projets de lutte contre la faim et la pauvret\u00e9. Mais l\u2019organisation VENRO, qui regroupe 150\u00a0ONG, a aussi \u00e9mis des critiques. \u201cLes programmes de d\u00e9veloppement ne doivent pas devenir un instrument au service des int\u00e9r\u00eats [des donateurs], mais continuer de viser avant tout l\u2019abolition des in\u00e9galit\u00e9s mondiales\u201d, a d\u00e9clar\u00e9 son pr\u00e9sident, Carsten Montag, dans les colonnes de la Deutsche Welle.<\/p>\n<p>Certains pays du sud, notamment, risquent de recevoir moins d\u2019aides parce qu\u2019ils ne pr\u00e9sentent pas un int\u00e9r\u00eat strat\u00e9gique suffisant aux yeux de Berlin. Les pays du Caucase pourraient en revanche b\u00e9n\u00e9ficier d\u2019aides renforc\u00e9es.<\/p>\n","protected":false},"excerpt":{"rendered":"Lutter contre la faim, la pauvret\u00e9 et les in\u00e9galit\u00e9s, tout en \u201crenfor\u00e7ant le r\u00f4le de l\u2019Allemagne dans le&hellip;\n","protected":false},"author":2,"featured_media":663398,"comment_status":"","ping_status":"","sticky":false,"template":"","format":"standard","meta":{"footnotes":""},"categories":[1587],"tags":[11,672,3822,1804,1805,1803,1777,674,1801,1892,12,1802,770],"class_list":{"0":"post-663397","1":"post","2":"type-post","3":"status-publish","4":"format-standard","5":"has-post-thumbnail","7":"category-allemagne","8":"tag-actualites","9":"tag-allemagne","10":"tag-amu00e9riques","11":"tag-bundesrepublik-deutschland","12":"tag-de","13":"tag-deutschland","14":"tag-eu","15":"tag-europe","16":"tag-germany","17":"tag-gu00e9opolitique","18":"tag-news","19":"tag-republique-federale-dallemagne","20":"tag-u00e9tats-unis"},"share_on_mastodon":{"url":"https:\/\/pubeurope.com\/@fr\/115894569401685771","error":""},"_links":{"self":[{"href":"https:\/\/www.europesays.com\/fr\/wp-json\/wp\/v2\/posts\/663397","targetHints":{"allow":["GET"]}}],"collection":[{"href":"https:\/\/www.europesays.com\/fr\/wp-json\/wp\/v2\/posts"}],"about":[{"href":"https:\/\/www.europesays.com\/fr\/wp-json\/wp\/v2\/types\/post"}],"author":[{"embeddable":true,"href":"https:\/\/www.europesays.com\/fr\/wp-json\/wp\/v2\/users\/2"}],"replies":[{"embeddable":true,"href":"https:\/\/www.europesays.com\/fr\/wp-json\/wp\/v2\/comments?post=663397"}],"version-history":[{"count":0,"href":"https:\/\/www.europesays.com\/fr\/wp-json\/wp\/v2\/posts\/663397\/revisions"}],"wp:featuredmedia":[{"embeddable":true,"href":"https:\/\/www.europesays.com\/fr\/wp-json\/wp\/v2\/media\/663398"}],"wp:attachment":[{"href":"https:\/\/www.europesays.com\/fr\/wp-json\/wp\/v2\/media?parent=663397"}],"wp:term":[{"taxonomy":"category","embeddable":true,"href":"https:\/\/www.europesays.com\/fr\/wp-json\/wp\/v2\/categories?post=663397"},{"taxonomy":"post_tag","embeddable":true,"href":"https:\/\/www.europesays.com\/fr\/wp-json\/wp\/v2\/tags?post=663397"}],"curies":[{"name":"wp","href":"https:\/\/api.w.org\/{rel}","templated":true}]}}