{"id":663401,"date":"2026-01-14T17:13:11","date_gmt":"2026-01-14T17:13:11","guid":{"rendered":"https:\/\/www.europesays.com\/fr\/663401\/"},"modified":"2026-01-14T17:13:11","modified_gmt":"2026-01-14T17:13:11","slug":"lhuile-dolive-importee-dans-lue-pas-ou-peu-controlee","status":"publish","type":"post","link":"https:\/\/www.europesays.com\/fr\/663401\/","title":{"rendered":"l&rsquo;huile d&rsquo;olive import\u00e9e dans l&rsquo;UE pas ou peu contr\u00f4l\u00e9e"},"content":{"rendered":"<p>\n    Pour ces importations, les contr\u00f4les aux fronti\u00e8res \u00absur la pr\u00e9sence de pesticides et d\u2019autres contaminants sont soit inexistants soit tr\u00e8s limit\u00e9s dans les \u00c9tats membres visit\u00e9s\u00bb durant l\u2019audit (Belgique, Espagne, Gr\u00e8ce, Italie), rel\u00e8ve la Cour des comptes europ\u00e9enne.<\/p>\n<p class=\"fig-paragraph\">La Cour des comptes europ\u00e9enne d\u00e9plore dans un rapport publi\u00e9 mercredi les contr\u00f4les \u00abinexistants\u00bb ou \u00absporadiques\u00bb sur la pr\u00e9sence de pesticides dans les<a href=\"https:\/\/video.lefigaro.fr\/figaro\/faits-divers\/huile-dolive-plastifiants-et-hydrocarbures-retrouves-dans-des-bouteilles-20250424\" data-fig-type=\"Video\" data-gtm-custom-categorie=\"navigation\" data-gtm-custom-action=\"crossclick\" data-gtm-custom-label=\"Contextuel\" data-gtm-event=\"customEventSPE\" data-fig-domain=\"LEFIGARO\" target=\"_blank\" rel=\"noopener\">\u00a0importations d&rsquo;huile d&rsquo;olive<\/a>, notamment en provenance de Tunisie. Certes, plus de 90% de l&rsquo;huile d&rsquo;olive consomm\u00e9e dans l&rsquo;UE est produite sur le continent, avec des \u00abcontr\u00f4les bien \u00e9tablis\u00bb sur les r\u00e9sidus de pesticides.<\/p>\n<p class=\"fig-paragraph\">Mais le rapport souligne les lacunes pour l&rsquo;huile d&rsquo;olive import\u00e9e, qui repr\u00e9sente 9% du march\u00e9 europ\u00e9en, principalement en provenance de Tunisie et, \u00e0 la marge, de Turquie, d&rsquo;Argentine ou du Maroc. Pour ces importations, les contr\u00f4les aux fronti\u00e8res \u00absur la pr\u00e9sence de pesticides et d&rsquo;autres contaminants sont soit inexistants soit tr\u00e8s limit\u00e9s dans les \u00c9tats membres visit\u00e9s\u00bb durant l&rsquo;audit (Belgique, Espagne, Gr\u00e8ce, Italie), rel\u00e8ve la Cour des comptes europ\u00e9enne.<\/p>\n<p>                                            <a class=\"fig-a11y-skip\" href=\"#fig-a11y-skip-main-inarticle\" data-module=\"a11y-skip\" data-context=\"was @visible\"><br \/>\n    Passer la publicit\u00e9<br \/>\n<\/a>            <\/p>\n<p class=\"fig-paragraph\">En Italie, \u00aben 2023 et 2024, aucun chargement d&rsquo;huile d&rsquo;olive n&rsquo;a \u00e9t\u00e9 contr\u00f4l\u00e9 aux principaux points d&rsquo;entr\u00e9e de ce produit\u00bb, selon ce rapport. En Espagne, entre 2018 et 2023, seuls trois \u00e9chantillons ont \u00e9t\u00e9 analys\u00e9s pour d\u00e9celer la pr\u00e9sence de r\u00e9sidus de pesticides et cinquante pour celle d&rsquo;autres contaminants. \u00abLa Belgique ne pr\u00e9voit aucun contr\u00f4le de l&rsquo;huile d&rsquo;olive aux postes de contr\u00f4le frontaliers et la Gr\u00e8ce n&rsquo;a introduit ces contr\u00f4les qu&rsquo;en 2024\u00bb, affirme la Cour.<\/p>\n<p>                                            Un sujet inflammable pour les agriculteurs europ\u00e9ens<\/p>\n<p class=\"fig-paragraph\">R\u00e9agissant \u00e0 ce rapport, la Commission europ\u00e9enne a soulign\u00e9 que l&rsquo;huile d&rsquo;olive import\u00e9e \u00abdoit \u00eatre contr\u00f4l\u00e9e de la m\u00eame mani\u00e8re que la production europ\u00e9enne\u00bb et a propos\u00e9 son \u00abassistance technique\u00bb pour \u00absoutenir\u00bb les \u00c9tats membres, en charge de ces contr\u00f4les. La pr\u00e9sence \u00e9ventuelle dans les importations vers l&rsquo;Europe de pesticides interdits dans l&rsquo;UE est un sujet inflammable pour les agriculteurs europ\u00e9ens.<\/p>\n<p class=\"fig-paragraph\">Ce rapport \u00abconfirme encore davantage la pr\u00e9occupation de l&rsquo;agriculture europ\u00e9enne quant au manque de contr\u00f4les\u00bb, a r\u00e9agi le Copa-Cogeca, qui regroupe les principaux syndicats agricoles d&rsquo;Europe. \u00abIl s&rsquo;agit d&rsquo;une question d&rsquo;\u00e9quit\u00e9\u00bb commerciale et \u00abde protection des consommateurs\u00bb, afin de \u00abne pas fragiliser des secteurs strat\u00e9giques europ\u00e9ens, tels que l&rsquo;huile d&rsquo;olive\u00bb, a soulign\u00e9 cette organisation.<\/p>\n<p class=\"fig-paragraph\">Les syndicats agricoles europ\u00e9ens combattent actuellement l&rsquo;accord de libre-\u00e9change avec les pays latino-am\u00e9ricains du Mercosur, pointant notamment du doigt le manque de contr\u00f4les en mati\u00e8re de pesticides. Pour tenter de les rassurer, la Commission europ\u00e9enne a promis en d\u00e9cembre une hausse de 50% du nombre de contr\u00f4les \u00e0 l&rsquo;\u00e9tranger dans les deux ans qui viennent et une augmentation de 33% des audits aux postes-fronti\u00e8res.<\/p>\n<p class=\"fig-paragraph\">Sous la pression de la France et de l&rsquo;Italie, la Commission europ\u00e9enne s&rsquo;est aussi engag\u00e9e \u00e0 l\u00e9gif\u00e9rer sur les r\u00e9sidus de pesticides (LMR), autoris\u00e9s actuellement quand ces traces sont minimes. D\u00e9but janvier, elle a promis d&rsquo;interdire totalement trois substances (carbendazime, b\u00e9nomyl et thiophanate-m\u00e9thyl) dans les produits import\u00e9s, notamment dans les agrumes, les mangues ou les papayes.<\/p>\n","protected":false},"excerpt":{"rendered":"Pour ces importations, les contr\u00f4les aux fronti\u00e8res \u00absur la pr\u00e9sence de pesticides et d\u2019autres contaminants sont soit inexistants&hellip;\n","protected":false},"author":2,"featured_media":663402,"comment_status":"","ping_status":"","sticky":false,"template":"","format":"standard","meta":{"footnotes":""},"categories":[1586],"tags":[11,1777,674,1779,1011,27,6068,12,2091,25,1778,364],"class_list":{"0":"post-663401","1":"post","2":"type-post","3":"status-publish","4":"format-standard","5":"has-post-thumbnail","7":"category-europe","8":"tag-actualites","9":"tag-eu","10":"tag-europe","11":"tag-european-union","12":"tag-fr","13":"tag-france","14":"tag-huile-dolive","15":"tag-news","16":"tag-pesticides","17":"tag-republique-francaise","18":"tag-ue","19":"tag-union-europeenne"},"share_on_mastodon":{"url":"https:\/\/pubeurope.com\/@fr\/115894577059177321","error":""},"_links":{"self":[{"href":"https:\/\/www.europesays.com\/fr\/wp-json\/wp\/v2\/posts\/663401","targetHints":{"allow":["GET"]}}],"collection":[{"href":"https:\/\/www.europesays.com\/fr\/wp-json\/wp\/v2\/posts"}],"about":[{"href":"https:\/\/www.europesays.com\/fr\/wp-json\/wp\/v2\/types\/post"}],"author":[{"embeddable":true,"href":"https:\/\/www.europesays.com\/fr\/wp-json\/wp\/v2\/users\/2"}],"replies":[{"embeddable":true,"href":"https:\/\/www.europesays.com\/fr\/wp-json\/wp\/v2\/comments?post=663401"}],"version-history":[{"count":0,"href":"https:\/\/www.europesays.com\/fr\/wp-json\/wp\/v2\/posts\/663401\/revisions"}],"wp:featuredmedia":[{"embeddable":true,"href":"https:\/\/www.europesays.com\/fr\/wp-json\/wp\/v2\/media\/663402"}],"wp:attachment":[{"href":"https:\/\/www.europesays.com\/fr\/wp-json\/wp\/v2\/media?parent=663401"}],"wp:term":[{"taxonomy":"category","embeddable":true,"href":"https:\/\/www.europesays.com\/fr\/wp-json\/wp\/v2\/categories?post=663401"},{"taxonomy":"post_tag","embeddable":true,"href":"https:\/\/www.europesays.com\/fr\/wp-json\/wp\/v2\/tags?post=663401"}],"curies":[{"name":"wp","href":"https:\/\/api.w.org\/{rel}","templated":true}]}}