{"id":663407,"date":"2026-01-14T17:16:13","date_gmt":"2026-01-14T17:16:13","guid":{"rendered":"https:\/\/www.europesays.com\/fr\/663407\/"},"modified":"2026-01-14T17:16:13","modified_gmt":"2026-01-14T17:16:13","slug":"anne-sophie-cruque-est-nommee-directrice-generale-domnicom-media-france","status":"publish","type":"post","link":"https:\/\/www.europesays.com\/fr\/663407\/","title":{"rendered":"Anne-Sophie Cruque est nomm\u00e9e directrice g\u00e9n\u00e9rale d&rsquo;Omnicom Media France"},"content":{"rendered":"<p>Omnicom Media France accueille Anne-Sophie Cruque au poste de directrice g\u00e9n\u00e9rale, avec une prise de fonction effective ce mardi 14 janvier. Elle int\u00e8gre la direction aux c\u00f4t\u00e9s de Benjamin Grumbach et Franck Farrugia, co-CEOs d\u2019Omnicom Media France. Cette nomination intervient dans un contexte de transformation majeure pour le groupe, alors qu\u2019Omnicom vient de finaliser l\u2019acquisition d\u2019Interpublic Group (IPG), formant ainsi le premier groupe de communication mondial.<\/p>\n<p>\u00a0<\/p>\n<p><img loading=\"lazy\" decoding=\"async\" class=\"wp-image-140028 size-full perfmatters-lazy\" alt=\"jupdlc-anne-sophie-cruque-directrice-generale-omnicom-media-france\" width=\"1200\" height=\"628\" src=\"https:\/\/www.europesays.com\/fr\/wp-content\/uploads\/2026\/01\/jupdlc-anne-sophie-cruque-directrice-generale-omnicom-media-france-1.jpg\"  data-\/>Cr\u00e9dit photo : LinkedIn<\/p>\n<p>\u00a0<\/p>\n<p><strong>Un retour aux sources pour une figure du media<\/strong><\/p>\n<p>Avec plus de 25 ans d\u2019exp\u00e9rience dans les agences m\u00e9dia, <a href=\"https:\/\/www.linkedin.com\/in\/anne-sophie-cruque-79b2b154\/?originalSubdomain=fr\" target=\"_blank\" rel=\"noopener nofollow\">Anne-Sophie Cruque<\/a> marque un retour symbolique chez Omnicom Media, le groupe o\u00f9 elle avait d\u00e9but\u00e9 sa carri\u00e8re. Entre-temps, elle a occup\u00e9 plusieurs postes de direction strat\u00e9giques chez Publicis Media, Starcom-MediaVest et Fullsix Media, lui conf\u00e9rant une connaissance approfondie du march\u00e9 fran\u00e7ais et de ses enjeux. Plus r\u00e9cemment, elle occupait le poste de CEO de Biggie France &amp; Managing Partner de Biggie Group depuis d\u00e9but 2024.<\/p>\n<p>Les co-CEOs d\u2019Omnicom Media France saluent l\u2019arriv\u00e9e d\u2019une professionnelle reconnue du march\u00e9, dont l\u2019expertise technique et la capacit\u00e9 \u00e0 f\u00e9d\u00e9rer les \u00e9quipes sont des atouts strat\u00e9giques pour accompagner le d\u00e9veloppement du groupe en France. Son profil conjugue \u00e0 la fois une vision business et une culture du collectif, deux dimensions essentielles dans un secteur en pleine mutation.<\/p>\n<p>\u00a0<\/p>\n<p><strong>Une nomination strat\u00e9gique dans un contexte de consolidation<\/strong><\/p>\n<p>L\u2019arriv\u00e9e d\u2019Anne-Sophie Cruque s\u2019inscrit dans une p\u00e9riode charni\u00e8re pour Omnicom Media.<a href=\"https:\/\/jai-un-pote-dans-la.com\/rachat-omnicom-ipg\/\" target=\"_blank\" rel=\"noopener nofollow\"> Le rapprochement avec IPG<\/a> renforce consid\u00e9rablement le poids du groupe \u00e0 l\u2019\u00e9chelle mondiale et \u00e9largit son portefeuille d\u2019expertises. Cette fusion cr\u00e9e un leader mondial disposant d\u2019une combinaison d\u2019agences, de technologies et de talents sans pr\u00e9c\u00e9dent.<\/p>\n<p>\n<\/p>\n<p style=\"text-align: center;\">\u00c0 d\u00e9couvrir sur JUPDLC<\/p>\n<p><a data-no-instant=\"1\" href=\"https:\/\/www.cybercite.fr\/ressources\/livres-blancs\/more-traffic-more-business-n9-du-clic-a-la-conversion-un-marketing-digital-performant?utm_source=com_cybercite&amp;utm_medium=jaiunpotedanslacom&amp;utm_campaign=mtmb-2026\" rel=\"noopener nofollow\" class=\"a2t-link\" aria-label=\"CyberCite_MTMB2026_JUPDLC 970\u00d7250\" target=\"_blank\"><img loading=\"lazy\" decoding=\"async\" alt=\"\" width=\"970\" height=\"250\" class=\"perfmatters-lazy\" src=\"https:\/\/www.europesays.com\/fr\/wp-content\/uploads\/2026\/01\/CyberCite_MTMB2026_JUPDLC-970x250-1.png\"\/><\/a><\/p>\n<p>L\u2019objectif affich\u00e9 pour le march\u00e9 fran\u00e7ais est clair : consolider le leadership d\u2019Omnicom Media et accompagner les transformations du secteur dans un environnement particuli\u00e8rement dynamique, marqu\u00e9 par l\u2019essor de l\u2019IA, la fragmentation des audiences et l\u2019\u00e9volution des mod\u00e8les de mesure.<\/p>\n<p>\u00a0<\/p>\n<p><strong>Excellence op\u00e9rationnelle et d\u00e9veloppement des talents<\/strong><\/p>\n<p>Anne-Sophie Cruque place l\u2019excellence du service client et le d\u00e9veloppement des talents au c\u0153ur de ses priorit\u00e9s. Sa mission consistera \u00e0 piloter cette nouvelle phase, en s\u2019appuyant sur son expertise en transformation des organisations, d\u00e9veloppement commercial et management d\u2019\u00e9quipes.<\/p>\n<p>\u00c0 noter \u00e9galement : cette annonce confirme le changement de nom du groupe, qui abandonne le sigle OMG pour devenir simplement Omnicom Media France.<\/p>\n","protected":false},"excerpt":{"rendered":"Omnicom Media France accueille Anne-Sophie Cruque au poste de directrice g\u00e9n\u00e9rale, avec une prise de fonction effective ce&hellip;\n","protected":false},"author":2,"featured_media":663408,"comment_status":"","ping_status":"","sticky":false,"template":"","format":"standard","meta":{"footnotes":"","_share_on_mastodon":"0"},"categories":[4],"tags":[11,1011,27,1434,49737,12,76456,76457,25],"class_list":["post-663407","post","type-post","status-publish","format-standard","has-post-thumbnail","category-france","tag-actualites","tag-fr","tag-france","tag-mercato","tag-mouvements","tag-news","tag-omnicom","tag-omnicom-media-france","tag-republique-francaise"],"share_on_mastodon":{"url":"https:\/\/pubeurope.com\/@fr\/115894588832138071","error":""},"_links":{"self":[{"href":"https:\/\/www.europesays.com\/fr\/wp-json\/wp\/v2\/posts\/663407","targetHints":{"allow":["GET"]}}],"collection":[{"href":"https:\/\/www.europesays.com\/fr\/wp-json\/wp\/v2\/posts"}],"about":[{"href":"https:\/\/www.europesays.com\/fr\/wp-json\/wp\/v2\/types\/post"}],"author":[{"embeddable":true,"href":"https:\/\/www.europesays.com\/fr\/wp-json\/wp\/v2\/users\/2"}],"replies":[{"embeddable":true,"href":"https:\/\/www.europesays.com\/fr\/wp-json\/wp\/v2\/comments?post=663407"}],"version-history":[{"count":0,"href":"https:\/\/www.europesays.com\/fr\/wp-json\/wp\/v2\/posts\/663407\/revisions"}],"wp:featuredmedia":[{"embeddable":true,"href":"https:\/\/www.europesays.com\/fr\/wp-json\/wp\/v2\/media\/663408"}],"wp:attachment":[{"href":"https:\/\/www.europesays.com\/fr\/wp-json\/wp\/v2\/media?parent=663407"}],"wp:term":[{"taxonomy":"category","embeddable":true,"href":"https:\/\/www.europesays.com\/fr\/wp-json\/wp\/v2\/categories?post=663407"},{"taxonomy":"post_tag","embeddable":true,"href":"https:\/\/www.europesays.com\/fr\/wp-json\/wp\/v2\/tags?post=663407"}],"curies":[{"name":"wp","href":"https:\/\/api.w.org\/{rel}","templated":true}]}}