{"id":663409,"date":"2026-01-14T17:19:09","date_gmt":"2026-01-14T17:19:09","guid":{"rendered":"https:\/\/www.europesays.com\/fr\/663409\/"},"modified":"2026-01-14T17:19:09","modified_gmt":"2026-01-14T17:19:09","slug":"antoine-dupont-un-probleme-pour-le-xv-de-france","status":"publish","type":"post","link":"https:\/\/www.europesays.com\/fr\/663409\/","title":{"rendered":"Antoine Dupont, un probl\u00e8me pour le XV de France"},"content":{"rendered":"<p><strong>A l&rsquo;approche du Tournoi des Six<br \/>\nNations, le XV de France fait face \u00e0 une petite h\u00e9catombe au poste<br \/>\nde demi-de-m\u00eal\u00e9e, celui d&rsquo;Antoine Dupont.<\/strong><\/p>\n<p>D\u2019un extr\u00eame \u00e0 l\u2019autre. Apr\u00e8s avoir d\u00fb g\u00e9rer la vie sans Antoine<br \/>\nDupont lors de la fin du Tournoi des Six Nations 2025, le XV de<br \/>\nFrance va prier pour que le demi-de-m\u00eal\u00e9e du Stade Toulousain \u00e9vite<br \/>\nles blessures d\u2019ici le d\u00e9but de l\u2019\u00e9dition 2026. Car cette fois, ce<br \/>\nsont toutes ses doublures habituelles qui sont \u00e0 l\u2019infirmerie.<\/p>\n<p>Fin d\u00e9cembre, c\u2019est Baptiste Jauneau (Clermont) qui \u00e9tait<br \/>\nannonc\u00e9 absent pour six \u00e0 huit semaines. D\u00e9but janvier, Maxime Lucu<br \/>\n(Bordeaux-B\u00e8gles) en prenait pour quatre \u00e0 six semaines en raison<br \/>\nd\u2019une entorse du genou. Et ces derniers jours, c\u2019est Nolann Le<br \/>\nGarrec (La Rochelle) qui a \u00e9cop\u00e9 d\u2019au minimum trois semaines<br \/>\nd\u2019arr\u00eat en raison d\u2019une blessure \u00e0 la cuisse.<\/p>\n<blockquote class=\"twitter-tweet\"><p><a class=\"twitter-link\" rel=\"noindex, nofollow noopener\" href=\"https:\/\/twitter.com\/sports_fr\/status\/2011391937144558022\" target=\"_blank\"><\/p><\/blockquote>\n<p>Clairement, aucun de ces trois n\u00b09 ne devrait pouvoir \u00eatre<br \/>\nop\u00e9rationnel pour le choc France-Irlande le 5 f\u00e9vrier. Ils<br \/>\ndevraient tous revenir dans le courant du mois de f\u00e9vrier, et il<br \/>\nreste \u00e0 voir si Fabien Galthi\u00e9 pourra compter sur eux au Pays de<br \/>\nGalles (le 15) ou contre l\u2019Italie (le 22).<\/p>\n<p>Qui pour remplacer Dupont ?<\/p>\n<p>Sauf p\u00e9pin, Antoine Dupont sera bien s\u00fbr titulaire pour ces<br \/>\nrencontres. Mais qui pourrait le suppl\u00e9er en cas de besoin ?<br \/>\nBaptiste Serin (31 ans, 46 s\u00e9lections) serait l\u2019option la plus<br \/>\nlogique, mais le Toulonnais n\u2019est pas un habitu\u00e9 des listes de<br \/>\nGalthi\u00e9. Ses deux derni\u00e8res s\u00e9lections remontent \u00e0 la tourn\u00e9e d\u2019\u00e9t\u00e9<br \/>\n2024 en Argentine, les deux pr\u00e9c\u00e9dentes aux matches de pr\u00e9paration<br \/>\nde la Coupe du monde 2023.<\/p>\n<p>Parmi les autres options, on peut citer Baptiste Couilloud<br \/>\n(Lyon, 28 ans, 17 s\u00e9lections) ou encore Thibault Daubagna (Pau, 31<br \/>\nans, 2 s\u00e9lections). Ou pourquoi pas Paul Graou, la doublure<br \/>\nattitr\u00e9e d\u2019Antoine Dupont au Stade Toulousain, qui n\u2019a encore<br \/>\njamais port\u00e9 le maillot du XV de France.<\/p>\n<p><script async src=\"https:\/\/platform.twitter.com\/widgets.js\" charset=\"utf-8\"><\/script><\/p>\n","protected":false},"excerpt":{"rendered":"A l&rsquo;approche du Tournoi des Six Nations, le XV de France fait face \u00e0 une petite h\u00e9catombe au&hellip;\n","protected":false},"author":2,"featured_media":558055,"comment_status":"","ping_status":"","sticky":false,"template":"","format":"standard","meta":{"footnotes":""},"categories":[1416],"tags":[1011,27,479,1468,60],"class_list":{"0":"post-663409","1":"post","2":"type-post","3":"status-publish","4":"format-standard","5":"has-post-thumbnail","7":"category-rugby","8":"tag-fr","9":"tag-france","10":"tag-rugby","11":"tag-rugby-football","12":"tag-sports"},"share_on_mastodon":{"url":"https:\/\/pubeurope.com\/@fr\/115894600560031692","error":""},"_links":{"self":[{"href":"https:\/\/www.europesays.com\/fr\/wp-json\/wp\/v2\/posts\/663409","targetHints":{"allow":["GET"]}}],"collection":[{"href":"https:\/\/www.europesays.com\/fr\/wp-json\/wp\/v2\/posts"}],"about":[{"href":"https:\/\/www.europesays.com\/fr\/wp-json\/wp\/v2\/types\/post"}],"author":[{"embeddable":true,"href":"https:\/\/www.europesays.com\/fr\/wp-json\/wp\/v2\/users\/2"}],"replies":[{"embeddable":true,"href":"https:\/\/www.europesays.com\/fr\/wp-json\/wp\/v2\/comments?post=663409"}],"version-history":[{"count":0,"href":"https:\/\/www.europesays.com\/fr\/wp-json\/wp\/v2\/posts\/663409\/revisions"}],"wp:featuredmedia":[{"embeddable":true,"href":"https:\/\/www.europesays.com\/fr\/wp-json\/wp\/v2\/media\/558055"}],"wp:attachment":[{"href":"https:\/\/www.europesays.com\/fr\/wp-json\/wp\/v2\/media?parent=663409"}],"wp:term":[{"taxonomy":"category","embeddable":true,"href":"https:\/\/www.europesays.com\/fr\/wp-json\/wp\/v2\/categories?post=663409"},{"taxonomy":"post_tag","embeddable":true,"href":"https:\/\/www.europesays.com\/fr\/wp-json\/wp\/v2\/tags?post=663409"}],"curies":[{"name":"wp","href":"https:\/\/api.w.org\/{rel}","templated":true}]}}