{"id":663411,"date":"2026-01-14T17:24:10","date_gmt":"2026-01-14T17:24:10","guid":{"rendered":"https:\/\/www.europesays.com\/fr\/663411\/"},"modified":"2026-01-14T17:24:10","modified_gmt":"2026-01-14T17:24:10","slug":"pierre-le-bourhis-a-tout-perdu-dans-la-premiere-ligne-droite-actualite","status":"publish","type":"post","link":"https:\/\/www.europesays.com\/fr\/663411\/","title":{"rendered":"Pierre Le Bourhis a tout perdu dans la premi\u00e8re ligne droite &#8211; Actualit\u00e9"},"content":{"rendered":"<p style=\"text-align: justify;\">Au bout de la ligne droite de d\u00e9part \u00e0 Troyes, <strong><a href=\"https:\/\/www.directvelo.com\/coureur\/53243\/pierre-le-bourhis\" target=\"_blank\" rel=\"noopener\">Pierre Le Bourhis<\/a><\/strong> en avait d\u00e9j\u00e0 termin\u00e9 avec ses chances de bien figurer au classement du Championnat de France Juniors de cyclo-cross. \u00ab\u00a0Je rate ma p\u00e9dale, c&rsquo;est comme \u00e7a. C&rsquo;est un fait de course. Je dois la rater vraiment fort parce que j&rsquo;ai d\u00e9raill\u00e9 direct. Puis impossible de remettre en route, j&rsquo;ai mis du temps \u00e0 remettre la cha\u00eene\u00a0\u00bb. Loin derri\u00e8re tout le monde, le Breton a malgr\u00e9 tout vite retrouv\u00e9 des coureurs sur sa route. \u00ab\u00a0Je reviens assez vite sur la queue. J&rsquo;ai eu du mal \u00e0 me mettre dedans. J&rsquo;ai eu quelques ennuis avec des coureurs qui m&#8217;emb\u00eataient un peu. Ils poussaient un peu et ils balan\u00e7aient leur v\u00e9lo sur moi. Mais je me suis quand m\u00eame bien d\u00e9brouill\u00e9. J&rsquo;ai r\u00e9ussi \u00e0 remonter\u00a0\u00bb.<\/p>\n<p style=\"text-align: justify;\">Sur le moment, Pierre Le Bourhis n&rsquo;a pas voulu c\u00e9der \u00e0 la panique. \u00ab\u00a0Je me suis dit que c&rsquo;\u00e9tait un peu un cauchemar, que ce n&rsquo;\u00e9tait pas vrai. Je suis bien loin de mes attentes. Mais je savais que c&rsquo;\u00e9tait fichu apr\u00e8s ce d\u00e9part. J&rsquo;ai juste essay\u00e9 de faire un semblant de course, de ne pas baisser les bras, prendre un peu de plaisir m\u00eame si c&rsquo;\u00e9tait dur apr\u00e8s \u00e7a\u00a0\u00bb. Concentr\u00e9, le soci\u00e9taire du VC Pays de Loud\u00e9ac a l\u00e2ch\u00e9 les nerfs une fois la ligne pass\u00e9e. \u00ab\u00a0J&rsquo;ai l\u00e2ch\u00e9 un peu les \u00e9motions. Mais pendant la course, j&rsquo;ai quand m\u00eame essay\u00e9 de bien rester concentr\u00e9 pour essayer de rester fort mentalement. Et je pense que j&rsquo;ai r\u00e9ussi \u00e0 le faire\u00a0\u00bb.<\/p>\n<p><strong>\u00ab J&rsquo;AI BESOIN DE COUPER \u00bb<\/strong><\/p>\n<p><strong><a href=\"https:\/\/www.directvelo.com\/actualite\/126357\/cc-championnat-de-france-u19-hommes-classement\" target=\"_blank\" rel=\"noopener\">Finalement aux portes du Top 15<\/a><\/strong>, la remont\u00e9e est plus qu&rsquo;honorable. Mais pas assez pour le principal int\u00e9ress\u00e9. \u00ab\u00a0Ce n&rsquo;est pas forc\u00e9ment la remont\u00e9e que j&rsquo;esp\u00e9rais. J&rsquo;esp\u00e9rais pourquoi pas aller chercher un Top 10. Le premier tour \u00e9tait assez correct mais j&rsquo;ai encore d\u00e9raill\u00e9. J&rsquo;ai rebloqu\u00e9 ma cha\u00eene et je reperds encore quinze places. Je suis forc\u00e9ment d\u00e9\u00e7u. Je n&rsquo;\u00e9tais pas venu l\u00e0 pour \u00e7a. J&rsquo;esp\u00e9rais quand m\u00eame un bon Top 5 \u00e0 la base\u00a0\u00bb. Rien n&rsquo;indique n\u00e9anmoins que sa condition le lui aurait permis. \u00ab\u00a0Avec des si&#8230; J&rsquo;avais des jambes correctes. Mais je ne sais pas si j&rsquo;aurais eu des jambes assez bonnes pour pouvoir accrocher un Top 5\u00a0\u00bb.<\/p>\n<p>Pierre Le Bourhis garde du positif de sa saison. \u00ab\u00a0J&rsquo;ai coch\u00e9 beaucoup de cases. C&rsquo;\u00e9tait la derni\u00e8re case que je voulais vraiment cocher donc on finit sur une mauvaise note. Mais il y a eu un beau podium au g\u00e9n\u00e9ral de la Coupe de France et \u00e0 Quelneuc\u00a0\u00bb. D\u00e9sormais, il ne devrait pas aller plus loin dans l&rsquo;hiver. \u00ab\u00a0Je vais mettre le cross de c\u00f4t\u00e9 maintenant. Je vais me concentrer sur la route. Je vais peut-\u00eatre faire une derni\u00e8re course le week-end prochain pour porter mon maillot de Champion de Bretagne. Apr\u00e8s, je vais faire une petite pause, redescendre un peu parce que j&rsquo;ai besoin de couper. C&rsquo;est assez dur pour le moment\u00a0\u00bb. Heureusement, la route est encore loin.<\/p>\n","protected":false},"excerpt":{"rendered":"Au bout de la ligne droite de d\u00e9part \u00e0 Troyes, Pierre Le Bourhis en avait d\u00e9j\u00e0 termin\u00e9 avec&hellip;\n","protected":false},"author":2,"featured_media":663412,"comment_status":"","ping_status":"","sticky":false,"template":"","format":"standard","meta":{"footnotes":""},"categories":[1411],"tags":[834,828,836,829,837,827,83,826,824,823,1154,207,814,817,815,816,822,821,832,211,839,1011,27,820,818,819,835,831,830,833,838,60,212,208,825],"class_list":{"0":"post-663411","1":"post","2":"type-post","3":"status-publish","4":"format-standard","5":"has-post-thumbnail","7":"category-cyclisme","8":"tag-attaque","9":"tag-belgique","10":"tag-braquet","11":"tag-bretagne","12":"tag-chute","13":"tag-competition","14":"tag-coupe-de-france","15":"tag-coureur","16":"tag-course-cyclisme","17":"tag-course-cycliste","18":"tag-cycling","19":"tag-cyclisme","20":"tag-direct","21":"tag-direct-velo","22":"tag-directvelo","23":"tag-directvelo-com","24":"tag-epreuve","25":"tag-epreuve-cycliste","26":"tag-federation-francaise-de-cyclisme","27":"tag-ffc","28":"tag-flandres","29":"tag-fr","30":"tag-france","31":"tag-live","32":"tag-live-course","33":"tag-live-epreuve","34":"tag-peloton","35":"tag-radio-peloton","36":"tag-radio-tour","37":"tag-ravitaillement","38":"tag-relance","39":"tag-sports","40":"tag-uci","41":"tag-velo","42":"tag-velos"},"share_on_mastodon":{"url":"https:\/\/pubeurope.com\/@fr\/115894620229097063","error":""},"_links":{"self":[{"href":"https:\/\/www.europesays.com\/fr\/wp-json\/wp\/v2\/posts\/663411","targetHints":{"allow":["GET"]}}],"collection":[{"href":"https:\/\/www.europesays.com\/fr\/wp-json\/wp\/v2\/posts"}],"about":[{"href":"https:\/\/www.europesays.com\/fr\/wp-json\/wp\/v2\/types\/post"}],"author":[{"embeddable":true,"href":"https:\/\/www.europesays.com\/fr\/wp-json\/wp\/v2\/users\/2"}],"replies":[{"embeddable":true,"href":"https:\/\/www.europesays.com\/fr\/wp-json\/wp\/v2\/comments?post=663411"}],"version-history":[{"count":0,"href":"https:\/\/www.europesays.com\/fr\/wp-json\/wp\/v2\/posts\/663411\/revisions"}],"wp:featuredmedia":[{"embeddable":true,"href":"https:\/\/www.europesays.com\/fr\/wp-json\/wp\/v2\/media\/663412"}],"wp:attachment":[{"href":"https:\/\/www.europesays.com\/fr\/wp-json\/wp\/v2\/media?parent=663411"}],"wp:term":[{"taxonomy":"category","embeddable":true,"href":"https:\/\/www.europesays.com\/fr\/wp-json\/wp\/v2\/categories?post=663411"},{"taxonomy":"post_tag","embeddable":true,"href":"https:\/\/www.europesays.com\/fr\/wp-json\/wp\/v2\/tags?post=663411"}],"curies":[{"name":"wp","href":"https:\/\/api.w.org\/{rel}","templated":true}]}}