{"id":663417,"date":"2026-01-14T17:27:10","date_gmt":"2026-01-14T17:27:10","guid":{"rendered":"https:\/\/www.europesays.com\/fr\/663417\/"},"modified":"2026-01-14T17:27:10","modified_gmt":"2026-01-14T17:27:10","slug":"ces-3-tendances-ephemeres-menacent-votre-interieur","status":"publish","type":"post","link":"https:\/\/www.europesays.com\/fr\/663417\/","title":{"rendered":"Ces 3 tendances \u00e9ph\u00e9m\u00e8res menacent votre int\u00e9rieur"},"content":{"rendered":"<p>\u00c0 force de scroller, la d\u00e9coration est devenue un terrain de jeu<br \/>\nultra-rapide, domin\u00e9 par des micro-tendances qui promettent un<br \/>\nint\u00e9rieur spectaculaire\u2026 mais vieillissent souvent tr\u00e8s mal. Selon<br \/>\nplusieurs designers, ces modes virales, pens\u00e9es pour les r\u00e9seaux<br \/>\nsociaux plus que pour la vraie vie, peuvent rapidement g\u00e9n\u00e9rer<br \/>\nfatigue visuelle, lassitude et regrets. Or, en 2026 plus que<br \/>\njamais, la maison redevient un refuge : un lieu cens\u00e9 apaiser,<br \/>\nporter chance et durer. Voici les trois tendances d\u00e9co \u00e0 \u00e9viter, si<br \/>\nvous souhaitez un int\u00e9rieur \u00e9quilibr\u00e9, serein&#8230; et intemporel.<\/p>\n<p>Les tendances en \u00ab\u00a0-core\u00a0\u00bb : un d\u00e9cor trop fig\u00e9 pour durer<\/p>\n<p>Cottagecore, <a href=\"https:\/\/www.lejournaldelamaison.fr\/le-journal-de-la-maison\/nouveautes\/tendances\/tendances-deco\/coastal-grandma-tendance-deco-maison-plage-520462.html\" target=\"_blank\" rel=\"noopener\"><br \/>\ngrandmacore<\/a>, fairycore\u2026 Derri\u00e8re ces appellations s\u00e9duisantes<br \/>\nse cachent souvent des univers tr\u00e8s <strong>codifi\u00e9s,<\/strong><br \/>\nparfois trop. Pour Nicole Cole, architecte d\u00a0\u00bbint\u00e9rieur, les styles<br \/>\nen \u00ab\u00a0-core\u00a0\u00bbsont probl\u00e9matiques car ils enferment la d\u00e9coration dans<br \/>\nune seule lecture, sans marge d\u2019\u00e9volution. Le<br \/>\n<strong>cottagecore<\/strong>, par exemple, peut rapidement basculer<br \/>\ndans l\u2019exc\u00e8s : <strong>accumulation de fleurs, de dentelles, de<br \/>\nvolants, jusqu\u2019\u00e0 cr\u00e9er une atmosph\u00e8re fig\u00e9e, presque<br \/>\nnostalgique<\/strong>.<\/p>\n<p>Lauren Saab, designer, rappelle que lorsque tout est doux et<br \/>\nd\u00e9coratif, l\u2019espace peut perdre son ancrage dans le pr\u00e9sent, et<br \/>\ndonc son <strong>confort<\/strong> sur le long terme. Les chiffres<br \/>\nconfirment cette fragilit\u00e9 : selon une \u00e9tude men\u00e9e par Level<br \/>\nFrames, <strong>les tendances d\u00e9co<\/strong> ont aujourd\u2019hui une<br \/>\ndur\u00e9e de vie moyenne de 10 mois seulement. Certaines, comme le<br \/>\n<strong>weirdcore<\/strong>, ont vu leur popularit\u00e9 chuter de plus<br \/>\nde 17 % en un an. En 2026, si vous ne voulez pas vous lasser, mieux<br \/>\nvaut \u00e9viter les univers trop litt\u00e9raux et privil\u00e9gier une<br \/>\nd\u00e9coration capable d\u2019\u00e9voluer avec vous.<\/p>\n<p>Dopamine decor et maximalisme excessif : quand trop stimule\u2026<br \/>\ntrop<\/p>\n<p>Couleurs satur\u00e9es, objets joyeux \u00e0 foison, m\u00e9langes audacieux :<br \/>\nla <a href=\"https:\/\/www.lejournaldelamaison.fr\/maison\/dans-la-chambre-la-dopamine-ne-vient-pas-que-de-la-couleur-rosa-lahoz-devoile-comment-textures-lumiere-et-odeurs-changent-tout-sans-ruiner-le-sommeil-527995.html\" target=\"_blank\" rel=\"noopener\"><br \/>\ndopamine decor<\/a> promet une maison euphorisante. Mais dans la<br \/>\nr\u00e9alit\u00e9 quotidienne, l\u2019effet peut s\u2019inverser. Pour Courtney Cole,<br \/>\narchitecte d&rsquo;int\u00e9rieur chez <strong>Tile Cloud,<\/strong> cette<br \/>\napproche favorise souvent l\u2019accumulation au d\u00e9triment de<br \/>\nl\u2019harmonie, transformant l\u2019espace en source <strong>de surcharge<br \/>\nmentale<\/strong>.<\/p>\n<p>M\u00eame constat du c\u00f4t\u00e9 du maximalisme viral, tr\u00e8s populaire sur<br \/>\n<strong>TikTok<\/strong>. S\u2019il peut \u00eatre magnifique lorsqu\u2019il est<br \/>\nauthentique et ma\u00eetris\u00e9, il devient vite oppressant lorsqu\u2019il est<br \/>\npens\u00e9 uniquement pour \u00ab\u00a0faire le buzz\u00a0\u00bb. Un int\u00e9rieur heureux a aussi<br \/>\nbesoin de <strong>vide,<\/strong> de <strong>respirations<br \/>\nvisuelles<\/strong>, pour laisser l\u2019\u0153il -et l\u2019esprit- se reposer. En<br \/>\n<strong>2026<\/strong>, alors que le <strong>bien-\u00eatre<br \/>\nmental<\/strong> est au c\u0153ur des pr\u00e9occupations, les int\u00e9rieurs trop<br \/>\nstimulants risquent de produire l\u2019effet inverse de celui recherch\u00e9<br \/>\n: fatigue, agitation, sentiment de chaos. La chance, dans la<br \/>\nmaison, passe aussi par l\u2019\u00e9quilibre.<\/p>\n<blockquote class=\"instagram-media\" style=\"background: #ffffff;border: 0;margin: 1px;width: 100%;padding: 0;max-width: 500px;\" data-instgrm-permalink=\"https:\/\/www.instagram.com\/p\/C8H3e-Fxtes\/?hl=fr&amp;img_index=1\" data-instgrm-version=\"14\"\/><p>\nLa d\u00e9co inspir\u00e9e de la nourriture :<br \/>\ncharmante\u2026 mais \u00e9ph\u00e9m\u00e8re<\/p>\n<p><strong>Sardines, tomates, cerises, champignons<\/strong> : la<br \/>\n<strong>nourriture<\/strong> s\u2019est invit\u00e9e partout dans la d\u00e9co,<br \/>\nsouvent de mani\u00e8re tr\u00e8s litt\u00e9rale. Si ces r\u00e9f\u00e9rences fonctionnent<br \/>\nsur les r\u00e9seaux, elles vieillissent rarement bien dans un int\u00e9rieur<br \/>\nr\u00e9el. Pour Lauren Saab, le probl\u00e8me n\u2019est pas l\u2019inspiration<br \/>\nculinaire en soi, mais son interpr\u00e9tation trop directe, qui bascule<br \/>\nvite dans le <strong>kitsch<\/strong>.<\/p>\n<p>Il en est de m\u00eame pour la tendance \u00ab\u00a0champignon\u00a0\u00bb, pourtant plus<br \/>\ndurable que la moyenne, qui a depuis peu connu une baisse de<br \/>\npopularit\u00e9. En <strong>2026<\/strong>, mieux vaut s\u2019inspirer des<br \/>\n<a href=\"https:\/\/www.lejournaldelamaison.fr\/tendance-deco\/tendances-deco-2026-ces-7-couleurs-vont-envahir-votre-maison-dont-une-teinte-acide-qui-pourrait-vous-choquer-533262.html\" target=\"_blank\" rel=\"noopener\"><br \/>\ncouleurs<\/a>, mati\u00e8res ou ambiances plut\u00f4t que d\u2019objets figuratifs<br \/>\nqui risquent de lasser tr\u00e8s vite.<\/p>\n<p><script async src=\"\/\/www.instagram.com\/embed.js\"><\/script><\/p>\n","protected":false},"excerpt":{"rendered":"\u00c0 force de scroller, la d\u00e9coration est devenue un terrain de jeu ultra-rapide, domin\u00e9 par des micro-tendances qui&hellip;\n","protected":false},"author":2,"featured_media":663418,"comment_status":"","ping_status":"","sticky":false,"template":"","format":"standard","meta":{"footnotes":""},"categories":[1358],"tags":[55747,1348,1384,1385,76461,9122,76459,8117,1386,58,59,76460,12219,1011,27,4743,76462,26791,9346,72799,76458,18830,387,15161],"class_list":{"0":"post-663417","1":"post","2":"type-post","3":"status-publish","4":"format-standard","5":"has-post-thumbnail","7":"category-arts-et-design","8":"tag-accumulation","9":"tag-arts","10":"tag-arts-and-design","11":"tag-arts-et-design","12":"tag-attirent","13":"tag-ces","14":"tag-codifies","15":"tag-deco","16":"tag-design","17":"tag-divertissement","18":"tag-entertainment","19":"tag-ephemeres","20":"tag-et","21":"tag-fr","22":"tag-france","23":"tag-la","24":"tag-malchance","25":"tag-mentale","26":"tag-moral","27":"tag-ruinent","28":"tag-surcharge","29":"tag-tendances","30":"tag-univers","31":"tag-votre"},"share_on_mastodon":{"url":"https:\/\/pubeurope.com\/@fr\/115894631948429103","error":""},"_links":{"self":[{"href":"https:\/\/www.europesays.com\/fr\/wp-json\/wp\/v2\/posts\/663417","targetHints":{"allow":["GET"]}}],"collection":[{"href":"https:\/\/www.europesays.com\/fr\/wp-json\/wp\/v2\/posts"}],"about":[{"href":"https:\/\/www.europesays.com\/fr\/wp-json\/wp\/v2\/types\/post"}],"author":[{"embeddable":true,"href":"https:\/\/www.europesays.com\/fr\/wp-json\/wp\/v2\/users\/2"}],"replies":[{"embeddable":true,"href":"https:\/\/www.europesays.com\/fr\/wp-json\/wp\/v2\/comments?post=663417"}],"version-history":[{"count":0,"href":"https:\/\/www.europesays.com\/fr\/wp-json\/wp\/v2\/posts\/663417\/revisions"}],"wp:featuredmedia":[{"embeddable":true,"href":"https:\/\/www.europesays.com\/fr\/wp-json\/wp\/v2\/media\/663418"}],"wp:attachment":[{"href":"https:\/\/www.europesays.com\/fr\/wp-json\/wp\/v2\/media?parent=663417"}],"wp:term":[{"taxonomy":"category","embeddable":true,"href":"https:\/\/www.europesays.com\/fr\/wp-json\/wp\/v2\/categories?post=663417"},{"taxonomy":"post_tag","embeddable":true,"href":"https:\/\/www.europesays.com\/fr\/wp-json\/wp\/v2\/tags?post=663417"}],"curies":[{"name":"wp","href":"https:\/\/api.w.org\/{rel}","templated":true}]}}