{"id":663419,"date":"2026-01-14T17:29:10","date_gmt":"2026-01-14T17:29:10","guid":{"rendered":"https:\/\/www.europesays.com\/fr\/663419\/"},"modified":"2026-01-14T17:29:10","modified_gmt":"2026-01-14T17:29:10","slug":"aulas-incarne-une-forme-de-passe-dont-on-na-plus-trop-envie","status":"publish","type":"post","link":"https:\/\/www.europesays.com\/fr\/663419\/","title":{"rendered":"Aulas incarne une forme de pass\u00e9 dont on n&rsquo;a plus trop envie"},"content":{"rendered":"<p>Fran\u00e7ois Journy, chef de file de Place Publique aux \u00e9lections m\u00e9tropolitaines et coordinateur du projet pr\u00e9sent\u00e9 par Bruno Bernard, n&rsquo;est \u00e9videmment pas un grand fan de Jean-Michel Aulas. \u00ab\u00a0Est-ce que Jean-Michel Aulas incarne le d\u00e9veloppement \u00e9conomique ? Non, il incarne le business. C&rsquo;est une question trop importante pour la laisser aux businessmen. Ca ne se r\u00e9sume pas \u00e0 augmenter les dividendes vers\u00e9s aux actionnaires\u00a0\u00bb, tacle-t-il.<\/p>\n<p>Selon lui, son alliance avec V\u00e9ronique Sarselli est floue : \u00ab\u00a0Ils feraient bien de clarifier leur discours car ce qu&rsquo;ils portent chacun n&rsquo;est pas coh\u00e9rent. On n&rsquo;arrive pas \u00e0 trouver une autre ligne claire que celle de la place de la voiture en ville\u00a0\u00bb.<\/p>\n<p>Et de conclure sur l&rsquo;ancien pr\u00e9sident de l&rsquo;OL : \u00ab\u00a0C&rsquo;est le candidat d&rsquo;une cogestion fantasm\u00e9e du territoire avec les entreprises. (&#8230;) Il incarne au mieux une forme de pass\u00e9, mais dont on n&rsquo;a plus tr\u00e8s envie\u00a0\u00bb.<\/p>\n<p>Si Place Publique fait partie de l&rsquo;union de la gauche sans les insoumis, la question du second tour va forc\u00e9ment se poser. \u00ab\u00a0LFI, il n&rsquo;y a pas de candidat, il n&rsquo;y a pas de projet. Je ne sais pas parler d&rsquo;eux, ils font l&rsquo;impasse sur l&rsquo;\u00e9lection m\u00e9tropolitaine\u00a0\u00bb, analyse Fran\u00e7ois Journy, qui promet qu&rsquo;il \u00ab\u00a0fera tout pour \u00e9viter\u00a0\u00bb l&rsquo;alliance au second tour.<\/p>\n<p><strong><a href=\"https:\/\/www.lyonmag.com\/category\/50\/les-coulisses-du-grand-lyon\" target=\"_blank\" rel=\"noopener\">Les Coulisses du Grand Lyon<\/a>\u00a0sont \u00e0 retrouver tous les jours \u00e0 12h sur LyonMag.com et sur\u00a0<a href=\"https:\/\/www.youtube.com\/channel\/UCepdRYTQt5vKtrz-CuaFzpg\" target=\"_blank\" rel=\"noopener\">la cha\u00eene Youtube de LyonMag<\/a>.<\/strong><\/p>\n<p>00:00 Administration publique<br \/>03:40 D\u00e9veloppement \u00e9conomique<br \/>09:48 Alliance avec LFI ?<br \/>12:30 D\u00e9fections au sein de Place Publique<\/p>\n<p>            <a href=\"#\" class=\"back-page\" rel=\"back\">X<\/a><\/p>\n","protected":false},"excerpt":{"rendered":"Fran\u00e7ois Journy, chef de file de Place Publique aux \u00e9lections m\u00e9tropolitaines et coordinateur du projet pr\u00e9sent\u00e9 par Bruno&hellip;\n","protected":false},"author":2,"featured_media":663420,"comment_status":"","ping_status":"","sticky":false,"template":"","format":"standard","meta":{"footnotes":""},"categories":[1356],"tags":[1111,11,2813,2190,1109,251,1112,58,2811,59,118,1011,27,1922,1110,1114,2428,2810,241,316,2812,517,252,800,1364],"class_list":{"0":"post-663419","1":"post","2":"type-post","3":"status-publish","4":"format-standard","5":"has-post-thumbnail","7":"category-television","8":"tag-actu","9":"tag-actualites","10":"tag-article","11":"tag-asvel","12":"tag-breves","13":"tag-culture","14":"tag-depeches","15":"tag-divertissement","16":"tag-economique","17":"tag-entertainment","18":"tag-faits-divers","19":"tag-fr","20":"tag-france","21":"tag-info","22":"tag-informations","23":"tag-infos","24":"tag-lyon","25":"tag-lyonmag","26":"tag-ol","27":"tag-politique","28":"tag-sociale","29":"tag-sport","30":"tag-television","31":"tag-transports","32":"tag-tv"},"share_on_mastodon":{"url":"https:\/\/pubeurope.com\/@fr\/115894639851616260","error":""},"_links":{"self":[{"href":"https:\/\/www.europesays.com\/fr\/wp-json\/wp\/v2\/posts\/663419","targetHints":{"allow":["GET"]}}],"collection":[{"href":"https:\/\/www.europesays.com\/fr\/wp-json\/wp\/v2\/posts"}],"about":[{"href":"https:\/\/www.europesays.com\/fr\/wp-json\/wp\/v2\/types\/post"}],"author":[{"embeddable":true,"href":"https:\/\/www.europesays.com\/fr\/wp-json\/wp\/v2\/users\/2"}],"replies":[{"embeddable":true,"href":"https:\/\/www.europesays.com\/fr\/wp-json\/wp\/v2\/comments?post=663419"}],"version-history":[{"count":0,"href":"https:\/\/www.europesays.com\/fr\/wp-json\/wp\/v2\/posts\/663419\/revisions"}],"wp:featuredmedia":[{"embeddable":true,"href":"https:\/\/www.europesays.com\/fr\/wp-json\/wp\/v2\/media\/663420"}],"wp:attachment":[{"href":"https:\/\/www.europesays.com\/fr\/wp-json\/wp\/v2\/media?parent=663419"}],"wp:term":[{"taxonomy":"category","embeddable":true,"href":"https:\/\/www.europesays.com\/fr\/wp-json\/wp\/v2\/categories?post=663419"},{"taxonomy":"post_tag","embeddable":true,"href":"https:\/\/www.europesays.com\/fr\/wp-json\/wp\/v2\/tags?post=663419"}],"curies":[{"name":"wp","href":"https:\/\/api.w.org\/{rel}","templated":true}]}}